{"id":11688,"date":"2025-03-13T17:39:33","date_gmt":"2025-03-13T20:39:33","guid":{"rendered":"https:\/\/13.com.ar\/index.php\/que-pasara-con-el-futuro-de-leandro-paredes\/"},"modified":"2025-03-13T17:39:33","modified_gmt":"2025-03-13T20:39:33","slug":"que-pasara-con-el-futuro-de-leandro-paredes","status":"publish","type":"post","link":"https:\/\/13.com.ar\/index.php\/que-pasara-con-el-futuro-de-leandro-paredes\/","title":{"rendered":"\u00bfqu\u00e9 pasar\u00e1 con el futuro de Leandro Paredes?"},"content":{"rendered":"<p> <br \/>\n<br \/><img decoding=\"async\" src=\"https:\/\/13.com.ar\/wp-content\/uploads\/2025\/03\/\u00bfque-pasara-con-el-futuro-de-Leandro-Paredes.jpg\" \/><\/p>\n<div>\n<p><strong>Paulo Dybala <\/strong>y <strong>Leandro Paredes <\/strong>se convirtieron en puntales del entrenador <strong>Claudio Ranieri<\/strong> desde que desembarc\u00f3 en la Roma. Pero este jueves, la &#8216;Joya&#8217; dej\u00f3 inexplicablemente la cancha en un momento clave de la revancha ante <strong>Athletic Bilbao de Espa\u00f1a<\/strong>, que termin\u00f3 <strong>goleando 3-1 <\/strong>para remontar la serie (4-3 en el global) y quedarse con la clasificaci\u00f3n a los cuartos de final de la <strong>Europa League<\/strong>, el segundo escal\u00f3n de los torneos de la UEFA. El mediocampista central campe\u00f3n del mundo convirti\u00f3 de penal el tanto de la &#8216;Loba&#8217;, pero la eliminaci\u00f3n volvi\u00f3 a abrir un interrogante sobre su futuro, pese a que esta semana anunci\u00f3 la renovaci\u00f3n de su contrato hasta 2026.<\/p>\n<\/div>\n<div>\n<p>Dos goles de <strong>Nico Williams <\/strong>-el segundo con una gran definici\u00f3n dentro del \u00e1rea rival- y otro de <strong>Yuri Berchiche <\/strong>le dieron el boleto a los vascos, dirigidos por otro experimentado entrenador como Ernesto Valverde y que dieron vuelta el 2-1 que hab\u00edan sufrido la pasada anterior en el estadio Ol\u00edmpico de la capital italiana.<\/p>\n<\/div>\n<div>\n<p>Un gol del peque\u00f1o de los hermanos Williams adelant\u00f3 al conjunto bilba\u00edno en la \u00faltima jugada de la primera parte y en el 67 Yuri puso el 2-0 al cabecear la pelota a la salida de un c\u00f3rner. Nico cerr\u00f3 el pase con un broche de oro a su gran partido en el 82. <\/p>\n<\/div>\n<div>\n<p>Para el desarrollo del partido fue clave la temprana expulsi\u00f3n por roja directa del central alem\u00e1n <strong>Mats Hummels, <\/strong>que a los 11 minutos derrib\u00f3 a Maroan Sannadi siendo el \u00faltimo defensa del conjunto italiano.<\/p>\n<\/div>\n<div>\n<p>La salida de Dybala fue justo antes del segundo tanto del equipo espa\u00f1ol (a los 61 minutos) y cuando ya estaba en cancha el juvenil argentino <strong>Mat\u00edas Soul\u00e9<\/strong>. Paredes convirti\u00f3 con un remate fuerte al palo derecho del arquero del Bilbao, pero no le alcanz\u00f3 a la ilusi\u00f3n de la Roma.<\/p>\n<\/div>\n<p><br \/>\n<br \/><a href=\"https:\/\/www.clarin.com\/deportes\/ranieri-saco-dybala-roma-quedo-afuera-europa-league-pasara-futuro-leandro-paredes_0_AsbG6Upvvh.html\">Fuente Clarin.com <\/a><\/p>\n","protected":false},"excerpt":{"rendered":"<p>Paulo Dybala y Leandro Paredes se convirtieron en puntales del entrenador Claudio Ranieri desde que desembarc\u00f3 en la Roma. Pero este jueves, la &#8216;Joya&#8217; dej\u00f3 inexplicablemente la cancha en un momento clave de la revancha ante Athletic Bilbao de Espa\u00f1a, que termin\u00f3 goleando 3-1 para remontar la serie (4-3 en el global) y quedarse con [&hellip;]<\/p>\n","protected":false},"author":1,"featured_media":11689,"comment_status":"open","ping_status":"open","sticky":false,"template":"","format":"standard","meta":{"footnotes":""},"categories":[2],"tags":[18,2563,858,859,287,286],"class_list":["post-11688","post","type-post","status-publish","format-standard","has-post-thumbnail","hentry","category-ultimas-noticias","tag-con","tag-futuro","tag-leandro","tag-paredes","tag-pasara","tag-que"],"_links":{"self":[{"href":"https:\/\/13.com.ar\/index.php\/wp-json\/wp\/v2\/posts\/11688","targetHints":{"allow":["GET"]}}],"collection":[{"href":"https:\/\/13.com.ar\/index.php\/wp-json\/wp\/v2\/posts"}],"about":[{"href":"https:\/\/13.com.ar\/index.php\/wp-json\/wp\/v2\/types\/post"}],"author":[{"embeddable":true,"href":"https:\/\/13.com.ar\/index.php\/wp-json\/wp\/v2\/users\/1"}],"replies":[{"embeddable":true,"href":"https:\/\/13.com.ar\/index.php\/wp-json\/wp\/v2\/comments?post=11688"}],"version-history":[{"count":0,"href":"https:\/\/13.com.ar\/index.php\/wp-json\/wp\/v2\/posts\/11688\/revisions"}],"wp:featuredmedia":[{"embeddable":true,"href":"https:\/\/13.com.ar\/index.php\/wp-json\/wp\/v2\/media\/11689"}],"wp:attachment":[{"href":"https:\/\/13.com.ar\/index.php\/wp-json\/wp\/v2\/media?parent=11688"}],"wp:term":[{"taxonomy":"category","embeddable":true,"href":"https:\/\/13.com.ar\/index.php\/wp-json\/wp\/v2\/categories?post=11688"},{"taxonomy":"post_tag","embeddable":true,"href":"https:\/\/13.com.ar\/index.php\/wp-json\/wp\/v2\/tags?post=11688"}],"curies":[{"name":"wp","href":"https:\/\/api.w.org\/{rel}","templated":true}]}}