{"id":11686,"date":"2025-03-13T17:36:38","date_gmt":"2025-03-13T20:36:38","guid":{"rendered":"https:\/\/13.com.ar\/index.php\/sadaic-por-fin-fijo-su-posicion-sobre-el-cobro-de-derechos-de-autor-14-dias-despues-del-decreto-que-permite-acuerdos-particulares\/"},"modified":"2025-03-13T17:36:38","modified_gmt":"2025-03-13T20:36:38","slug":"sadaic-por-fin-fijo-su-posicion-sobre-el-cobro-de-derechos-de-autor-14-dias-despues-del-decreto-que-permite-acuerdos-particulares","status":"publish","type":"post","link":"https:\/\/13.com.ar\/index.php\/sadaic-por-fin-fijo-su-posicion-sobre-el-cobro-de-derechos-de-autor-14-dias-despues-del-decreto-que-permite-acuerdos-particulares\/","title":{"rendered":"SADAIC por fin fij\u00f3 su posici\u00f3n sobre el cobro de derechos de autor, 14 d\u00edas despu\u00e9s del Decreto que permite acuerdos particulares"},"content":{"rendered":"<p> <br \/>\n<br \/><img decoding=\"async\" src=\"https:\/\/13.com.ar\/wp-content\/uploads\/2025\/03\/SADAIC-por-fin-fijo-su-posicion-sobre-el-cobro-de.jpg\" \/><\/p>\n<div>\n<p>El Gobierno, por decreto, redefini\u00f3 el 27 de febrero de este a\u00f1o el rol de la<strong> Sociedad Argentina de Autores y Compositores de M\u00fasica (SADAIC)<\/strong>, la entidad encargada de gestionar los derechos econ\u00f3micos derivados de la utilizaci\u00f3n de obras musicales y literarias musicalizadas.<\/p>\n<\/div>\n<div>\n<p>\u201cLa citada sociedad no podr\u00e1 intervenir sin autorizaci\u00f3n del autor y\/o compositor en la celebraci\u00f3n de acuerdos particulares entre los autores y\/o compositores argentinos y extranjeros y las personas humanas o jur\u00eddicas que quieran explotar su producci\u00f3n, y podr\u00e1 cobrar \u00fanicamente por los usos que hayan sido objeto de acuerdos en los que haya participado\u201d, dice el <strong>decreto publicado en el Bolet\u00edn Oficial<\/strong>.<\/p>\n<\/div>\n<div>\n<p>Pero, \u00bfqu\u00e9 dice, de qu\u00e9 habla este decreto? B\u00e1sicamente de que la gesti\u00f3n, el cobro y la administraci\u00f3n de los derechos de autores, compositores e int\u00e9rpretes ya no depender\u00e1n pura y exclusivamente de los organismos que estaban facultados hasta hoy para esas tareas (SADAIC y AADI-Capif en m\u00fasica, Argentores en cine, teatro, radio y televisi\u00f3n, entre otros).<\/p>\n<\/div>\n<div>\n<p>A partir de ahora y debido al<strong> 138\/2025<\/strong> (que tuvo su complemento al d\u00eda siguiente con el <strong>decreto 143<\/strong>) los artistas, autores y compositores podr\u00e1n administrar el pago de sus derechos a trav\u00e9s de nuevas y diferentes sociedades de gesti\u00f3n, e incluso podr\u00e1n hacerlo de manera individual negociando personalmente.<\/p>\n<\/div>\n<div>\n<p>Ahora, <strong>la entidad hizo un descargo<\/strong> a trav\u00e9s de un comunicado para recordar su accionar: &#8220;SADAIC somos nosotros, los autores y compositores argentinos. Somos una Sociedad Privada, Civil, Cultural, Mutualista sin fines de lucro,<strong> fundada en el a\u00f1o 1936<\/strong> antes que exista la ley&#8221;.<\/p>\n<\/div>\n<div>\n<p>Otro p\u00e1rrafo del comunicado deja en claro que la sociedad &#8220;est\u00e1 <strong>muy activa <\/strong>y seguir\u00e1 gestionando los derechos de los autores y compositores como marca la ley&#8221;, dando a entender que de ninguna manera desaparecer\u00e1.<\/p>\n<\/div>\n<div>\n<p>Al entidad deja en claro su interpretaci\u00f3n que <strong>los decretos 150 y 138\/2025 <\/strong>disponen modificaciones que son &#8220;claramente perjudiciales para los creadores y no entendemos la necesidad de cambiar lo que funciona bien&#8221;.<\/p>\n<\/div>\n<div>\n<p>Para la organizaci\u00f3n que se encarga de gestionar los derechos de autor de los compositores y autores argentinos y extranjeros, &#8220;Nuestra sociedad est\u00e1 a la vanguardia de los formatos digitales con una administraci\u00f3n que representa a 131 sociedades extranjeras y contratos de recaudaci\u00f3n y distribuci\u00f3n con las grandes plataformas de m\u00fasica y Editoriales del mundo-Spotify, Facebook, Netflix, TikTok, Instagram, Universal, Sony, Warner, Kobalt, entre otras&#8221;.<\/p>\n<\/div>\n<div>\n<p>Sobre el final del comunicado, el texto es tajante: &#8220;No somos y nunca fuimos una oficina de gobierno. <strong>Nunca hemos solicitado subsidios del Estado<\/strong>. Todo lo hacemos con nuestro propio esfuerzo. Los Autores y Compositores pagamos impuestos. Nuestros balances siempre fueron p\u00fablicos y transparentes como indica la ley&#8221;.<\/p>\n<\/div>\n<div>\n<p>Adem\u00e1s, destacaron que SADAIC seguir\u00e1 protegiendo &#8220;la salud de m\u00e1s de siete mil personas a trav\u00e9s de su mutual&#8221;.<\/p>\n<\/div>\n<p><br \/>\n<br \/><a href=\"https:\/\/www.clarin.com\/espectaculos\/sadaic-fin-fijo-posicion-cobro-derechos-autor-14-dias-despues-decreto-permite-acuerdos-particulares_0_R6Fgd1UdaC.html\">Fuente Clarin.com <\/a><\/p>\n","protected":false},"excerpt":{"rendered":"<p>El Gobierno, por decreto, redefini\u00f3 el 27 de febrero de este a\u00f1o el rol de la Sociedad Argentina de Autores y Compositores de M\u00fasica (SADAIC), la entidad encargada de gestionar los derechos econ\u00f3micos derivados de la utilizaci\u00f3n de obras musicales y literarias musicalizadas. \u201cLa citada sociedad no podr\u00e1 intervenir sin autorizaci\u00f3n del autor y\/o compositor [&hellip;]<\/p>\n","protected":false},"author":1,"featured_media":11687,"comment_status":"open","ping_status":"open","sticky":false,"template":"","format":"standard","meta":{"footnotes":""},"categories":[2],"tags":[8560,1534,1554,656,100,3097,1514,500,7081,981,11394,5864,142,8865,9730,732],"class_list":["post-11686","post","type-post","status-publish","format-standard","has-post-thumbnail","hentry","category-ultimas-noticias","tag-acuerdos","tag-autor","tag-cobro","tag-decreto","tag-del","tag-derechos","tag-despues","tag-dias","tag-fijo","tag-fin","tag-particulares","tag-permite","tag-por","tag-posicion","tag-sadaic","tag-sobre"],"_links":{"self":[{"href":"https:\/\/13.com.ar\/index.php\/wp-json\/wp\/v2\/posts\/11686","targetHints":{"allow":["GET"]}}],"collection":[{"href":"https:\/\/13.com.ar\/index.php\/wp-json\/wp\/v2\/posts"}],"about":[{"href":"https:\/\/13.com.ar\/index.php\/wp-json\/wp\/v2\/types\/post"}],"author":[{"embeddable":true,"href":"https:\/\/13.com.ar\/index.php\/wp-json\/wp\/v2\/users\/1"}],"replies":[{"embeddable":true,"href":"https:\/\/13.com.ar\/index.php\/wp-json\/wp\/v2\/comments?post=11686"}],"version-history":[{"count":0,"href":"https:\/\/13.com.ar\/index.php\/wp-json\/wp\/v2\/posts\/11686\/revisions"}],"wp:featuredmedia":[{"embeddable":true,"href":"https:\/\/13.com.ar\/index.php\/wp-json\/wp\/v2\/media\/11687"}],"wp:attachment":[{"href":"https:\/\/13.com.ar\/index.php\/wp-json\/wp\/v2\/media?parent=11686"}],"wp:term":[{"taxonomy":"category","embeddable":true,"href":"https:\/\/13.com.ar\/index.php\/wp-json\/wp\/v2\/categories?post=11686"},{"taxonomy":"post_tag","embeddable":true,"href":"https:\/\/13.com.ar\/index.php\/wp-json\/wp\/v2\/tags?post=11686"}],"curies":[{"name":"wp","href":"https:\/\/api.w.org\/{rel}","templated":true}]}}