{"id":11680,"date":"2025-03-13T17:21:32","date_gmt":"2025-03-13T20:21:32","guid":{"rendered":"https:\/\/13.com.ar\/index.php\/patricia-bullrich-respaldo-el-accionar-de-la-policia-en-la-marcha-y-hablo-sobre-la-jubilada-y-el-fotografo-heridos\/"},"modified":"2025-03-13T17:21:32","modified_gmt":"2025-03-13T20:21:32","slug":"patricia-bullrich-respaldo-el-accionar-de-la-policia-en-la-marcha-y-hablo-sobre-la-jubilada-y-el-fotografo-heridos","status":"publish","type":"post","link":"https:\/\/13.com.ar\/index.php\/patricia-bullrich-respaldo-el-accionar-de-la-policia-en-la-marcha-y-hablo-sobre-la-jubilada-y-el-fotografo-heridos\/","title":{"rendered":"Patricia Bullrich respald\u00f3 el accionar de la Polic\u00eda en la marcha y habl\u00f3 sobre la jubilada y el fot\u00f3grafo heridos"},"content":{"rendered":"<p> <br \/>\n<br \/><img decoding=\"async\" src=\"https:\/\/13.com.ar\/wp-content\/uploads\/2025\/03\/Patricia-Bullrich-respaldo-el-accionar-de-la-Policia-en-la.jpg\" \/><\/p>\n<div>\n<p>Luego que se difundiesen im\u00e1genes de la marcha del mi\u00e9rcoles en las que se pudo ver la impactante ca\u00edda de una mujer de 87 a\u00f1os en la vereda del Congreso tras el empuj\u00f3n de un polic\u00eda y el momento en el que el fot\u00f3grafo Pablo Grillo fue herido por <strong>\ufeff<\/strong>una munici\u00f3n de gas lacrim\u00f3geno, la ministra de Seguridad, <strong>Patricia Bullrich<\/strong>, brind\u00f3 una conferencia de prensa en la que <strong>respald\u00f3 el accionar de las fuerzas policiales<\/strong> durante el operativo para controlar los incidentes que protagonizaron grupos de barrabravas y otros manifestantes.<\/p>\n<\/div>\n<div>\n<p>Respecto del caso de la mujer que cay\u00f3 al piso, la ministra indic\u00f3 que &#8220;la se\u00f1ora golpe\u00f3 en reiteradas oportunidades con un palo a un polic\u00eda, le dio 5 o 6 golpes&#8221; desde atr\u00e1s, mientras el uniformado estaba en una formaci\u00f3n mirando hacia avenida Rivadavia. &#8220;<strong>El polic\u00eda se da vuelta para intentar sacarse de encima a la persona que lo estaba golpeando<\/strong>, y cuando se da vuelta era una persona mayor que cae al piso&#8221;, agreg\u00f3 Bullrich.<\/p>\n<\/div>\n<div>\n<p>En ese caso, la ministra sostuvo que <strong>&#8220;el ataque lo hizo la se\u00f1ora, con lo cual, ese polic\u00eda lo que hace es defenderse<\/strong> de un ataque&#8221;.<\/p>\n<\/div>\n<div>\n<p>Por otro lado, Bullrich evit\u00f3 mencionar directamente a Pablo Grillo, el fot\u00f3grafo independiente que result\u00f3 herido de gravedad tras recibir el impacto en la cabeza de una c\u00e1psula de gas lacrim\u00f3geno. Sin embargo, se refiri\u00f3 al uso de las armas que disparan este tipo de munici\u00f3n y <strong>justific\u00f3 el uso de &#8220;las pistolas lanza gases, cuando existe un ataque tan fuerte con personas armadas<\/strong>, porque hay un polic\u00eda de la ciudad herido de bala, es decir, que no solamente las dos armas que secuestramos, sino muchas armas m\u00e1s estaban en la plaza&#8221;.<\/p>\n<\/div>\n<div>\n<p>&#8220;Cuando la realidad es esta,<strong> las fuerzas de seguridad tienen que utilizar para proteger a toda la poblaci\u00f3n<\/strong>, proteger la democracia, proteger a nuestro pa\u00eds, proteger el orden p\u00fablico, tienen que utilizar los elementos que la ciudadan\u00eda y el Estado les da para utilizar&#8221;, a\u00f1adi\u00f3 y resalt\u00f3 que &#8220;el lanza gases es<strong> un arma no letal que genera condiciones de dispersi\u00f3n<\/strong> en las personas&#8221;.<\/p>\n<\/div>\n<div>\n<p>Adem\u00e1s, Bullrich especific\u00f3: &#8220;Nosotros creemos que en el operativo no hay un hecho individual de un polic\u00eda, sino que<strong> las fuerzas de seguridad act\u00faan de acuerdo al nivel de resistencia y de ataque que tienen&#8221;<\/strong>. <\/p>\n<\/div>\n<div>\n<p><strong>&#8220;Aquellos que van armados a una marcha tienen que saber que el Estado Argentino no es un estado bobo que se va a quedar esperando<\/strong> a que entren al Congreso, a que destruyan todo, no se va a quedar as\u00ed&#8221;, sentenci\u00f3.<\/p>\n<\/div>\n<div>\n<p>La ministra asegur\u00f3, adem\u00e1s, que desde su Ministerio realizar\u00e1n una denuncia penal &#8220;contra todos los violentos que actuaron el d\u00eda de ayer&#8221;.<\/p>\n<\/div>\n<p><br \/>\n<br \/><a href=\"https:\/\/www.clarin.com\/politica\/patricia-bullrich-respaldo-accionar-policia-marcha-hablo-jubilada-fotografo-heridos_0_eNqvieUNi1.html\">Fuente Clarin.com <\/a><\/p>\n","protected":false},"excerpt":{"rendered":"<p>Luego que se difundiesen im\u00e1genes de la marcha del mi\u00e9rcoles en las que se pudo ver la impactante ca\u00edda de una mujer de 87 a\u00f1os en la vereda del Congreso tras el empuj\u00f3n de un polic\u00eda y el momento en el que el fot\u00f3grafo Pablo Grillo fue herido por \ufeffuna munici\u00f3n de gas lacrim\u00f3geno, la [&hellip;]<\/p>\n","protected":false},"author":1,"featured_media":11681,"comment_status":"open","ping_status":"open","sticky":false,"template":"","format":"standard","meta":{"footnotes":""},"categories":[2],"tags":[6918,584,5968,347,568,1147,1126,583,1726,6714,732],"class_list":["post-11680","post","type-post","status-publish","format-standard","has-post-thumbnail","hentry","category-ultimas-noticias","tag-accionar","tag-bullrich","tag-fotografo","tag-hablo","tag-heridos","tag-jubilada","tag-marcha","tag-patricia","tag-policia","tag-respaldo","tag-sobre"],"_links":{"self":[{"href":"https:\/\/13.com.ar\/index.php\/wp-json\/wp\/v2\/posts\/11680","targetHints":{"allow":["GET"]}}],"collection":[{"href":"https:\/\/13.com.ar\/index.php\/wp-json\/wp\/v2\/posts"}],"about":[{"href":"https:\/\/13.com.ar\/index.php\/wp-json\/wp\/v2\/types\/post"}],"author":[{"embeddable":true,"href":"https:\/\/13.com.ar\/index.php\/wp-json\/wp\/v2\/users\/1"}],"replies":[{"embeddable":true,"href":"https:\/\/13.com.ar\/index.php\/wp-json\/wp\/v2\/comments?post=11680"}],"version-history":[{"count":0,"href":"https:\/\/13.com.ar\/index.php\/wp-json\/wp\/v2\/posts\/11680\/revisions"}],"wp:featuredmedia":[{"embeddable":true,"href":"https:\/\/13.com.ar\/index.php\/wp-json\/wp\/v2\/media\/11681"}],"wp:attachment":[{"href":"https:\/\/13.com.ar\/index.php\/wp-json\/wp\/v2\/media?parent=11680"}],"wp:term":[{"taxonomy":"category","embeddable":true,"href":"https:\/\/13.com.ar\/index.php\/wp-json\/wp\/v2\/categories?post=11680"},{"taxonomy":"post_tag","embeddable":true,"href":"https:\/\/13.com.ar\/index.php\/wp-json\/wp\/v2\/tags?post=11680"}],"curies":[{"name":"wp","href":"https:\/\/api.w.org\/{rel}","templated":true}]}}