{"id":11678,"date":"2025-03-13T17:09:40","date_gmt":"2025-03-13T20:09:40","guid":{"rendered":"https:\/\/13.com.ar\/index.php\/asi-se-ve-la-actriz-que-enamoro-por-su-protagonico-en-carita-de-angel\/"},"modified":"2025-03-13T17:09:40","modified_gmt":"2025-03-13T20:09:40","slug":"asi-se-ve-la-actriz-que-enamoro-por-su-protagonico-en-carita-de-angel","status":"publish","type":"post","link":"https:\/\/13.com.ar\/index.php\/asi-se-ve-la-actriz-que-enamoro-por-su-protagonico-en-carita-de-angel\/","title":{"rendered":"as\u00ed se ve la actriz que enamor\u00f3 por su protag\u00f3nico en &#8220;Carita de \u00c1ngel&#8221;"},"content":{"rendered":"<p> <br \/>\n<br \/><img decoding=\"async\" src=\"https:\/\/13.com.ar\/wp-content\/uploads\/2025\/03\/asi-se-ve-la-actriz-que-enamoro-por-su-protagonico.jpg\" \/><\/p>\n<div>\n<p>En el a\u00f1o 2000, la <strong>televisi\u00f3n mexicana<\/strong> estren\u00f3 una de las telenovelas m\u00e1s ic\u00f3nicas de la \u00e9poca: &#8220;<strong>Carita de \u00c1ngel<\/strong>&#8220;. La historia de la peque\u00f1a <strong>Dulce Mar\u00eda<\/strong> conmov\u00eda a los televidentes, consolid\u00e1ndose como un cl\u00e1sico de la pantalla chica en Latinoam\u00e9rica. Junto a un elenco de renombre, <strong>Daniela Aedo conquist\u00f3 a la audiencia<\/strong> con su carisma y talento, marcando un antes y un despu\u00e9s en su carrera.<\/p>\n<\/div>\n<div>\n<p>Hoy, a 24 a\u00f1os de aquel estreno, la <strong>vida de Daniela Aedo<\/strong> tom\u00f3 un rumbo diferente. La <strong>actriz dej\u00f3 de lado los sets de televisi\u00f3n<\/strong> para dedicarse a su verdadera pasi\u00f3n: la m\u00fasica. Con estudios en la prestigiosa Berklee College of Music, la <strong>ex estrella infantil<\/strong> busca abrirse camino en la industria musical y utiliza plataformas digitales para compartir su arte.<\/p>\n<\/div>\n<div>\n<p><strong>Daniela Aedo tiene actualmente 29 a\u00f1os<\/strong> y, tras su exitoso paso por la televisi\u00f3n, <strong>opt\u00f3 por desarrollar su faceta como cantautora<\/strong>.<strong> <\/strong>Luego de su participaci\u00f3n en telenovelas como &#8220;\u00a1Vivan los Ni\u00f1os!&#8221;, &#8220;Contra Viento y Marea&#8221; y &#8220;Mi Pecado&#8221;, decidi\u00f3 alejarse del mundo de la actuaci\u00f3n para enfocarse en su formaci\u00f3n musical.<\/p>\n<\/div>\n<div>\n<p>Aprendi\u00f3 a tocar la guitarra, a<strong> componer canciones <\/strong>y comenz\u00f3 a realizar <strong>presentaciones en vivo en diversas ciudades de Latinoam\u00e9rica<\/strong>, incluyendo Buenos Aires y Ciudad de M\u00e9xico.<\/p>\n<\/div>\n<div>\n<p>En su canal de YouTube, la <strong>ex protagonista de Carita de \u00c1ngel <\/strong>comparte covers, canciones originales y reflexiones sobre crecimiento personal. Adem\u00e1s, recomienda lecturas que influyeron en su vida y carrera.<\/p>\n<\/div>\n<div>\n<p>Emitida en 2000, <strong>&#8220;Carita de \u00c1ngel&#8221; fue una de las telenovelas infantiles m\u00e1s vistas en Latinoam\u00e9rica<\/strong>. La historia de la encantadora Dulce Mar\u00eda conquist\u00f3 a chicos y adultos por igual, gracias a su mezcla de ternura, humor y drama.<\/p>\n<\/div>\n<div>\n<p>A lo largo de los a\u00f1os, la serie se mantuvo en el recuerdo de los televidentes, y la imagen de la <strong>peque\u00f1a Daniela Aedo <\/strong>sigue siendo entra\u00f1able para quienes crecieron viendo la telenovela. Aunque su camino profesional cambi\u00f3 de rumbo, la cantante brilla en las plataformas digitales, donde mantiene el contacto con sus seguidores.<\/p>\n<\/div>\n<p><br \/>\n<br \/><a href=\"https:\/\/www.clarin.com\/informacion-general\/vida-actual-daniela-aedo-ve-actriz-enamoro-protagonico-carita-angel_0_ciFbwoiHhk.html\">Fuente Clarin.com <\/a><\/p>\n","protected":false},"excerpt":{"rendered":"<p>En el a\u00f1o 2000, la televisi\u00f3n mexicana estren\u00f3 una de las telenovelas m\u00e1s ic\u00f3nicas de la \u00e9poca: &#8220;Carita de \u00c1ngel&#8220;. La historia de la peque\u00f1a Dulce Mar\u00eda conmov\u00eda a los televidentes, consolid\u00e1ndose como un cl\u00e1sico de la pantalla chica en Latinoam\u00e9rica. Junto a un elenco de renombre, Daniela Aedo conquist\u00f3 a la audiencia con su [&hellip;]<\/p>\n","protected":false},"author":1,"featured_media":11679,"comment_status":"open","ping_status":"open","sticky":false,"template":"","format":"standard","meta":{"footnotes":""},"categories":[2],"tags":[2052,460,789,11651,376,142,11037],"class_list":["post-11678","post","type-post","status-publish","format-standard","has-post-thumbnail","hentry","category-ultimas-noticias","tag-actriz","tag-angel","tag-asi","tag-carita","tag-enamoro","tag-por","tag-protagonico"],"_links":{"self":[{"href":"https:\/\/13.com.ar\/index.php\/wp-json\/wp\/v2\/posts\/11678","targetHints":{"allow":["GET"]}}],"collection":[{"href":"https:\/\/13.com.ar\/index.php\/wp-json\/wp\/v2\/posts"}],"about":[{"href":"https:\/\/13.com.ar\/index.php\/wp-json\/wp\/v2\/types\/post"}],"author":[{"embeddable":true,"href":"https:\/\/13.com.ar\/index.php\/wp-json\/wp\/v2\/users\/1"}],"replies":[{"embeddable":true,"href":"https:\/\/13.com.ar\/index.php\/wp-json\/wp\/v2\/comments?post=11678"}],"version-history":[{"count":0,"href":"https:\/\/13.com.ar\/index.php\/wp-json\/wp\/v2\/posts\/11678\/revisions"}],"wp:featuredmedia":[{"embeddable":true,"href":"https:\/\/13.com.ar\/index.php\/wp-json\/wp\/v2\/media\/11679"}],"wp:attachment":[{"href":"https:\/\/13.com.ar\/index.php\/wp-json\/wp\/v2\/media?parent=11678"}],"wp:term":[{"taxonomy":"category","embeddable":true,"href":"https:\/\/13.com.ar\/index.php\/wp-json\/wp\/v2\/categories?post=11678"},{"taxonomy":"post_tag","embeddable":true,"href":"https:\/\/13.com.ar\/index.php\/wp-json\/wp\/v2\/tags?post=11678"}],"curies":[{"name":"wp","href":"https:\/\/api.w.org\/{rel}","templated":true}]}}