{"id":11676,"date":"2025-03-13T17:06:52","date_gmt":"2025-03-13T20:06:52","guid":{"rendered":"https:\/\/13.com.ar\/index.php\/cuando-se-conocera-el-dato-de-inflacion-de-febrero-de-2025-y-que-preven-los-analistas-tras-la-fuerte-suba-de-la-carne\/"},"modified":"2025-03-13T17:06:52","modified_gmt":"2025-03-13T20:06:52","slug":"cuando-se-conocera-el-dato-de-inflacion-de-febrero-de-2025-y-que-preven-los-analistas-tras-la-fuerte-suba-de-la-carne","status":"publish","type":"post","link":"https:\/\/13.com.ar\/index.php\/cuando-se-conocera-el-dato-de-inflacion-de-febrero-de-2025-y-que-preven-los-analistas-tras-la-fuerte-suba-de-la-carne\/","title":{"rendered":"Cu\u00e1ndo se conocer\u00e1 el dato de Inflaci\u00f3n de febrero de 2025 y qu\u00e9 prev\u00e9n los analistas tras la fuerte suba de la carne"},"content":{"rendered":"<p> <br \/>\n<br \/><img decoding=\"async\" src=\"https:\/\/13.com.ar\/wp-content\/uploads\/2025\/03\/Cuando-se-conocera-el-dato-de-Inflacion-de-febrero-de.jpg\" \/><\/p>\n<div id=\"cuerpo\">\n<div class=\"sc-80531b6b-0 chRIGJ container-text text-embed\">\n<p>Esta semana, m\u00e1s precisamente el pr\u00f3ximo <strong>viernes 14 de marzo<\/strong>, el <strong>Instituto Nacional de Estad\u00edstica y Censos (INDEC)<\/strong> <strong>dar\u00e1 a conocer el \u00cdndice de Precios al Consumidor (IPC) de febrero<\/strong>, que volver\u00eda a ubicarse<strong> por encima del 2%<\/strong>, marcado por <strong>una mayor presi\u00f3n de los precios de los alimentos <\/strong>y <strong>especialmente de la carne.<\/strong><\/p>\n<\/div>\n<div class=\"sc-80531b6b-0 chRIGJ container-text text-embed\">\n<p><strong>El viernes 14 de marzo alrededor de las 16<\/strong> (como es habitual), el Indec revelar\u00e1 entonces el dato del segundo mes del a\u00f1o. que al parecer <strong>se resiste a quebrar la barrera del 2%.<\/strong><\/p>\n<\/div>\n<div class=\"sc-80531b6b-0 chRIGJ container-text text-embed\">\n<p>Tras haber registrado en enero el nivel m\u00e1s bajo en casi cinco a\u00f1os, con <strong>una suba del 2,2% interanual,<\/strong> y retomar el sendero de desaceleraci\u00f3n tras la suba de diciembre, <strong>los analistas estiman que el \u00edndice inflacionario en febrero <\/strong>podr\u00eda ubicarse por encima del mes anterior.<\/p>\n<\/div>\n<div class=\"sc-80531b6b-0 chRIGJ container-text text-embed\">\n<p>El Relevamiento de Expectativas de Mercado (REM), que elabora el Banco Central en base a las estimaciones privadas, previ\u00f3 en su \u00faltimo informe de febrero <strong>que la inflaci\u00f3n del segundo mes del 2025 rondar\u00eda el 2,1%.<\/strong> El dato estimaba una leve baja pero la entidad a\u00fan no public\u00f3 el promedio final tras la finalizaci\u00f3n del mes.<\/p>\n<\/div>\n<div class=\"sc-80531b6b-0 chRIGJ container-text text-embed\">\n<p>El reporte de <strong>Equilibra,<\/strong> en cambio, sube la vara con una <strong>estimaci\u00f3n mensual de 2,5%<\/strong>, lo que implica una suba de 0,3 puntos porcentuales respecto a enero, registrando los principales aumentos en los rubros <strong>vivienda, agua, electricidad<\/strong> y otros <strong>combustibles <\/strong>(4,3%),<strong> restaurantes y hoteles<\/strong> (4,2%) y<strong> bebidas alcoh\u00f3licas y tabaco<\/strong> (3,2%). La variaci\u00f3n interanual fue estimada en 67%.<\/p>\n<\/div>\n<div class=\"sc-80531b6b-0 chRIGJ container-text text-embed\">\n<p><strong>EcoGo Consultores<\/strong>, por su parte, estim\u00f3 que <strong>la inflaci\u00f3n del mes pasado se ubicar\u00e1 en 2,7%<\/strong>, con una variaci\u00f3n promedio en alimentos y bebidas que trep\u00f3 al 3,8%, 1,7 puntos porcentuales por encima de lo registrado el mes anterior.<\/p>\n<\/div>\n<div class=\"sc-80531b6b-0 chRIGJ container-text text-embed\">\n<p>Al respecto, precisaron que <strong>\u201clas subas en el precio de la carne marcaron la t\u00f3nica del mes,<\/strong> llevando a registrar una marcada aceleraci\u00f3n de los precios\u201d. Los <strong>valores de la carne se dispararon un 7,8%<\/strong> en su medici\u00f3n. \u200b<\/p>\n<\/div>\n<div class=\"sc-80531b6b-0 chRIGJ container-text text-embed\">\n<p>La <strong>Fundaci\u00f3n Libertad y Progreso<\/strong> estim\u00f3 que la inflaci\u00f3n cerr\u00f3 <strong>en 2,3%<\/strong>, apenas 0,1 puntos porcentuales por encima del dato oficial de enero. De esta manera, en el primer bimestre del a\u00f1o, la inflaci\u00f3n acumulada es del 4,6%, sustancialmente inferior al 36,6% acumulado en el primer bimestre del 2024.<\/p>\n<\/div>\n<div class=\"sc-80531b6b-0 chRIGJ container-text text-embed\">\n<p>En cuanto a la variaci\u00f3n interanual, el reporte reflej\u00f3 que alcanz\u00f3 el 66,7%, marcando la d\u00e9cima desaceleraci\u00f3n consecutiva y la segunda por debajo del 100%, tras haber quebrado esa barrera en enero pasado cuando se ubic\u00f3 en 84,5%.<\/p>\n<\/div>\n<div class=\"sc-80531b6b-0 chRIGJ container-text text-embed\">\n<p>Desde <strong>Libertad y Progreso<\/strong> explicaron que \u201cdurante la primera mitad del mes,<strong> el IPC registr\u00f3 incrementos por debajo de enero, <\/strong>lo que conduc\u00eda a pensar en una desaceleraci\u00f3n de la inflaci\u00f3n\u201d pero expusieron que \u201cen la segunda parte de febrero, se registraron incrementos por encima de lo previsto\u201d.<\/p>\n<\/div>\n<div class=\"sc-e56c8caf-0 gJqTMV\">\n<p class=\"DespieceTitle\">Los pron\u00f3sticos de inflaci\u00f3n de febrero 2025<\/p>\n<div>\n<ul>\n<li>Fundaci\u00f3n Libertad y Progreso: 2,3<\/li>\n<\/ul>\n<ul>\n<li>Labour Capital &amp; Growth (LCG): 2,5%<\/li>\n<\/ul>\n<\/div>\n<\/div>\n<div class=\"sc-80531b6b-0 chRIGJ container-text text-embed\">\n<p>En ese aspecto, coincidieron con el relevamiento de Eco Go adjudicando <strong>al rubro alimentaci\u00f3n y en particular a la carne <\/strong>la <strong>mayor incidencia<\/strong> de la aceleraci\u00f3n al indicar que \u201cbuena parte de esto se explica por los aumentos en Alimentos y Bebidas No Alcoh\u00f3licas, particularmente en la carne, cuyo incremento fue superior al 7%\u201d.<\/p>\n<\/div>\n<div class=\"sc-80531b6b-0 chRIGJ container-text text-embed\">\n<p>En este sentido, el reporte de los precios en los barrios populares de la Ciudad de Buenos Aires que elabora el Instituto de Investigaci\u00f3n Social, Econ\u00f3mica y Pol\u00edtica Ciudadana (ISEPCi) arroj\u00f3 que <strong>en febrero los alimentos escalaron un 5,12%.<\/strong><\/p>\n<\/div>\n<div class=\"sc-e56c8caf-0 gJqTMV\">\n<p class=\"DespieceTitle\">Inflaci\u00f3n, mes por mes en la era Javier Milei<\/p>\n<\/div>\n<\/div>\n<p><br \/>\n<br \/><a href=\"https:\/\/www.clarin.com\/economia\/conocera-dato-inflacion-febrero-2025-preven-analistas-fuerte-suba-carne_0_AVBV4r6sxL.html\">Fuente Clarin.com <\/a><\/p>\n","protected":false},"excerpt":{"rendered":"<p>Esta semana, m\u00e1s precisamente el pr\u00f3ximo viernes 14 de marzo, el Instituto Nacional de Estad\u00edstica y Censos (INDEC) dar\u00e1 a conocer el \u00cdndice de Precios al Consumidor (IPC) de febrero, que volver\u00eda a ubicarse por encima del 2%, marcado por una mayor presi\u00f3n de los precios de los alimentos y especialmente de la carne. El [&hellip;]<\/p>\n","protected":false},"author":1,"featured_media":11677,"comment_status":"open","ping_status":"open","sticky":false,"template":"","format":"standard","meta":{"footnotes":""},"categories":[2],"tags":[7719,1882,11650,677,2255,1823,624,1544,28,10781,286,778,312],"class_list":["post-11676","post","type-post","status-publish","format-standard","has-post-thumbnail","hentry","category-ultimas-noticias","tag-analistas","tag-carne","tag-conocera","tag-cuando","tag-dato","tag-febrero","tag-fuerte","tag-inflacion","tag-los","tag-preven","tag-que","tag-suba","tag-tras"],"_links":{"self":[{"href":"https:\/\/13.com.ar\/index.php\/wp-json\/wp\/v2\/posts\/11676","targetHints":{"allow":["GET"]}}],"collection":[{"href":"https:\/\/13.com.ar\/index.php\/wp-json\/wp\/v2\/posts"}],"about":[{"href":"https:\/\/13.com.ar\/index.php\/wp-json\/wp\/v2\/types\/post"}],"author":[{"embeddable":true,"href":"https:\/\/13.com.ar\/index.php\/wp-json\/wp\/v2\/users\/1"}],"replies":[{"embeddable":true,"href":"https:\/\/13.com.ar\/index.php\/wp-json\/wp\/v2\/comments?post=11676"}],"version-history":[{"count":0,"href":"https:\/\/13.com.ar\/index.php\/wp-json\/wp\/v2\/posts\/11676\/revisions"}],"wp:featuredmedia":[{"embeddable":true,"href":"https:\/\/13.com.ar\/index.php\/wp-json\/wp\/v2\/media\/11677"}],"wp:attachment":[{"href":"https:\/\/13.com.ar\/index.php\/wp-json\/wp\/v2\/media?parent=11676"}],"wp:term":[{"taxonomy":"category","embeddable":true,"href":"https:\/\/13.com.ar\/index.php\/wp-json\/wp\/v2\/categories?post=11676"},{"taxonomy":"post_tag","embeddable":true,"href":"https:\/\/13.com.ar\/index.php\/wp-json\/wp\/v2\/tags?post=11676"}],"curies":[{"name":"wp","href":"https:\/\/api.w.org\/{rel}","templated":true}]}}