{"id":11674,"date":"2025-03-13T17:03:30","date_gmt":"2025-03-13T20:03:30","guid":{"rendered":"https:\/\/13.com.ar\/index.php\/se-lanzo-el-xxxiii-congreso-de-aapresid-para-construir-un-agro-que-aprende-se-adapta-y-se-reinventa\/"},"modified":"2025-03-13T17:03:30","modified_gmt":"2025-03-13T20:03:30","slug":"se-lanzo-el-xxxiii-congreso-de-aapresid-para-construir-un-agro-que-aprende-se-adapta-y-se-reinventa","status":"publish","type":"post","link":"https:\/\/13.com.ar\/index.php\/se-lanzo-el-xxxiii-congreso-de-aapresid-para-construir-un-agro-que-aprende-se-adapta-y-se-reinventa\/","title":{"rendered":"se lanz\u00f3 el XXXIII Congreso de Aapresid para construir un agro que aprende, se adapta y se reinventa"},"content":{"rendered":"<p> <br \/>\n<br \/><img decoding=\"async\" src=\"https:\/\/13.com.ar\/wp-content\/uploads\/2025\/03\/se-lanzo-el-XXXIII-Congreso-de-Aapresid-para-construir-un.jpg\" \/><\/p>\n<div id=\"cuerpo\">\n<div class=\"sc-80531b6b-0 chRIGJ container-text text-embed\">\n<p>Este jueves en Expoagro 2025 edici\u00f3n YPF Agro, continuando la zaga de novedades que se ofrecen a diario, la Asociaci\u00f3n Argentina de Productores en Siembra Directa (Aapresid) concret\u00f3 el lanzamiento oficial su XXXIII Congreso anual, acontecimiento clave para toda la cadena productiva y las nuevas tecnolog\u00edas del agro. Ser\u00e1 del 6 al 8 de agosto, con la fuerza de Expoagro, en La Rural, Predio Ferial de Buenos Aires.<\/p>\n<\/div>\n<div class=\"sc-80531b6b-0 chRIGJ container-text text-embed\">\n<p>En el Anfiteatro SPS luci\u00f3 colmado de productores, autoridades, referentes de empresas e instituciones, autoridades de Exponenciar, que acompa\u00f1aron y escucharon al subsecretario de Producci\u00f3n Agropecuaria y Forestal, Manuel Chiappe, al presidente de Aapresid, Marcelo Torres, y a la directora de Prospectiva, Paola D\u00edaz, que dejaron sendos mensajes.<\/p>\n<\/div>\n<div class=\"sc-80531b6b-0 chRIGJ container-text text-embed\">\n<p>Durante todos estos a\u00f1os (m\u00e1s de tres d\u00e9cadas) el Congreso de Aapresid se ha consolidado como referencia global de conocimiento y tecnolog\u00eda en agricultura, convocando en cada edici\u00f3n a expertos, productores, empresas e instituciones para debatir y fijar el rumbo sobre los avances en agricultura regenerativa, sistemas de siembra directa y producci\u00f3n sustentable.<\/p>\n<\/div>\n<p><h2>Reconocimiento de Exponenciar<\/h2>\n<\/p>\n<div class=\"sc-80531b6b-0 chRIGJ container-text text-embed\">\n<p>Previo a los mensajes, el CEO de Exponenciar, Mart\u00edn Schvartzman, entreg\u00f3 una distinci\u00f3n a Aapresid, \u201cparte fundamental de \u2018la segunda revoluci\u00f3n de las pampas\u2019, con los productores de punta, los que investigan y producen de forma sustentable, cuidando el agua, la tierra y la materia org\u00e1nica\u201d, sintetiz\u00f3 en la fundamentaci\u00f3n. \u201cPor todo ese aporte al sector agropecuario de la Argentina\u201d, a\u00f1adi\u00f3, frente a Marcelo Torres.<\/p>\n<\/div>\n<p><h2>\u201cMomento hist\u00f3rico\u201d<\/h2>\n<\/p>\n<div class=\"sc-80531b6b-0 chRIGJ container-text text-embed\">\n<p>\u201cEstamos en un momento hist\u00f3rico del pa\u00eds\u201d, se\u00f1al\u00f3 Chiappe, agregando que \u201cse est\u00e1n realizando cambios profundos a todo nivel. Una nueva Argentina est\u00e1 naciendo, los invito a que todos estemos a la altura de la situaci\u00f3n y podamos acompa\u00f1ar con nuestras acciones este cambio\u201d, inst\u00f3 el funcionario.<\/p>\n<\/div>\n<div class=\"sc-80531b6b-0 chRIGJ container-text text-embed\">\n<p>Chiappe aclar\u00f3: \u201cNo somos pol\u00edticos, somos productores agropecuarios\u201d, felicitando y destacando la participaci\u00f3n de j\u00f3venes en Aapresid. \u201cEsa una caracter\u00edstica que moldea la din\u00e1mica de la Asociaci\u00f3n\u201d, ponder\u00f3.<\/p>\n<\/div>\n<p><h2>\u201cC\u00f3digo Abierto\u201d<\/h2>\n<\/p>\n<div class=\"sc-80531b6b-0 chRIGJ container-text text-embed\">\n<p>Marcelo Torres mensur\u00f3 positivamente la mancomuni\u00f3n con Expoagro, se solidariz\u00f3 con la tragedia de Bah\u00eda Blanca (hubo delegados de esa regional en el lanzamiento) y habl\u00f3 del lema elegido para el Congreso: \u201cC\u00f3digo Abierto\u201d, que, si bien \u201ces un t\u00e9rmino relativamente nuevo, representa a Aapresid desde su g\u00e9nesis y se relaciona con la innovaci\u00f3n\u201d.<\/p>\n<\/div>\n<div class=\"sc-80531b6b-0 chRIGJ container-text text-embed\">\n<p>\u201cCompartir, corregir, colaborar, adaptar, para que todo el conocimiento quede para la comunidad. No hay t\u00e9rmino m\u00e1s preciso para reflejar lo que es Aapresid\u201d, dijo Torres, para reflexionar e invitar a \u201cextender esta red para llegar a la comunidad, al consumidor, a la industria, con indicadores s\u00f3lidos que demuestren que trabajamos por la sustentabilidad\u201d, cit\u00f3 el presidente de Aapresid, cimentando el valor del lema.<\/p>\n<\/div>\n<\/div>\n<p><br \/>\n<br \/><a href=\"https:\/\/www.clarin.com\/rural\/expoagro-2025-lanzo-xxxiii-congreso-aapresid-construir-agro-aprende-adapta-reinventa_0_IjpNP2MWz1.html\">Fuente Clarin.com <\/a><\/p>\n","protected":false},"excerpt":{"rendered":"<p>Este jueves en Expoagro 2025 edici\u00f3n YPF Agro, continuando la zaga de novedades que se ofrecen a diario, la Asociaci\u00f3n Argentina de Productores en Siembra Directa (Aapresid) concret\u00f3 el lanzamiento oficial su XXXIII Congreso anual, acontecimiento clave para toda la cadena productiva y las nuevas tecnolog\u00edas del agro. Ser\u00e1 del 6 al 8 de agosto, [&hellip;]<\/p>\n","protected":false},"author":1,"featured_media":11675,"comment_status":"open","ping_status":"open","sticky":false,"template":"","format":"standard","meta":{"footnotes":""},"categories":[2],"tags":[11648,11414,2577,10314,2010,5273,883,16,11649,11647],"class_list":["post-11674","post","type-post","status-publish","format-standard","has-post-thumbnail","hentry","category-ultimas-noticias","tag-aapresid","tag-adapta","tag-agro","tag-aprende","tag-congreso","tag-construir","tag-lanzo","tag-para","tag-reinventa","tag-xxxiii"],"_links":{"self":[{"href":"https:\/\/13.com.ar\/index.php\/wp-json\/wp\/v2\/posts\/11674","targetHints":{"allow":["GET"]}}],"collection":[{"href":"https:\/\/13.com.ar\/index.php\/wp-json\/wp\/v2\/posts"}],"about":[{"href":"https:\/\/13.com.ar\/index.php\/wp-json\/wp\/v2\/types\/post"}],"author":[{"embeddable":true,"href":"https:\/\/13.com.ar\/index.php\/wp-json\/wp\/v2\/users\/1"}],"replies":[{"embeddable":true,"href":"https:\/\/13.com.ar\/index.php\/wp-json\/wp\/v2\/comments?post=11674"}],"version-history":[{"count":0,"href":"https:\/\/13.com.ar\/index.php\/wp-json\/wp\/v2\/posts\/11674\/revisions"}],"wp:featuredmedia":[{"embeddable":true,"href":"https:\/\/13.com.ar\/index.php\/wp-json\/wp\/v2\/media\/11675"}],"wp:attachment":[{"href":"https:\/\/13.com.ar\/index.php\/wp-json\/wp\/v2\/media?parent=11674"}],"wp:term":[{"taxonomy":"category","embeddable":true,"href":"https:\/\/13.com.ar\/index.php\/wp-json\/wp\/v2\/categories?post=11674"},{"taxonomy":"post_tag","embeddable":true,"href":"https:\/\/13.com.ar\/index.php\/wp-json\/wp\/v2\/tags?post=11674"}],"curies":[{"name":"wp","href":"https:\/\/api.w.org\/{rel}","templated":true}]}}