{"id":11670,"date":"2025-03-13T16:57:42","date_gmt":"2025-03-13T19:57:42","guid":{"rendered":"https:\/\/13.com.ar\/index.php\/cierra-una-historica-imprenta-y-despiden-a-mas-de-200-personas\/"},"modified":"2025-03-13T16:57:42","modified_gmt":"2025-03-13T19:57:42","slug":"cierra-una-historica-imprenta-y-despiden-a-mas-de-200-personas","status":"publish","type":"post","link":"https:\/\/13.com.ar\/index.php\/cierra-una-historica-imprenta-y-despiden-a-mas-de-200-personas\/","title":{"rendered":"Cierra una hist\u00f3rica imprenta y despiden a m\u00e1s de 200 personas"},"content":{"rendered":"<p> <br \/>\n<br \/><img decoding=\"async\" src=\"https:\/\/13.com.ar\/wp-content\/uploads\/2025\/03\/Cierra-una-historica-imprenta-y-despiden-a-mas-de-200.jpg\" \/><\/p>\n<div>\n<p>Alrededor de <strong>200 empleados<\/strong> de la imprenta <strong>Anselmo L. Morvillo S.A. <\/strong>recibieron un mensaje de WhatsApp de la empresa que declaraba <strong>el cese de actividades<\/strong>. En un comunicado, explicaron que la decisi\u00f3n se debi\u00f3 a una disminuci\u00f3n de la producci\u00f3n del 63% por lo que se declararon en quiebra. Desde ese momento, los empleados mantienen una ocupaci\u00f3n de las instalaciones de la imprenta y est\u00e1n a la espera de que, a pesar de la declaraci\u00f3n, no inhabiliten las m\u00e1quinas y les permitan continuar productivamente.<\/p>\n<\/div>\n<div>\n<p>La compa\u00f1\u00eda imprime folletos de Avon y Natura, publicidades para cadenas de supermercados y publicaciones noticiosas como el diario Perfil, Caras y Noticias. Sobre la disminuci\u00f3n de producci\u00f3n en los \u00faltimos tiempos que argumenta la empresa, Sebasti\u00e1n Rodr\u00edguez, delegado y trabajador de la misma, cont\u00f3 que s\u00ed hubo una baja de la cantidad de trabajo, <strong>pero que es una cantidad que no justifica el cierre<\/strong>.<\/p>\n<\/div>\n<div>\n<p>Luego de que se haya conocido el cese de actividades los trabajadores decidieron tomar las instalaciones de la empresa. La toma comenz\u00f3 el 26 de febrero:&#8221;Lo hacemos en defensa de la fuente laboral, de todos los puestos de trabajo y de los derechos adquiridos&#8221;, seg\u00fan aclararon en una conferencia.<\/p>\n<\/div>\n<div>\n<p>La empresa present\u00f3 un pedido de quiebra en el marco de la audiencia con el Ministerio de Trabajo y luego se dict\u00f3 la conciliaci\u00f3n obligatoria, d\u00edas despu\u00e9s la empresa hace un pedido de propia quiebra ante la Justicia, que le termina concediendo el pedido. El mi\u00e9rcoles 5 de marzo se oficializ\u00f3 la quiebra de la empresa. <strong> <\/strong><\/p>\n<\/div>\n<div>\n<p>Seg\u00fan el delegado, son<strong> 240 trabajadores directos, con alrededor de 30 a\u00f1os de antig\u00fcedad, que fueron afectados <\/strong>por a decisi\u00f3n al quedarse en una situaci\u00f3n incierta. Tambi\u00e9n cont\u00f3 que la mayor\u00eda de ellos son vecinos de zona sur.<\/p>\n<\/div>\n<div>\n<p>El juzgado comercial N\u00b012 design\u00f3 a un s\u00edndico, Miriam Bisignano, que es la encargada de llevar a cabo un proceso que dura alrededor de 6 meses para verificar que todo lo relacionado al pedido de quiebra de la empresa est\u00e9 en orden. Rodr\u00edguez explic\u00f3 que la intenci\u00f3n de los trabajadores de Morvillo es pedirle al s\u00edndico que durante esos meses ellos<strong> puedan poner en funcionamiento las m\u00e1quinas para no perder su fuente de ingresos.<\/strong><\/p>\n<\/div>\n<div>\n<p>Por otro lado, como resoluci\u00f3n del plenario de delegados decidieron hacer una movilizaci\u00f3n este mi\u00e9rcoles ante la Uni\u00f3n Industrial Argentina (UIA). Tambi\u00e9n realizaron un <strong>pedido <\/strong>hacia otros trabajadores del rubro para que <strong>ning\u00fan taller imprima los trabajos de Morvillo<\/strong>.<\/p>\n<\/div>\n<div>\n<p>En el marco de la organizaci\u00f3n de su resistencia los trabajadores armaron un fondo de lucha para juntar dinero y sostener econ\u00f3micamente las tareas de la resistencia, su alias para enviar transferencias es: MORVILLOENLUCHA.<\/p>\n<\/div>\n<div>\n<p>En el mejor momento de la empresa de 51 a\u00f1os, que fue entre 1996 y el 2000, las instalaciones llegaron a funcionar 24 horas seguidas todos los d\u00edas de la semana. La misma empresa que fue l\u00edder en el mercado internacional y mismo su fundador, Anselmo Morvillo, recibi\u00f3 el premio a la menci\u00f3n a &#8220;L\u00edder Gr\u00e1fico de las Am\u00e9ricas 2002&#8221;, otorgada por Printing Association of Florida (PAF), hoy se declara en quiebra.<\/p>\n<\/div>\n<p><br \/>\n<br \/><a href=\"https:\/\/www.clarin.com\/zonales\/cierra-historica-imprenta-despiden-200-personas_0_IOyHbXV92m.html\">Fuente Clarin.com <\/a><\/p>\n","protected":false},"excerpt":{"rendered":"<p>Alrededor de 200 empleados de la imprenta Anselmo L. Morvillo S.A. recibieron un mensaje de WhatsApp de la empresa que declaraba el cese de actividades. En un comunicado, explicaron que la decisi\u00f3n se debi\u00f3 a una disminuci\u00f3n de la producci\u00f3n del 63% por lo que se declararon en quiebra. Desde ese momento, los empleados mantienen [&hellip;]<\/p>\n","protected":false},"author":1,"featured_media":11671,"comment_status":"open","ping_status":"open","sticky":false,"template":"","format":"standard","meta":{"footnotes":""},"categories":[2],"tags":[6887,11645,3719,3452,155,2125,73],"class_list":["post-11670","post","type-post","status-publish","format-standard","has-post-thumbnail","hentry","category-ultimas-noticias","tag-cierra","tag-despiden","tag-historica","tag-imprenta","tag-mas","tag-personas","tag-una"],"_links":{"self":[{"href":"https:\/\/13.com.ar\/index.php\/wp-json\/wp\/v2\/posts\/11670","targetHints":{"allow":["GET"]}}],"collection":[{"href":"https:\/\/13.com.ar\/index.php\/wp-json\/wp\/v2\/posts"}],"about":[{"href":"https:\/\/13.com.ar\/index.php\/wp-json\/wp\/v2\/types\/post"}],"author":[{"embeddable":true,"href":"https:\/\/13.com.ar\/index.php\/wp-json\/wp\/v2\/users\/1"}],"replies":[{"embeddable":true,"href":"https:\/\/13.com.ar\/index.php\/wp-json\/wp\/v2\/comments?post=11670"}],"version-history":[{"count":0,"href":"https:\/\/13.com.ar\/index.php\/wp-json\/wp\/v2\/posts\/11670\/revisions"}],"wp:featuredmedia":[{"embeddable":true,"href":"https:\/\/13.com.ar\/index.php\/wp-json\/wp\/v2\/media\/11671"}],"wp:attachment":[{"href":"https:\/\/13.com.ar\/index.php\/wp-json\/wp\/v2\/media?parent=11670"}],"wp:term":[{"taxonomy":"category","embeddable":true,"href":"https:\/\/13.com.ar\/index.php\/wp-json\/wp\/v2\/categories?post=11670"},{"taxonomy":"post_tag","embeddable":true,"href":"https:\/\/13.com.ar\/index.php\/wp-json\/wp\/v2\/tags?post=11670"}],"curies":[{"name":"wp","href":"https:\/\/api.w.org\/{rel}","templated":true}]}}