{"id":11668,"date":"2025-03-13T16:54:32","date_gmt":"2025-03-13T19:54:32","guid":{"rendered":"https:\/\/13.com.ar\/index.php\/en-huelga-de-hambre-el-ex-presidente-pedro-castillo-fue-internado-por-una-descompensacion\/"},"modified":"2025-03-13T16:54:32","modified_gmt":"2025-03-13T19:54:32","slug":"en-huelga-de-hambre-el-ex-presidente-pedro-castillo-fue-internado-por-una-descompensacion","status":"publish","type":"post","link":"https:\/\/13.com.ar\/index.php\/en-huelga-de-hambre-el-ex-presidente-pedro-castillo-fue-internado-por-una-descompensacion\/","title":{"rendered":"en huelga de hambre, el ex presidente Pedro Castillo fue internado por una descompensaci\u00f3n"},"content":{"rendered":"<p> <br \/>\n<br \/><img decoding=\"async\" src=\"https:\/\/13.com.ar\/wp-content\/uploads\/2025\/03\/en-huelga-de-hambre-el-ex-presidente-Pedro-Castillo-fue.jpg\" \/><\/p>\n<div>\n<p>El ex presidente peruano Pedro Castillo fue trasladado el jueves desde la c\u00e1rcel donde permanece prisi\u00f3n preventiva hasta un hospital de Lima por <strong>presentar una descompensaci\u00f3n en su salud<\/strong>, tras iniciar el lunes una huelga de hambre en protesta por el juicio por rebeli\u00f3n en su contra.<\/p>\n<\/div>\n<div>\n<p>El tribunal de la Corte Suprema que lo juzga inform\u00f3 al inicio de la sesi\u00f3n del jueves que Castillo, de 55 a\u00f1os, fue enviado a un hospital por presentar una \u201cdescompensaci\u00f3n\u201d y para descartar un \u201ctrastorno hidroelectrol\u00edtico y una deshidrataci\u00f3n leve\u201d.<\/p>\n<\/div>\n<div>\n<p><strong>Castillo inici\u00f3 el lunes una huelga de hambre en protesta<\/strong>. La fiscal\u00eda ha pedido 34 a\u00f1os de c\u00e1rcel por el presunto delito de rebeli\u00f3n, abierto en su contra por su intento de disolver el Congreso en diciembre de 2021 para evitar una votaci\u00f3n de destituci\u00f3n y gobernar por decreto.<\/p>\n<\/div>\n<div>\n<p><strong>El ex presidente est\u00e1 en prisi\u00f3n preventiva desde el 7 de diciembre de 2022<\/strong>, el d\u00eda en que ley\u00f3 un discurso ante las c\u00e1maras de la televisi\u00f3n p\u00fablica para gobernar por decreto y en el que no fue respaldado por las fuerzas de seguridad. Fue detenido a la salida y la justicia orden\u00f3 tres a\u00f1os de prisi\u00f3n preventiva en su contra mientras es procesado por rebeli\u00f3n.<\/p>\n<\/div>\n<div>\n<p><strong>El Congreso lo destituy\u00f3 ese d\u00eda y su entonces vicepresidenta Dina Boluarte asumi\u00f3 el poder.<\/strong> Hubo tres meses de protestas en los Andes que dejaron 50 civiles fallecidos.<\/p>\n<\/div>\n<div>\n<p><strong>El ex presidente ha calificado el juicio de \u201cpantomima\u201d<\/strong> y ha cuestionado a Norma Carbajal, una jueza del tribunal que lo juzga, por haber adelantado su opini\u00f3n. Solicit\u00f3 que sea reemplazada.<\/p>\n<\/div>\n<div>\n<p><strong>Castillo se ha negado a tener una defensa legal en el juicio <\/strong>y su primer abogado gratuito renunci\u00f3. Ahora tiene a otros dos abogados gratuitos a quienes tambi\u00e9n ha rechazado. El martes otro informe de la agencia que administra las c\u00e1rceles peruanas indic\u00f3 que los m\u00e9dicos de la fiscal\u00eda hab\u00edan diagnosticado a Castillo con \u201cuna ligera deshidrataci\u00f3n\u201d en el segundo d\u00eda de su huelga de hambre.<\/p>\n<\/div>\n<div>\n<p>El profesor rural que lleg\u00f3 al poder en 2021 tambi\u00e9n enfrenta otra investigaci\u00f3n en la fiscal\u00eda <strong>por actos de presunta corrupci\u00f3n durante su gobierno<\/strong>, que incluyen ascensos irregulares dentro del escalaf\u00f3n militar y la designaci\u00f3n de un consorcio para construir un puente sin respetar supuestamente las bases de un concurso.<\/p>\n<\/div>\n<p><br \/>\n<br \/><a href=\"https:\/\/www.clarin.com\/mundo\/peru-huelga-hambre-ex-presidente-pedro-castillo-internado-descompensacion_0_rYjTJV0x97.html\">Fuente Clarin.com <\/a><\/p>\n","protected":false},"excerpt":{"rendered":"<p>El ex presidente peruano Pedro Castillo fue trasladado el jueves desde la c\u00e1rcel donde permanece prisi\u00f3n preventiva hasta un hospital de Lima por presentar una descompensaci\u00f3n en su salud, tras iniciar el lunes una huelga de hambre en protesta por el juicio por rebeli\u00f3n en su contra. El tribunal de la Corte Suprema que lo [&hellip;]<\/p>\n","protected":false},"author":1,"featured_media":11669,"comment_status":"open","ping_status":"open","sticky":false,"template":"","format":"standard","meta":{"footnotes":""},"categories":[2],"tags":[9352,11644,105,5418,10713,5573,302,142,135,73],"class_list":["post-11668","post","type-post","status-publish","format-standard","has-post-thumbnail","hentry","category-ultimas-noticias","tag-castillo","tag-descompensacion","tag-fue","tag-hambre","tag-huelga","tag-internado","tag-pedro","tag-por","tag-presidente","tag-una"],"_links":{"self":[{"href":"https:\/\/13.com.ar\/index.php\/wp-json\/wp\/v2\/posts\/11668","targetHints":{"allow":["GET"]}}],"collection":[{"href":"https:\/\/13.com.ar\/index.php\/wp-json\/wp\/v2\/posts"}],"about":[{"href":"https:\/\/13.com.ar\/index.php\/wp-json\/wp\/v2\/types\/post"}],"author":[{"embeddable":true,"href":"https:\/\/13.com.ar\/index.php\/wp-json\/wp\/v2\/users\/1"}],"replies":[{"embeddable":true,"href":"https:\/\/13.com.ar\/index.php\/wp-json\/wp\/v2\/comments?post=11668"}],"version-history":[{"count":0,"href":"https:\/\/13.com.ar\/index.php\/wp-json\/wp\/v2\/posts\/11668\/revisions"}],"wp:featuredmedia":[{"embeddable":true,"href":"https:\/\/13.com.ar\/index.php\/wp-json\/wp\/v2\/media\/11669"}],"wp:attachment":[{"href":"https:\/\/13.com.ar\/index.php\/wp-json\/wp\/v2\/media?parent=11668"}],"wp:term":[{"taxonomy":"category","embeddable":true,"href":"https:\/\/13.com.ar\/index.php\/wp-json\/wp\/v2\/categories?post=11668"},{"taxonomy":"post_tag","embeddable":true,"href":"https:\/\/13.com.ar\/index.php\/wp-json\/wp\/v2\/tags?post=11668"}],"curies":[{"name":"wp","href":"https:\/\/api.w.org\/{rel}","templated":true}]}}