{"id":11666,"date":"2025-03-13T16:51:34","date_gmt":"2025-03-13T19:51:34","guid":{"rendered":"https:\/\/13.com.ar\/index.php\/alumnas-deben-usar-una-nueva-falda-como-uniforme-escolar-y-padres-estallan-de-furia-obscena-y-costosa\/"},"modified":"2025-03-13T16:51:34","modified_gmt":"2025-03-13T19:51:34","slug":"alumnas-deben-usar-una-nueva-falda-como-uniforme-escolar-y-padres-estallan-de-furia-obscena-y-costosa","status":"publish","type":"post","link":"https:\/\/13.com.ar\/index.php\/alumnas-deben-usar-una-nueva-falda-como-uniforme-escolar-y-padres-estallan-de-furia-obscena-y-costosa\/","title":{"rendered":"Alumnas deben usar una nueva falda como uniforme escolar y padres estallan de furia: &#8220;Obscena y costosa&#8221;"},"content":{"rendered":"<p> <br \/>\n<\/p>\n<div id=\"cuerpo\">\n<div class=\"sc-80531b6b-0 chRIGJ container-text text-embed\">\n<p>Durante la etapa de<strong> educaci\u00f3n de los hijos<\/strong>, hay momentos que suelen ser de suma <strong>crispaci\u00f3n para los padres<\/strong> y ponen los nervios de punta. Y uno de ellos es cuando se inicia el ciclo lectivo y piden la lista de \u00fatiles escolares y los uniformes. Y justamente este \u00faltimo fue el caso de una secundaria que decidi\u00f3 <strong>cambiar la cl\u00e1sica ropa de las alumnas por una versi\u00f3n exclusiva y m\u00e1s costosa. <\/strong><\/p>\n<\/div>\n<div class=\"sc-80531b6b-0 chRIGJ container-text text-embed\">\n<p>El equipo directivo del Instituto Rivigton and Blackrod tom\u00f3 la determinaci\u00f3n de<strong> introducir una falda escolar de tart\u00e1n <\/strong>para las alumnas, con el objetivo de reemplazar a la actual negra con el logotipo estampado.<\/p>\n<\/div>\n<div class=\"sc-80531b6b-0 chRIGJ container-text text-embed\">\n<p>El cambio de uniforme en la instituci\u00f3n de Bolton, Reino Unido, aunque habitual en un centro, <strong>resulta costoso, duplicando el precio de la versi\u00f3n b\u00e1sica actual.<\/strong><\/p>\n<\/div>\n<p><h2>Cambian solo el uniforme de las chicas por unos m\u00e1s caros<\/h2>\n<\/p>\n<div class=\"sc-80531b6b-0 chRIGJ container-text text-embed\">\n<p>Padres y madres calificaron de &#8220;obsceno&#8221; el precio de 30 libras esterlinas <strong>(39 d\u00f3lares<\/strong>) de las nuevas faldas, no solo por lo que representa como gasto sino porque deber\u00e1n descartar las versiones actuales, \u00fatiles y en perfecto estado. <\/p>\n<\/div>\n<div class=\"sc-80531b6b-0 chRIGJ container-text text-embed\">\n<p>La indignaci\u00f3n se extendi\u00f3 incluso en Internet, ya que <strong>los varones que asisten a la misma escuela no presentan ninguna modificaci\u00f3n costosa del uniforme.<\/strong><\/p>\n<\/div>\n<div class=\"sc-80531b6b-0 chRIGJ container-text text-embed\">\n<p>Sarah, madre de una ni\u00f1a que asiste a Rivington, explic\u00f3 que encima la falda <strong>solo se puede comprar en la escuela<\/strong> y no en otras tiendas de uniformes. <\/p>\n<\/div>\n<div class=\"sc-80531b6b-0 chRIGJ container-text text-embed\">\n<p>&#8220;Es un desperdicio de dinero sin ning\u00fan motivo. Tendremos que gastar 30 libras en una que solo se puede comprar en la instituci\u00f3n&#8221;, confirm\u00f3 en declaraciones al <em>Manchester Evening News. <\/em>,<\/p>\n<\/div>\n<div class=\"sc-98b114a2-0 bkqiHH image-embed  image-embed \"><picture class=\"sc-98b114a2-1 jRUlDm\"><source media=\"(min-width: 975px)\" width=\"720\" height=\"480\" \/><img alt=\"Captura del sitio web del Rivigton y Blackrod High School en Reino Unido. \" loading=\"lazy\" width=\"720\" height=\"480\" decoding=\"async\" data-nimg=\"1\" style=\"color:transparent\" src=\"https:\/\/13.com.ar\/wp-content\/uploads\/2025\/03\/Alumnas-deben-usar-una-nueva-falda-como-uniforme-escolar-y.jpg\"\/><span class=\"epigraphe\">Captura del sitio web del Rivigton y Blackrod High School en Reino Unido. <\/span><span class=\"picture-open\"><button class=\"open-image\" aria-label=\"Open Image\"\/><\/span><\/picture><\/div>\n<div class=\"sc-80531b6b-0 chRIGJ container-text text-embed\">\n<p>Otra mala noticia es que no se podr\u00e1 contar con uniformes de segunda mano ni de ropa usada como muchos hacen, cuando se pasan de hermanos o compa\u00f1eros mayores.<\/p>\n<\/div>\n<div class=\"sc-80531b6b-0 chRIGJ container-text text-embed\">\n<p>Seg\u00fan los medios, tener un patr\u00f3n \u00fanico es absurdo y contradice las directrices del gobierno, que recomiendan que las escuelas tengan menos art\u00edculos de marca. Adem\u00e1s, \u00bfpor qu\u00e9 s\u00f3lo deben cambiar las chicas ? Tildan la decisi\u00f3n de &#8220;injusta&#8221;.<\/p>\n<\/div>\n<p><h2>Furia de los padres por el nuevo uniforme de las alumnas<\/h2>\n<\/p>\n<div class=\"sc-80531b6b-0 chRIGJ container-text text-embed\">\n<p>A la voz de Sarah se le sum\u00f3 la de otro padre, que hizo una comparaci\u00f3n odiosa<strong>: &#8220;Es horrible. Costar\u00eda m\u00e1s de una semana de salario&#8221;<\/strong>, ya que su hija empieza la escuela en septiembre. <\/p>\n<\/div>\n<div class=\"sc-98b114a2-0 bkqiHH image-embed  image-embed \"><picture class=\"sc-98b114a2-1 jRUlDm\"><source media=\"(min-width: 975px)\" width=\"720\" height=\"480\" \/><img alt=\"La escuela secundaria Rivigton y Blackrod. Imagen Google Street View\" loading=\"lazy\" width=\"720\" height=\"480\" decoding=\"async\" data-nimg=\"1\" style=\"color:transparent\" src=\"https:\/\/13.com.ar\/wp-content\/uploads\/2025\/03\/1741895494_602_Alumnas-deben-usar-una-nueva-falda-como-uniforme-escolar-y.jpg\"\/><span class=\"epigraphe\">La escuela secundaria Rivigton y Blackrod. Imagen Google Street View<\/span><span class=\"picture-open\"><button class=\"open-image\" aria-label=\"Open Image\"\/><\/span><\/picture><\/div>\n<div class=\"sc-80531b6b-0 chRIGJ container-text text-embed\">\n<p>Otro padre indignado que respondi\u00f3 a la petici\u00f3n afirm\u00f3 que los ni\u00f1os no tendr\u00edan que cambiar nada y que podr\u00edan<strong> &#8220;usar pantalones negros sencillos que se pueden comprar en un supermercado&#8221;.<\/strong><\/p>\n<\/div>\n<div class=\"sc-80531b6b-0 chRIGJ container-text text-embed\">\n<p>La escuela insiste en que la falda &#8220;de autor&#8221;, que a\u00fan no est\u00e1 disponible en supermercados , es &#8220;exclusiva de la Escuela Secundaria Rivington y Blackrod&#8221; y <strong>&#8220;refleja nuestro sentido de comunidad y orgullo&#8221;, ampl\u00eda el medio brit\u00e1mnico.<\/strong><\/p>\n<\/div>\n<div class=\"sc-80531b6b-0 chRIGJ container-text text-embed\">\n<p>Un portavoz de <em>Leverhulme Academy Trust<\/em>, la entidad que administra la escuela, declar\u00f3 que est\u00e1 escuchando las opiniones de padres y estudiantes para ver los pasos a seguir.<\/p>\n<\/div>\n<div class=\"sc-80531b6b-0 chRIGJ container-text text-embed\">\n<p>&#8220;Esta actualizaci\u00f3n forma parte de nuestro compromiso continuo de mantener un uniforme profesional que refleje el orgullo y la identidad de nuestra comunidad escolar&#8221;, explicaron en una misiva.<\/p>\n<\/div>\n<div class=\"sc-98b114a2-0 bkqiHH image-embed  image-embed \"><picture class=\"sc-98b114a2-1 jRUlDm\"><source media=\"(min-width: 975px)\" width=\"720\" height=\"480\" \/><img alt=\"As\u00ed es la nueva falda para las chicas de secundaria. Imagen Escuela secundaria Rivington y Blackrod\" loading=\"lazy\" width=\"720\" height=\"480\" decoding=\"async\" data-nimg=\"1\" style=\"color:transparent\" src=\"https:\/\/13.com.ar\/wp-content\/uploads\/2025\/03\/1741895494_526_Alumnas-deben-usar-una-nueva-falda-como-uniforme-escolar-y.jpg\"\/><span class=\"epigraphe\">As\u00ed es la nueva falda para las chicas de secundaria. Imagen Escuela secundaria Rivington y Blackrod<\/span><span class=\"picture-open\"><button class=\"open-image\" aria-label=\"Open Image\"\/><\/span><\/picture><\/div>\n<div class=\"sc-80531b6b-0 chRIGJ container-text text-embed\">\n<p>Y segu\u00eda: &#8220;Entendemos las inquietudes planteadas con respecto al costo de la falda y los cambios en nuestra pol\u00edtica de uniformes, y estamos escuchando atentamente los comentarios de padres y estudiantes\u00bb.<\/p>\n<\/div>\n<p><h2>C\u00f3mo es la nueva falda de las alumnas<\/h2>\n<\/p>\n<div class=\"sc-80531b6b-0 chRIGJ container-text text-embed\">\n<p>La nueva falda se dise\u00f1\u00f3 teniendo en cuenta las opiniones de los estudiantes para garantizar que sea <strong>c\u00f3moda, duradera, de alta calidad y fabricada en el Reino Unido<\/strong>. <\/p>\n<\/div>\n<div class=\"sc-80531b6b-0 chRIGJ container-text text-embed\">\n<p>Para apoyar a las familias, la escuela ofrece la falda<strong> a precio de costo durante el primer a\u00f1o<\/strong>, junto con la opci\u00f3n de &#8220;compra ahora, paga despu\u00e9s&#8221;.<\/p>\n<\/div>\n<div class=\"sc-98b114a2-0 bkqiHH image-embed  image-embed \"><picture class=\"sc-98b114a2-1 jRUlDm\"><source media=\"(min-width: 975px)\" width=\"720\" height=\"480\" \/><img alt=\"La escuela secundaria de la pol\u00e9mica en Reino Unido. Google Street View\" loading=\"lazy\" width=\"720\" height=\"480\" decoding=\"async\" data-nimg=\"1\" style=\"color:transparent\" src=\"https:\/\/13.com.ar\/wp-content\/uploads\/2025\/03\/1741895494_520_Alumnas-deben-usar-una-nueva-falda-como-uniforme-escolar-y.jpg\"\/><span class=\"epigraphe\">La escuela secundaria de la pol\u00e9mica en Reino Unido. Google Street View<\/span><span class=\"picture-open\"><button class=\"open-image\" aria-label=\"Open Image\"\/><\/span><\/picture><\/div>\n<div class=\"sc-80531b6b-0 chRIGJ container-text text-embed\">\n<p>En medio de la pol\u00e9mica, afirman que se comprometen a garantizar que el uniforme general siga siendo asequible. Los estudiantes podr\u00e1n seguir usando pantalones negros sencillos de sastre, disponibles en proveedores locales y supermercados, de acuerdo con nuestra pol\u00edtica de uniformes. <\/p>\n<\/div>\n<\/div>\n<p><br \/>\n<br \/><a href=\"https:\/\/www.clarin.com\/internacional\/alumnas-deben-usar-nueva-falda-uniforme-escolar-padres-estallan-furia-obscena-costosa_0_jeJEfGBDFW.html\">Fuente Clarin.com <\/a><\/p>\n","protected":false},"excerpt":{"rendered":"<p>Durante la etapa de educaci\u00f3n de los hijos, hay momentos que suelen ser de suma crispaci\u00f3n para los padres y ponen los nervios de punta. Y uno de ellos es cuando se inicia el ciclo lectivo y piden la lista de \u00fatiles escolares y los uniformes. Y justamente este \u00faltimo fue el caso de una [&hellip;]<\/p>\n","protected":false},"author":1,"featured_media":11667,"comment_status":"open","ping_status":"open","sticky":false,"template":"","format":"standard","meta":{"footnotes":""},"categories":[2],"tags":[11639,66,11643,1212,8687,11641,11640,936,19,11642,3575,73,1722,988],"class_list":["post-11666","post","type-post","status-publish","format-standard","has-post-thumbnail","hentry","category-ultimas-noticias","tag-alumnas","tag-como","tag-costosa","tag-deben","tag-escolar","tag-estallan","tag-falda","tag-furia","tag-nueva","tag-obscena","tag-padres","tag-una","tag-uniforme","tag-usar"],"_links":{"self":[{"href":"https:\/\/13.com.ar\/index.php\/wp-json\/wp\/v2\/posts\/11666","targetHints":{"allow":["GET"]}}],"collection":[{"href":"https:\/\/13.com.ar\/index.php\/wp-json\/wp\/v2\/posts"}],"about":[{"href":"https:\/\/13.com.ar\/index.php\/wp-json\/wp\/v2\/types\/post"}],"author":[{"embeddable":true,"href":"https:\/\/13.com.ar\/index.php\/wp-json\/wp\/v2\/users\/1"}],"replies":[{"embeddable":true,"href":"https:\/\/13.com.ar\/index.php\/wp-json\/wp\/v2\/comments?post=11666"}],"version-history":[{"count":0,"href":"https:\/\/13.com.ar\/index.php\/wp-json\/wp\/v2\/posts\/11666\/revisions"}],"wp:featuredmedia":[{"embeddable":true,"href":"https:\/\/13.com.ar\/index.php\/wp-json\/wp\/v2\/media\/11667"}],"wp:attachment":[{"href":"https:\/\/13.com.ar\/index.php\/wp-json\/wp\/v2\/media?parent=11666"}],"wp:term":[{"taxonomy":"category","embeddable":true,"href":"https:\/\/13.com.ar\/index.php\/wp-json\/wp\/v2\/categories?post=11666"},{"taxonomy":"post_tag","embeddable":true,"href":"https:\/\/13.com.ar\/index.php\/wp-json\/wp\/v2\/tags?post=11666"}],"curies":[{"name":"wp","href":"https:\/\/api.w.org\/{rel}","templated":true}]}}