{"id":11664,"date":"2025-03-13T16:48:30","date_gmt":"2025-03-13T19:48:30","guid":{"rendered":"https:\/\/13.com.ar\/index.php\/los-comerciantes-de-la-zona-del-congreso-y-el-drama-tras-cada-manifestacion-es-un-dia-perdido\/"},"modified":"2025-03-13T16:48:30","modified_gmt":"2025-03-13T19:48:30","slug":"los-comerciantes-de-la-zona-del-congreso-y-el-drama-tras-cada-manifestacion-es-un-dia-perdido","status":"publish","type":"post","link":"https:\/\/13.com.ar\/index.php\/los-comerciantes-de-la-zona-del-congreso-y-el-drama-tras-cada-manifestacion-es-un-dia-perdido\/","title":{"rendered":"Los comerciantes de la zona del Congreso y el drama tras cada manifestaci\u00f3n: &#8220;Es un d\u00eda perdido&#8221;"},"content":{"rendered":"<p> <br \/>\n<\/p>\n<div id=\"cuerpo\">\n<div class=\"sc-80531b6b-0 chRIGJ container-text text-embed\">\n<p>El caos volvi\u00f3 a adue\u00f1arse este mi\u00e9rcoles de las calles alrededor del Congreso, y<strong> los comerciantes<\/strong>, una vez m\u00e1s, lo padecieron. Negocios que arrancaron el d\u00eda como cualquier otro terminaron vac\u00edos y cerrados, mientras el aire se llenaba de humo y los gases lacrim\u00f3genos se esparc\u00edan por las calles. No fue solo una p\u00e9rdida econ\u00f3mica: <strong>la sensaci\u00f3n de inseguridad volvi\u00f3 a instalarse en un barrio<\/strong> que, aunque m\u00e1s tranquilo que en otros a\u00f1os, seg\u00fan los comerciantes, sigue siendo <strong>vulnerable cuando las manifestaciones se desbordan.<\/strong><\/p>\n<\/div>\n<div class=\"sc-80531b6b-0 chRIGJ container-text text-embed\">\n<p>As\u00ed le asegur\u00f3 a <strong>Clar\u00edn<\/strong> Esther, empleada de una diet\u00e9tica en Callao al 21, quien no dud\u00f3 en cerrar el local cuando los disturbios se desataron. \u201cA eso de las 4 de la tarde, empezaron los problemas y tuvimos que cerrar. Los gases entraron al local, se met\u00edan por todas partes, por la puerta, por las ventanas, y <strong>nos tuvimos que quedar adentro hasta que se calmara un poco la situaci\u00f3n<\/strong>\u201d.<\/p>\n<\/div>\n<div class=\"sc-80531b6b-0 chRIGJ container-text text-embed\">\n<p>Por su parte, Bel\u00e9n, trabajadora de un bazar en Callao 23, asegur\u00f3 que nunca hab\u00eda visto algo as\u00ed. \u201c<strong>S\u00e9 que los jubilados tienen derecho a reclamar, pero los barrabravas no ten\u00edan nada que ver.<\/strong> Fue un nivel de agresi\u00f3n muy grande\u201d, dijo. Su equipo cerr\u00f3 la persiana a las cuatro de la tarde y permaneci\u00f3 refugiado en el negocio hasta las ocho de la noche. &#8220;<strong>Hoy cuesta retomar la actividad. <\/strong>Hay mucha gente que evita la zona por miedo a que vuelva a pasar&#8221;, advirti\u00f3.<\/p>\n<\/div>\n<div class=\"sc-80531b6b-0 chRIGJ container-text text-embed\">\n<p>Gustavo, que trabaja en un puesto de diarios en la esquina de Rivadavia y Callao, tuvo que irse de su negocio cuando los incidentes apenas comenzaban. \u201cCuando volv\u00ed a las 6 de la tarde, todo estaba imposible, con la gente corriendo y los gases por todos lados, <strong>as\u00ed que me refugi\u00e9 en el bar de enfrente\u201d, relat\u00f3.<\/strong><\/p>\n<\/div>\n<div class=\"sc-80531b6b-0 chRIGJ container-text text-embed\">\n<p>Adem\u00e1s, lament\u00f3 las consecuencias econ\u00f3micas: <strong>\u201cFue un d\u00eda perdido. <\/strong>Cuando hay este tipo de marchas, suelo quedarme hasta que vea que la situaci\u00f3n es insostenible por una cuesti\u00f3n de necesidad. Pero <strong>ya sabemos que se pierde mucho\u201d.<\/strong><\/p>\n<\/div>\n<div class=\"sc-98b114a2-0 bkqiHH image-embed  image-embed \"><picture class=\"sc-98b114a2-1 jRUlDm\"><source media=\"(min-width: 975px)\" width=\"720\" height=\"480\" \/><img alt=\"Destrozos y p\u00e9rdidas para los comerciantes de la zona de Congreso, que padecen con cada manifestaci\u00f3n. Foto: Luciano Thieberger\" loading=\"lazy\" width=\"720\" height=\"480\" decoding=\"async\" data-nimg=\"1\" style=\"color:transparent\" src=\"https:\/\/13.com.ar\/wp-content\/uploads\/2025\/03\/Los-comerciantes-de-la-zona-del-Congreso-y-el-drama.jpg\"\/><span class=\"epigraphe\">Destrozos y p\u00e9rdidas para los comerciantes de la zona de Congreso, que padecen con cada manifestaci\u00f3n. Foto: Luciano Thieberger<\/span><span class=\"picture-open\"><button class=\"open-image\" aria-label=\"Open Image\"\/><\/span><\/picture><\/div>\n<div class=\"sc-80531b6b-0 chRIGJ container-text text-embed\">\n<p>Cristian trabaja como mozo en un restaurante frente a la Confiter\u00eda del Molino. En la tarde de ayer, vivi\u00f3 un momento de desesperaci\u00f3n. En medio de los enfrentamientos, muchas personas buscaron refugio en el local. Sin embargo, la escena se volvi\u00f3 ca\u00f3tica.<\/p>\n<\/div>\n<div class=\"sc-80531b6b-0 chRIGJ container-text text-embed\">\n<p>\u201cTuvimos que cerrar las puertas porque se hizo imposible trabajar. <strong>Se meti\u00f3 todo el gas lacrim\u00f3geno, hab\u00eda mujeres con nenes llorando, gente con heridas de bala de goma en la panza.<\/strong> No ten\u00edamos d\u00f3nde ubicarlos, est\u00e1bamos llenos. Fue un desastre\u201d, record\u00f3.<\/p>\n<\/div>\n<div class=\"sc-80531b6b-0 chRIGJ container-text text-embed\">\n<p>Finalmente, Adriana, due\u00f1a de una librer\u00eda ubicada en avenida Rivadavia al 1900 tambi\u00e9n debi\u00f3<strong> bajar la persiana<\/strong> por temor a que le destrozaran el comercio: \u201cUno est\u00e1 de acuerdo con el reclamo de los jubilados, pero no con la forma, porque ya se sab\u00eda que esta gente ven\u00eda a complicar la zona y <strong>los comerciantes salimos perjudicados<\/strong>\u201d.<\/p>\n<\/div>\n<div class=\"sc-80531b6b-0 chRIGJ container-text text-embed\">\n<p>Sin embargo, admiti\u00f3 que desde la implementaci\u00f3n del protocolo &#8220;antipiquetes&#8221;, la zona cambi\u00f3. &#8220;Antes nos pasaba esto casi todos los d\u00edas. Han llegado a acampar en la puerta del local en las marchas, y ahora eso ya no existe&#8221;.<\/p>\n<\/div>\n<\/div>\n<p><br \/>\n<br \/><a href=\"https:\/\/www.clarin.com\/ciudades\/comerciantes-zona-congreso-drama-manifestacion-dia-perdido_0_bi0facRT6P.html\">Fuente Clarin.com <\/a><\/p>\n","protected":false},"excerpt":{"rendered":"<p>El caos volvi\u00f3 a adue\u00f1arse este mi\u00e9rcoles de las calles alrededor del Congreso, y los comerciantes, una vez m\u00e1s, lo padecieron. Negocios que arrancaron el d\u00eda como cualquier otro terminaron vac\u00edos y cerrados, mientras el aire se llenaba de humo y los gases lacrim\u00f3genos se esparc\u00edan por las calles. No fue solo una p\u00e9rdida econ\u00f3mica: [&hellip;]<\/p>\n","protected":false},"author":1,"featured_media":11665,"comment_status":"open","ping_status":"open","sticky":false,"template":"","format":"standard","meta":{"footnotes":""},"categories":[2],"tags":[1153,11638,2010,100,1154,5342,28,734,3121,312,1670],"class_list":["post-11664","post","type-post","status-publish","format-standard","has-post-thumbnail","hentry","category-ultimas-noticias","tag-cada","tag-comerciantes","tag-congreso","tag-del","tag-dia","tag-drama","tag-los","tag-manifestacion","tag-perdido","tag-tras","tag-zona"],"_links":{"self":[{"href":"https:\/\/13.com.ar\/index.php\/wp-json\/wp\/v2\/posts\/11664","targetHints":{"allow":["GET"]}}],"collection":[{"href":"https:\/\/13.com.ar\/index.php\/wp-json\/wp\/v2\/posts"}],"about":[{"href":"https:\/\/13.com.ar\/index.php\/wp-json\/wp\/v2\/types\/post"}],"author":[{"embeddable":true,"href":"https:\/\/13.com.ar\/index.php\/wp-json\/wp\/v2\/users\/1"}],"replies":[{"embeddable":true,"href":"https:\/\/13.com.ar\/index.php\/wp-json\/wp\/v2\/comments?post=11664"}],"version-history":[{"count":0,"href":"https:\/\/13.com.ar\/index.php\/wp-json\/wp\/v2\/posts\/11664\/revisions"}],"wp:featuredmedia":[{"embeddable":true,"href":"https:\/\/13.com.ar\/index.php\/wp-json\/wp\/v2\/media\/11665"}],"wp:attachment":[{"href":"https:\/\/13.com.ar\/index.php\/wp-json\/wp\/v2\/media?parent=11664"}],"wp:term":[{"taxonomy":"category","embeddable":true,"href":"https:\/\/13.com.ar\/index.php\/wp-json\/wp\/v2\/categories?post=11664"},{"taxonomy":"post_tag","embeddable":true,"href":"https:\/\/13.com.ar\/index.php\/wp-json\/wp\/v2\/tags?post=11664"}],"curies":[{"name":"wp","href":"https:\/\/api.w.org\/{rel}","templated":true}]}}