{"id":11662,"date":"2025-03-13T16:30:18","date_gmt":"2025-03-13T19:30:18","guid":{"rendered":"https:\/\/13.com.ar\/index.php\/me-da-verguenza-y-me-da-temor\/"},"modified":"2025-03-13T16:30:18","modified_gmt":"2025-03-13T19:30:18","slug":"me-da-verguenza-y-me-da-temor","status":"publish","type":"post","link":"https:\/\/13.com.ar\/index.php\/me-da-verguenza-y-me-da-temor\/","title":{"rendered":"&#8220;Me da verg\u00fcenza y me da temor\u201d"},"content":{"rendered":"<p> <br \/>\n<\/p>\n<div id=\"cuerpo\">\n<div class=\"sc-80531b6b-0 chRIGJ container-text text-embed\">\n<p>Durante la noche del mi\u00e9rcoles y en medio de los violentos enfrentamientos en la marcha de jubilados en el Congreso, <strong>Mariana Brey<\/strong> gener\u00f3 pol\u00e9mica al lanzar una serie de fuertes dichos <strong>defendiendo el accionar de la polic\u00eda con el fot\u00f3grafo Pablo Grillo<\/strong>, quien result\u00f3 herido de gravedad tras recibir el impacto en la cabeza de una c\u00e1psula de gas lacrim\u00f3geno.<\/p>\n<\/div>\n<div class=\"sc-80531b6b-0 chRIGJ container-text text-embed\">\n<p>Aquellos comentarios fueron fuertemente repudiados, no solo en las redes sociales, sino tambi\u00e9n por <strong>Jorge Rial<\/strong>, quien arremeti\u00f3 con fuerza contra su colega.<\/p>\n<\/div>\n<div class=\"sc-80531b6b-0 chRIGJ container-text text-embed\">\n<p>Su enojo se bas\u00f3 en que Brey, que trabaja en C5N al igual que \u00e9l, se colocara del lado del gobierno de Javier Milei y de la polic\u00eda al defender su accionar frente a los manifestantes que termin\u00f3 dejando destrozos, heridos y detenidos.<\/p>\n<\/div>\n<div class=\"sc-80531b6b-0 chRIGJ container-text text-embed\">\n<p>A trav\u00e9s de X (ex Twitter), Rial comenz\u00f3 escribiendo: \u201cImpecable todo el trabajo de los periodistas y camar\u00f3grafos de C5N, pero <strong>no nos merecemos ciertas opiniones en pantalla. <\/strong>Fue un d\u00eda intenso, de gran profesionalidad, de empat\u00eda, de riesgo f\u00edsico. De compa\u00f1eros que se arriesgaron para informar. Siempre de ese lado\u201d.<\/p>\n<\/div>\n<div class=\"sc-80531b6b-0 chRIGJ container-text text-embed\">\n<p>En ese sentido, el conductor halag\u00f3 el trabajo de sus colegas a la hora de cubrir las manifestaciones, pero aprovech\u00f3 para criticar a Mariana Brey.<\/p>\n<\/div>\n<div class=\"sc-98b114a2-0 bkqiHH image-embed  image-embed \"><picture class=\"sc-98b114a2-1 jRUlDm\"><source media=\"(min-width: 975px)\" width=\"720\" height=\"480\" \/><img alt=\"Jorge Rial cruz\u00f3 a Mariana Brey. Foto: Captura video.\" loading=\"lazy\" width=\"720\" height=\"480\" decoding=\"async\" data-nimg=\"1\" style=\"color:transparent\" src=\"https:\/\/13.com.ar\/wp-content\/uploads\/2025\/03\/Me-da-verguenza-y-me-da-temor.jpg\"\/><span class=\"epigraphe\">Jorge Rial cruz\u00f3 a Mariana Brey. Foto: Captura video.<\/span><span class=\"picture-open\"><button class=\"open-image\" aria-label=\"Open Image\"\/><\/span><\/picture><\/div>\n<div class=\"sc-80531b6b-0 chRIGJ container-text text-embed\">\n<p>Al aire de su programa de radio <em>Argenzuela<\/em> (Radio 10), Jorge se manifest\u00f3: \u201cCreo que no es sobre, porque ni la guita te hace ser un hijo de put&#8230; El hijo de puta nace. Y ayer hubo periodistas hijos de puta. <strong>Hay hijos de puta en todos lados, incluso en nuestro canal.<\/strong> Que primero dec\u00edan que (Grillo) era militante K. Si lo es, \u00bfhay que matarlo?\u201d.<\/p>\n<\/div>\n<div class=\"sc-80531b6b-0 chRIGJ container-text text-embed\">\n<p>\u201cA los periodistas mile\u00edstas, que ayer estaban justificando, si los cagan a palos, \u00bflos justificamos? <strong>A ninguno le importa ya la vida del otro.<\/strong> Han degradado este laburo. Son voceros de un r\u00e9gimen, s\u00e9panlo. Cuando vos dec\u00eds \u2018\u00bfest\u00e1n seguros que quien hiri\u00f3 a Grillo fue la polic\u00eda?\u2019, eso te convierte en hijo de puta. <strong>Autom\u00e1ticamente pasas a la categor\u00eda de hijo de put&#8230; Me da verg\u00fcenza y me da temor<\/strong>\u201d, sigui\u00f3, furioso.<\/p>\n<\/div>\n<div class=\"sc-80531b6b-0 chRIGJ container-text text-embed\">\n<p>Fue entonces que nombr\u00f3 directamente a la periodista: &#8220;Ayer, en nuestro propio canal, <strong>Mariana Brey a los gritos diciendo &#8216;\u00bfest\u00e1n seguros que le dispar\u00f3 la polic\u00eda?&#8217;.<\/strong> Perd\u00f3n, yo pido disculpas si esto trae quilombos, ya a esta altura digo lo que pienso. A m\u00ed me duelen algunas cosas. Entiendo que cada uno tiene su opini\u00f3n. Ahora, \u00bfmilitar la represi\u00f3n? No, muchachos. <strong>Militar la represi\u00f3n es el l\u00edmite<\/strong>&#8220;.<\/p>\n<\/div>\n<div class=\"sc-80531b6b-0 chRIGJ container-text text-embed\">\n<p>&#8220;Podemos tener opini\u00f3n sobre la pol\u00edtica, sobre la econom\u00eda, matices&#8230; Ahora, \u00bfjustificar que hayan intentado asesinar a un fot\u00f3grafo? No, no hay manera. De eso no se vuelve. (&#8230;) <strong>Dan verg\u00fcenza, hay que anotarlos, hay que saber qui\u00e9nes son y hay que limpiar viejo<\/strong>, porque a nosotros no nos llevan a ning\u00fan lado y ellos vienen a decir estas barbaridades a nuestro canal\u201d, arremeti\u00f3 Rial.<\/p>\n<\/div>\n<div class=\"sc-80531b6b-0 chRIGJ container-text text-embed\">\n<p>Y cerr\u00f3: \u201cMuchachos, empecemos a poner las cosas en orden y no nos callemos m\u00e1s. <strong>Si sos un hijo de put.., sos un hijo de put&#8230; Si sos un periodista mileista, sos un periodista del r\u00e9gimen, asumilo\u201d.<\/strong><\/p>\n<\/div>\n<p><h2>La opini\u00f3n de Mariana Brey ante los incidentes en la marcha de jubilados en el Congreso<\/h2>\n<\/p>\n<div class=\"sc-c2c2a3c6-0 ecgiEX border-video video-embed horizontal border-video video-embed horizontal\">\n<div class=\"sc-c2c2a3c6-1 kQhBlc videoText videoText\">\n<h2>Video<\/h2>\n<p>La pol\u00e9mica opini\u00f3n de Mariana Brey ante los incidentes en el Congreso<\/p>\n<\/div>\n<\/div>\n<\/div>\n<p><br \/>\n<br \/><a href=\"https:\/\/www.clarin.com\/fama\/jorge-rial-cruzo-mariana-brey-defensa-accionar-policia-marcha-da-verguenza-da-temor_0_oC9qMlkEeJ.html\">Fuente Clarin.com <\/a><\/p>\n","protected":false},"excerpt":{"rendered":"<p>Durante la noche del mi\u00e9rcoles y en medio de los violentos enfrentamientos en la marcha de jubilados en el Congreso, Mariana Brey gener\u00f3 pol\u00e9mica al lanzar una serie de fuertes dichos defendiendo el accionar de la polic\u00eda con el fot\u00f3grafo Pablo Grillo, quien result\u00f3 herido de gravedad tras recibir el impacto en la cabeza de [&hellip;]<\/p>\n","protected":false},"author":1,"featured_media":11663,"comment_status":"open","ping_status":"open","sticky":false,"template":"","format":"standard","meta":{"footnotes":""},"categories":[2],"tags":[4150,3874],"class_list":["post-11662","post","type-post","status-publish","format-standard","has-post-thumbnail","hentry","category-ultimas-noticias","tag-temor","tag-verguenza"],"_links":{"self":[{"href":"https:\/\/13.com.ar\/index.php\/wp-json\/wp\/v2\/posts\/11662","targetHints":{"allow":["GET"]}}],"collection":[{"href":"https:\/\/13.com.ar\/index.php\/wp-json\/wp\/v2\/posts"}],"about":[{"href":"https:\/\/13.com.ar\/index.php\/wp-json\/wp\/v2\/types\/post"}],"author":[{"embeddable":true,"href":"https:\/\/13.com.ar\/index.php\/wp-json\/wp\/v2\/users\/1"}],"replies":[{"embeddable":true,"href":"https:\/\/13.com.ar\/index.php\/wp-json\/wp\/v2\/comments?post=11662"}],"version-history":[{"count":0,"href":"https:\/\/13.com.ar\/index.php\/wp-json\/wp\/v2\/posts\/11662\/revisions"}],"wp:featuredmedia":[{"embeddable":true,"href":"https:\/\/13.com.ar\/index.php\/wp-json\/wp\/v2\/media\/11663"}],"wp:attachment":[{"href":"https:\/\/13.com.ar\/index.php\/wp-json\/wp\/v2\/media?parent=11662"}],"wp:term":[{"taxonomy":"category","embeddable":true,"href":"https:\/\/13.com.ar\/index.php\/wp-json\/wp\/v2\/categories?post=11662"},{"taxonomy":"post_tag","embeddable":true,"href":"https:\/\/13.com.ar\/index.php\/wp-json\/wp\/v2\/tags?post=11662"}],"curies":[{"name":"wp","href":"https:\/\/api.w.org\/{rel}","templated":true}]}}