{"id":11621,"date":"2025-03-13T15:10:35","date_gmt":"2025-03-13T18:10:35","guid":{"rendered":"https:\/\/13.com.ar\/index.php\/preparando-el-fin-de-semana-alerta-amarilla-y-tormentas-en-4-provincias-y-pronostico-del-clima-para-buenos-aires\/"},"modified":"2025-03-13T15:10:35","modified_gmt":"2025-03-13T18:10:35","slug":"preparando-el-fin-de-semana-alerta-amarilla-y-tormentas-en-4-provincias-y-pronostico-del-clima-para-buenos-aires","status":"publish","type":"post","link":"https:\/\/13.com.ar\/index.php\/preparando-el-fin-de-semana-alerta-amarilla-y-tormentas-en-4-provincias-y-pronostico-del-clima-para-buenos-aires\/","title":{"rendered":"\u00bfPreparando el fin de semana? Alerta amarilla y tormentas en 4 provincias y pron\u00f3stico del clima para Buenos Aires"},"content":{"rendered":"<p> <br \/>\n<\/p>\n<div id=\"cuerpo\">\n<div class=\"sc-80531b6b-0 chRIGJ container-text text-embed\">\n<p>El inicio de la semana trajo un clima agradable en el \u00c1rea Metropolitana de Buenos Aires (AMBA). Sin embargo, <strong>el Servicio Meteorol\u00f3gico Nacional (SMN)<\/strong> anticip\u00f3 el regreso de las lluvias en todo el pa\u00eds. Adem\u00e1s, el organismo anunci\u00f3 una <strong>alerta amarilla por tormentas y vientos intensos <\/strong>para cuatro provincias.<\/p>\n<\/div>\n<div class=\"sc-80531b6b-0 chRIGJ container-text text-embed\">\n<p>En lo que va de la semana, las lluvias y las tormentas se acercaron en la madrugada de ayer a la <strong>Ciudad de Buenos Aires<\/strong>, mientras que, para el resto de los d\u00edas, <strong>se espera un clima nublado, aunque sin presencia de agua<\/strong>.<\/p>\n<\/div>\n<div class=\"sc-80531b6b-0 chRIGJ container-text text-embed\">\n<p>Si est\u00e1s planificando la semana, es importante conocer c\u00f3mo evolucionar\u00e1<strong> el clima en Buenos Aires<\/strong>. A continuaci\u00f3n, te contamos los pron\u00f3sticos detallados desde <strong>el jueves hasta el domingo<\/strong>, con temperaturas y condiciones del cielo durante el d\u00eda.<\/p>\n<\/div>\n<p><h2>Pron\u00f3stico del tiempo en Buenos Aires: el clima durante la semana y fin de semana<\/h2>\n<\/p>\n<p><h3>Jueves 13 de marzo<\/h3>\n<\/p>\n<div class=\"sc-80531b6b-0 chRIGJ container-text text-embed\">\n<p>Para este d\u00eda se espera una jornada con el cielo mayormente nublado. Las temperaturas ser\u00e1n frescas, con una<strong> m\u00ednima de 15\u00b0C<\/strong> y una <strong>m\u00e1xima de 21\u00b0C<\/strong>. No se prev\u00e9n lluvias, pero el ambiente estar\u00e1 algo h\u00famedo debido a la nubosidad persistente.<\/p>\n<\/div>\n<div class=\"sc-98b114a2-0 bkqiHH image-embed  image-embed \"><picture class=\"sc-98b114a2-1 jRUlDm\"><source media=\"(min-width: 975px)\" width=\"720\" height=\"480\" \/><img alt=\"La Ciudad de Buenos Aires en un d\u00eda gris. Foto: Clar\u00edn.\" loading=\"lazy\" width=\"720\" height=\"480\" decoding=\"async\" data-nimg=\"1\" style=\"color:transparent\" src=\"https:\/\/13.com.ar\/wp-content\/uploads\/2025\/03\/\u00bfPreparando-el-fin-de-semana-Alerta-amarilla-y-tormentas-en.jpg\"\/><span class=\"epigraphe\">La Ciudad de Buenos Aires en un d\u00eda gris. Foto: Clar\u00edn.<\/span><span class=\"picture-open\"><button class=\"open-image\" aria-label=\"Open Image\"\/><\/span><\/picture><\/div>\n<p><h3>Viernes 14 de marzo<\/h3>\n<\/p>\n<div class=\"sc-80531b6b-0 chRIGJ container-text text-embed\">\n<p>El viernes traer\u00e1 <strong>condiciones m\u00e1s estables<\/strong>, con un nivel de aumento en la temperatura. Se espera una <strong>m\u00ednima de 15\u00b0C <\/strong>y<strong> una m\u00e1xima de 23\u00b0C<\/strong>. El cielo estar\u00e1 algo nublado, permitiendo momentos de sol a lo largo del d\u00eda. Adem\u00e1s, no hay probabilidades de precipitaciones, por lo que ser\u00e1 una jornada sin inconvenientes para actividades al aire libre.<\/p>\n<\/div>\n<p><h3>S\u00e1bado 15 de marzo<\/h3>\n<\/p>\n<div class=\"sc-80531b6b-0 chRIGJ container-text text-embed\">\n<p>Para el s\u00e1bado, los pron\u00f3sticos indican un leve aumento de la temperatura, con valores que oscilar\u00e1n entre los <strong>19\u00b0C de m\u00ednimo<\/strong> y los<strong> 24\u00b0C de m\u00e1ximo<\/strong>. El cielo permanecer\u00e1 mayormente nublado, aunque<strong> sin anuncios de lluvias<\/strong>. A pesar de la nubosidad, las temperaturas ser\u00e1n agradables, brindando un clima templado durante el d\u00eda.<\/p>\n<\/div>\n<p><h3>Domingo 16 de marzo<\/h3>\n<\/p>\n<div class=\"sc-80531b6b-0 chRIGJ container-text text-embed\">\n<p>El cierre del fin de semana estar\u00e1 marcado por temperaturas en ascenso. Se prev\u00e9 una <strong>m\u00ednima de 19\u00b0C<\/strong> y una <strong>m\u00e1xima de 26\u00b0C<\/strong>, con el cielo parcialmente nublado. Al igual que en los d\u00edas anteriores, no se esperan lluvias.<\/p>\n<\/div>\n<p><h2>Alerta por tormentas y calor extremo: qu\u00e9 provincias estar\u00e1n afectadas<\/h2>\n<\/p>\n<div class=\"sc-80531b6b-0 chRIGJ container-text text-embed\">\n<p>El <strong>Servicio Meteorol\u00f3gico Nacional (SMN)<\/strong> emiti\u00f3 una <strong>alerta amarilla <\/strong>por tormentas para<strong> Jujuy y Salta<\/strong>, con granizos y una precipitaciones acumulada estimada entre 20 y 70. Adem\u00e1s, se prev\u00e9n r\u00e1fagas de 60 km\/h.<\/p>\n<\/div>\n<div class=\"sc-80531b6b-0 chRIGJ container-text text-embed\">\n<p>Por otro lado, en la provincia de <strong>San Luis<\/strong> y el oeste de <strong>C\u00f3rdoba<\/strong> tambi\u00e9n rige una <strong>alerta por vientos intensos de entre 30 y 55 km\/h<\/strong>, con r\u00e1fagas que podr\u00edan llegar hasta 70 km\/h.<\/p>\n<\/div>\n<div class=\"sc-80531b6b-0 chRIGJ container-text text-embed\">\n<p>Se recomienda a los habitantes de las zonas afectadas mantenerse informados y tomar precauciones necesarias ante posibles tormentas y vientos fuertes.<\/p>\n<\/div>\n<\/div>\n<p><br \/>\n<br \/><a href=\"https:\/\/www.clarin.com\/informacion-general\/preparando-fin-semana-alerta-amarilla-tormentas-4-provincias-pronostico-clima-buenos-aires_0_80wgV2hPsw.html\">Fuente Clarin.com <\/a><\/p>\n","protected":false},"excerpt":{"rendered":"<p>El inicio de la semana trajo un clima agradable en el \u00c1rea Metropolitana de Buenos Aires (AMBA). Sin embargo, el Servicio Meteorol\u00f3gico Nacional (SMN) anticip\u00f3 el regreso de las lluvias en todo el pa\u00eds. Adem\u00e1s, el organismo anunci\u00f3 una alerta amarilla por tormentas y vientos intensos para cuatro provincias. En lo que va de la [&hellip;]<\/p>\n","protected":false},"author":1,"featured_media":11622,"comment_status":"open","ping_status":"open","sticky":false,"template":"","format":"standard","meta":{"footnotes":""},"categories":[2],"tags":[328,985,986,327,1511,100,981,16,11611,9376,49,982,3833],"class_list":["post-11621","post","type-post","status-publish","format-standard","has-post-thumbnail","hentry","category-ultimas-noticias","tag-aires","tag-alerta","tag-amarilla","tag-buenos","tag-clima","tag-del","tag-fin","tag-para","tag-preparando","tag-pronostico","tag-provincias","tag-semana","tag-tormentas"],"_links":{"self":[{"href":"https:\/\/13.com.ar\/index.php\/wp-json\/wp\/v2\/posts\/11621","targetHints":{"allow":["GET"]}}],"collection":[{"href":"https:\/\/13.com.ar\/index.php\/wp-json\/wp\/v2\/posts"}],"about":[{"href":"https:\/\/13.com.ar\/index.php\/wp-json\/wp\/v2\/types\/post"}],"author":[{"embeddable":true,"href":"https:\/\/13.com.ar\/index.php\/wp-json\/wp\/v2\/users\/1"}],"replies":[{"embeddable":true,"href":"https:\/\/13.com.ar\/index.php\/wp-json\/wp\/v2\/comments?post=11621"}],"version-history":[{"count":0,"href":"https:\/\/13.com.ar\/index.php\/wp-json\/wp\/v2\/posts\/11621\/revisions"}],"wp:featuredmedia":[{"embeddable":true,"href":"https:\/\/13.com.ar\/index.php\/wp-json\/wp\/v2\/media\/11622"}],"wp:attachment":[{"href":"https:\/\/13.com.ar\/index.php\/wp-json\/wp\/v2\/media?parent=11621"}],"wp:term":[{"taxonomy":"category","embeddable":true,"href":"https:\/\/13.com.ar\/index.php\/wp-json\/wp\/v2\/categories?post=11621"},{"taxonomy":"post_tag","embeddable":true,"href":"https:\/\/13.com.ar\/index.php\/wp-json\/wp\/v2\/tags?post=11621"}],"curies":[{"name":"wp","href":"https:\/\/api.w.org\/{rel}","templated":true}]}}