{"id":1161,"date":"2025-02-01T10:35:41","date_gmt":"2025-02-01T13:35:41","guid":{"rendered":"https:\/\/13.com.ar\/index.php\/es-una-carcel-rodeada-de-policias-y-francotiradores\/"},"modified":"2025-02-01T10:35:41","modified_gmt":"2025-02-01T13:35:41","slug":"es-una-carcel-rodeada-de-policias-y-francotiradores","status":"publish","type":"post","link":"https:\/\/13.com.ar\/index.php\/es-una-carcel-rodeada-de-policias-y-francotiradores\/","title":{"rendered":"&#8220;Es una c\u00e1rcel rodeada de polic\u00edas y francotiradores\u201d"},"content":{"rendered":"<p> <br \/>\n<\/p>\n<div id=\"cuerpo\">\n<div class=\"sc-80531b6b-0 chRIGJ container-text text-embed\">\n<p>La que una vez fue una sede diplom\u00e1tica de Argentina abierta, hospitalaria y amable, hoy es una \u201cgran c\u00e1rcel rodeada de polic\u00edas y francotiradores fuertemente armados por todas partes\u201d, donde se encuentran asilados desde hace once meses cinco miembros del comando pol\u00edtico de los opositores <strong>Mar\u00eda Corina Machado<\/strong> y <strong>Edmundo Gonz\u00e1lez Urrutia<\/strong>.<\/p>\n<\/div>\n<div class=\"sc-80531b6b-0 chRIGJ container-text text-embed\">\n<p>Omar Gonz\u00e1lez, de 74 a\u00f1os, es el jefe de organizaci\u00f3n de Vente Venezuela, un partido joven que fund\u00f3 con Machado, que comparte el sitio diplom\u00e1tico convertido hoy en <strong>un gran calabozo tras las \u00f3rdenes del r\u00e9gimen chavista<\/strong> de cortarle la electricidad, el agua, los alimentos y hasta la medicina.<\/p>\n<\/div>\n<div class=\"sc-80531b6b-0 chRIGJ container-text text-embed\">\n<p>Adem\u00e1s de pol\u00edtico, Gonz\u00e1lez es periodista y escritor (tiene 11 libros editados), deportista y fue gobernador del estado Bol\u00edvar. A falta de luz encienden una planta peque\u00f1a (generador de electricidad) dos y tres veces al d\u00eda por media hora para cargar las bater\u00edas de los celulares y laptops con los que se comunican al exterior.<\/p>\n<\/div>\n<div class=\"sc-80531b6b-0 chRIGJ container-text text-embed\">\n<p><strong>-\u00bfPor qu\u00e9 se refugiaron en la Embajada Argentina?<\/strong><\/p>\n<\/div>\n<div class=\"sc-80531b6b-0 chRIGJ container-text text-embed\">\n<p>-Est\u00e1bamos perseguidos y amenazados por la tiran\u00eda de Nicol\u00e1s Maduro. Ahora estoy aqu\u00ed preso en una embajada por levantar la voz contra una tiran\u00eda que ha destruido mi pa\u00eds. Decidimos refugiarnos en esta embajada por los aires de libertad que comenzaron a respirarse con la asunci\u00f3n de Javier Milei.<\/p>\n<\/div>\n<div class=\"sc-80531b6b-0 chRIGJ container-text text-embed\">\n<p><strong>-\u00bfC\u00f3mo llevan este encierro en la embajada?<\/strong><\/p>\n<\/div>\n<div class=\"sc-80531b6b-0 chRIGJ container-text text-embed\">\n<p>-Encerrados en la embajada Argentina en Caracas desde hace m\u00e1s de 10 meses, enfrento junto a mis compa\u00f1eros un reto que va m\u00e1s all\u00e1 de las dificultades cotidianas de cualquier venezolano. Esta embajada se ha convertido en una c\u00e1rcel rodeada de polic\u00edas fuertemente armados y francotiradores por todas partes.<\/p>\n<\/div>\n<div class=\"sc-198be8ec-0 cynXbu image-embed  image-embed \"><picture class=\"sc-198be8ec-1 kOjRiQ\"><source media=\"(min-width: 975px)\" width=\"720\" height=\"480\" \/><img alt=\"Omar Gonzalez (camisa azul) con otros opositores asilados en la embajada argentina en Caracas. Foto: REUTERS  \" loading=\"lazy\" width=\"720\" height=\"480\" decoding=\"async\" data-nimg=\"1\" style=\"color:transparent\" src=\"https:\/\/13.com.ar\/wp-content\/uploads\/2025\/02\/Es-una-carcel-rodeada-de-policias-y-francotiradores.jpg\"\/><span class=\"epigraphe\">Omar Gonzalez (camisa azul) con otros opositores asilados en la embajada argentina en Caracas. Foto: REUTERS  <\/span><span class=\"bkg\"\/><span class=\"picture-open\"><button class=\"open-image\" aria-label=\"Open Image\"\/><\/span><\/picture><\/div>\n<div class=\"sc-80531b6b-0 chRIGJ container-text text-embed\">\n<p><strong>-\u00bfSab\u00edan que Fernando Mart\u00ednez Mottola, el sexto opositor asilado, estaba planificando su salida mediante la embajada suiza?<\/strong><\/p>\n<\/div>\n<div class=\"sc-80531b6b-0 chRIGJ container-text text-embed\">\n<p>-No, su salida sorpresiva fue una decisi\u00f3n personal que desconoc\u00eda hasta que se produjo.<\/p>\n<\/div>\n<div class=\"sc-80531b6b-0 chRIGJ container-text text-embed\">\n<p><strong>-\u00bfHan pensado seguir los pasos de Mart\u00ednez Mottola?<\/strong><\/p>\n<\/div>\n<div class=\"sc-80531b6b-0 chRIGJ container-text text-embed\">\n<p>-En mi caso y el de los compa\u00f1eros que aqu\u00ed estamos entregarnos al r\u00e9gimen de Maduro est\u00e1 descartado.<\/p>\n<\/div>\n<div class=\"sc-80531b6b-0 chRIGJ container-text text-embed\">\n<p><strong>-\u00bfC\u00f3mo es su rutina diaria?<\/strong><\/p>\n<\/div>\n<div class=\"sc-80531b6b-0 chRIGJ container-text text-embed\">\n<p>-Mi rutina diaria comienza a las 3 de la ma\u00f1ana, ya que despu\u00e9s de los intentos de los asaltos a la embajada argentina en Caracas, monto guardia hasta las 7, cuando me preparo algo para desayunar.<\/p>\n<\/div>\n<div class=\"sc-80531b6b-0 chRIGJ container-text text-embed\">\n<p><strong>-\u00bfY qu\u00e9 hace en el resto del d\u00eda?<\/strong><\/p>\n<\/div>\n<div class=\"sc-80531b6b-0 chRIGJ container-text text-embed\">\n<p>-Durante esas horas redacto columnas diarias de opini\u00f3n (Mar de Fondo y Voces de Libertad) que distribuyo en medios y portales nacionales e internacionales. Luego escribo alg\u00fan cap\u00edtulo del libro que estoy redactando sobre esta experiencia y me ocupo de la Organizaci\u00f3n del partido Vente Venezuela a nivel nacional.<\/p>\n<\/div>\n<div class=\"sc-80531b6b-0 chRIGJ container-text text-embed\">\n<p><strong>-\u00bfC\u00f3mo puede cumplir con los deberes pol\u00edticos mientras est\u00e1 en cautiverio?<\/strong><\/p>\n<\/div>\n<div class=\"sc-80531b6b-0 chRIGJ container-text text-embed\">\n<p>-Estas funciones las cumplo provisionalmente, hasta que salga en libertad el coordinador nacional de Organizaci\u00f3n, Henry Alvarez, quien permanece secuestrado en el Helicoide. Tambi\u00e9n asisto a las reuniones de la Plataforma Unitaria Democr\u00e1tica (PUD coalici\u00f3n) representando a Vente, ya que despu\u00e9s de las primarias nos invitan de manera permanente a sus reuniones, a pesar de que no somos miembros de esta estructura.<\/p>\n<\/div>\n<div class=\"sc-80531b6b-0 chRIGJ container-text text-embed\">\n<p><strong>-Ante el asedio chavista \u00bfc\u00f3mo hacen con la limpieza de la sede diplom\u00e1tica?<\/strong><\/p>\n<\/div>\n<div class=\"sc-80531b6b-0 chRIGJ container-text text-embed\">\n<p>-Nos repartimos las tareas. Colaboramos con la limpieza y mantenimiento de esta sede diplom\u00e1tica, ya que los argentinos fueron expulsados del pa\u00eds y los trabajadores venezolanos de la embajada dejaron de venir, luego que se llevaran preso a uno de sus compa\u00f1eros. Al terminar la jornada me acuesto a las 10 de la noche tratando de dormir.<\/p>\n<\/div>\n<div class=\"sc-198be8ec-0 cynXbu image-embed  image-embed \"><picture class=\"sc-198be8ec-1 kOjRiQ\"><source media=\"(min-width: 975px)\" width=\"720\" height=\"480\" \/><img alt=\"Custodia policial frente a la embajada de Argentina en Caracas. Foto: AP\" loading=\"lazy\" width=\"720\" height=\"480\" decoding=\"async\" data-nimg=\"1\" style=\"color:transparent\" src=\"https:\/\/13.com.ar\/wp-content\/uploads\/2025\/02\/1738416941_980_Es-una-carcel-rodeada-de-policias-y-francotiradores.jpg\"\/><span class=\"epigraphe\">Custodia policial frente a la embajada de Argentina en Caracas. Foto: AP<\/span><span class=\"bkg\"\/><span class=\"picture-open\"><button class=\"open-image\" aria-label=\"Open Image\"\/><\/span><\/picture><\/div>\n<p><h2>Oscuridad y aislamiento<\/h2>\n<\/p>\n<div class=\"sc-80531b6b-0 chRIGJ container-text text-embed\">\n<p><strong>-\u00bfDesde cu\u00e1ndo est\u00e1n en la oscuridad?<\/strong><\/p>\n<\/div>\n<div class=\"sc-80531b6b-0 chRIGJ container-text text-embed\">\n<p>-En eso llevamos casi once meses sumidos en la penumbra, ya que estamos sin electricidad desde que el r\u00e9gimen la cort\u00f3 hace m\u00e1s de dos meses. La falta de luz no es solo un inconveniente; representa una lucha diaria. Sin electricidad, se apagan no solo las luces de la casa, sino tambi\u00e9n otros servicios b\u00e1sicos.<\/p>\n<\/div>\n<p><cite class=\"author-cite blockquote-embed\"><\/p>\n<p>&#8220;Estamos sin electricidad desde que el r\u00e9gimen la cort\u00f3 hace m\u00e1s de dos meses. La falta de luz no es solo un inconveniente; representa una lucha diaria&#8221;.<\/p>\n<p><\/cite><\/p>\n<div class=\"sc-80531b6b-0 chRIGJ container-text text-embed\">\n<p><strong>-\u00bfY durante el d\u00eda no se compensan con la luz natural?<\/strong><\/p>\n<\/div>\n<div class=\"sc-80531b6b-0 chRIGJ container-text text-embed\">\n<p>-Durante el d\u00eda, el calor, los zancudos (mosquitos) y el silencio se convierten en un enemigo dif\u00edcil de combatir. Sin agua ni refrigeraci\u00f3n, los espacios se vuelven inh\u00f3spitos. La comida se echa a perder, y las condiciones de higiene se deterioran. En estos momentos, un simple gesto de solidaridad, como compartir un poco de agua fr\u00eda o un plato de comida caliente, se transforman en un acto de amor.<\/p>\n<\/div>\n<div class=\"sc-80531b6b-0 chRIGJ container-text text-embed\">\n<p><strong>-\u00bfLos visitan los familiares y amigos?<\/strong><\/p>\n<\/div>\n<div class=\"sc-80531b6b-0 chRIGJ container-text text-embed\">\n<p>-No, las visitas de los familiares y amigos, que tradicionalmente pod\u00edan ofrecer un respiro emocional, han sido absolutamente prohibidas.<\/p>\n<\/div>\n<div class=\"sc-80531b6b-0 chRIGJ container-text text-embed\">\n<p><strong>-\u00bfCu\u00e1l es la ense\u00f1anza del asilo?<\/strong><\/p>\n<\/div>\n<div class=\"sc-80531b6b-0 chRIGJ container-text text-embed\">\n<p>-Esta situaci\u00f3n se convierte en una prueba de resistencia y esperanza para quienes logramos escapar de los verdugos de Maduro que intentaron secuestrarnos por ser parte del equipo de campa\u00f1a de Mar\u00eda Corina Machado y Edmundo Gonz\u00e1lez Urrutia.<\/p>\n<\/div>\n<div class=\"sc-80531b6b-0 chRIGJ container-text text-embed\">\n<p><strong>-\u00bfC\u00f3mo les afecta la soledad del cautiverio?<\/strong><\/p>\n<\/div>\n<div class=\"sc-80531b6b-0 chRIGJ container-text text-embed\">\n<p>-Las noches se alargan en un silencio abrumador, donde hasta los ecos de los pensamientos creativos se ausentan, para dar paso a los peores augurios. Los asilados de la embajada argentina, despojados de la posibilidad que nos permit\u00eda comunicarnos con nuestros seres queridos, enfrentamos una soledad que pesa como una losa.<\/p>\n<\/div>\n<div class=\"sc-80531b6b-0 chRIGJ container-text text-embed\">\n<p><strong>-\u00bfY c\u00f3mo enfrentan el silencio del cuerpo diplom\u00e1tico?<\/strong><\/p>\n<\/div>\n<div class=\"sc-80531b6b-0 chRIGJ container-text text-embed\">\n<p>-El silencio de los diplom\u00e1ticos de otros pa\u00edses impuesta por el r\u00e9gimen complic\u00f3 a\u00fan m\u00e1s las posibilidades de recibir apoyo. Cada d\u00eda, se siente el peso de la ausencia, no solo de amigos y familiares, sino tambi\u00e9n de una comunidad internacional que pareciera preferir mirar hacia otro lado para no incomodar al tirano.<\/p>\n<\/div>\n<div class=\"sc-80531b6b-0 chRIGJ container-text text-embed\">\n<p><strong>-\u00bfQu\u00e9 pas\u00f3 cuando le negaron el acceso a sus medicinas?<\/strong><\/p>\n<\/div>\n<div class=\"sc-80531b6b-0 chRIGJ container-text text-embed\">\n<p>-Me preocup\u00e9 mucho. Padezco una enfermedad cr\u00f3nica en el coraz\u00f3n y necesito esas medicinas para permitir el correcto bombeo de la sangre.<\/p>\n<\/div>\n<div class=\"sc-80531b6b-0 chRIGJ container-text text-embed\">\n<p><strong>-\u00bfQu\u00e9 es lo que m\u00e1s extra\u00f1a con el encierro?<\/strong><\/p>\n<\/div>\n<div class=\"sc-80531b6b-0 chRIGJ container-text text-embed\">\n<p>-A\u00f1oro nadar de nuevo en el mar de Lecher\u00eda (costa de Anzo\u00e1tegui) y, por supuesto, mi hogar. Tengo 53 a\u00f1os de casado, tres hijos y 4 nietos. Tambi\u00e9n extra\u00f1o mis amigos y mi rutina.Ten\u00eda el r\u00e9cord de haber cruzado a nado los r\u00edos Orinoco y Caron\u00ed en 18 oportunidades. Este a\u00f1o no pude hacerlo por obvias razones.<\/p>\n<\/div>\n<div class=\"sc-80531b6b-0 chRIGJ container-text text-embed\">\n<p>-A pesar de todo, la resiliencia de quienes nos encontramos asilados brilla intensamente. Organizamos peque\u00f1as reuniones improvisadas, donde compartimos historias, recuerdos y sue\u00f1os de un futuro mejor. Juntos encontramos fuerza en la unidad, recordando que la adversidad a menudo forja lazos m\u00e1s profundos.<\/p>\n<\/div>\n<div class=\"sc-80531b6b-0 chRIGJ container-text text-embed\">\n<p><strong>-\u00bfTienen esperanza que lograr\u00e1n el salvoconducto de salida?<\/strong><\/p>\n<\/div>\n<div class=\"sc-80531b6b-0 chRIGJ container-text text-embed\">\n<p>-De los salvoconductos ni se habla. Quiero a\u00f1adir las historias son un testimonio del esp\u00edritu humano que se niega a rendirse. Mientras la oscuridad contin\u00faa envolvi\u00e9ndonos, el deseo de volver a ver la luz -literal y figurativamente- en nuestras vidas es m\u00e1s fuerte que nunca. A trav\u00e9s de la esperanza y la solidaridad, los asilados en la embajada luchamos por un ma\u00f1ana m\u00e1s brillante, donde la oscuridad sea solo un recuerdo lejano.<\/p>\n<\/div>\n<div class=\"sc-80531b6b-0 chRIGJ container-text text-embed\">\n<p><strong>-\u00bfCree que terminar\u00e1 pronto esta tragedia?<\/strong><\/p>\n<\/div>\n<div class=\"sc-80531b6b-0 chRIGJ container-text text-embed\">\n<p>-Estamos convencidos que esto terminar\u00e1 pronto. La dictadura de Maduro y su cada vez m\u00e1s peque\u00f1a pandilla es insostenible. \u00a1Pronto seremos libres!<\/p>\n<\/div>\n<\/div>\n<p><br \/>\n<br \/><a href=\"https:\/\/www.clarin.com\/mundo\/dramatico-testiomonio-opositor-venezolano-embajada-argentina-carcel-rodeada-policias-francotiradores_0_1KZSJRInDN.html\">Fuente Clarin.com <\/a><\/p>\n","protected":false},"excerpt":{"rendered":"<p>La que una vez fue una sede diplom\u00e1tica de Argentina abierta, hospitalaria y amable, hoy es una \u201cgran c\u00e1rcel rodeada de polic\u00edas y francotiradores fuertemente armados por todas partes\u201d, donde se encuentran asilados desde hace once meses cinco miembros del comando pol\u00edtico de los opositores Mar\u00eda Corina Machado y Edmundo Gonz\u00e1lez Urrutia. Omar Gonz\u00e1lez, de [&hellip;]<\/p>\n","protected":false},"author":1,"featured_media":1162,"comment_status":"open","ping_status":"open","sticky":false,"template":"","format":"standard","meta":{"footnotes":""},"categories":[2],"tags":[1411,2638,2637,2636,73],"class_list":["post-1161","post","type-post","status-publish","format-standard","has-post-thumbnail","hentry","category-ultimas-noticias","tag-carcel","tag-francotiradores","tag-policias","tag-rodeada","tag-una"],"_links":{"self":[{"href":"https:\/\/13.com.ar\/index.php\/wp-json\/wp\/v2\/posts\/1161","targetHints":{"allow":["GET"]}}],"collection":[{"href":"https:\/\/13.com.ar\/index.php\/wp-json\/wp\/v2\/posts"}],"about":[{"href":"https:\/\/13.com.ar\/index.php\/wp-json\/wp\/v2\/types\/post"}],"author":[{"embeddable":true,"href":"https:\/\/13.com.ar\/index.php\/wp-json\/wp\/v2\/users\/1"}],"replies":[{"embeddable":true,"href":"https:\/\/13.com.ar\/index.php\/wp-json\/wp\/v2\/comments?post=1161"}],"version-history":[{"count":0,"href":"https:\/\/13.com.ar\/index.php\/wp-json\/wp\/v2\/posts\/1161\/revisions"}],"wp:featuredmedia":[{"embeddable":true,"href":"https:\/\/13.com.ar\/index.php\/wp-json\/wp\/v2\/media\/1162"}],"wp:attachment":[{"href":"https:\/\/13.com.ar\/index.php\/wp-json\/wp\/v2\/media?parent=1161"}],"wp:term":[{"taxonomy":"category","embeddable":true,"href":"https:\/\/13.com.ar\/index.php\/wp-json\/wp\/v2\/categories?post=1161"},{"taxonomy":"post_tag","embeddable":true,"href":"https:\/\/13.com.ar\/index.php\/wp-json\/wp\/v2\/tags?post=1161"}],"curies":[{"name":"wp","href":"https:\/\/api.w.org\/{rel}","templated":true}]}}