{"id":11602,"date":"2025-03-13T14:06:28","date_gmt":"2025-03-13T17:06:28","guid":{"rendered":"https:\/\/13.com.ar\/index.php\/con-el-apoyo-de-lousteau-y-tagliaferri-los-k-apuran-el-rechazo-de-los-pliegos-de-lijo-y-garcia-mansilla\/"},"modified":"2025-03-13T14:06:28","modified_gmt":"2025-03-13T17:06:28","slug":"con-el-apoyo-de-lousteau-y-tagliaferri-los-k-apuran-el-rechazo-de-los-pliegos-de-lijo-y-garcia-mansilla","status":"publish","type":"post","link":"https:\/\/13.com.ar\/index.php\/con-el-apoyo-de-lousteau-y-tagliaferri-los-k-apuran-el-rechazo-de-los-pliegos-de-lijo-y-garcia-mansilla\/","title":{"rendered":"Con el apoyo de Lousteau y Tagliaferri, los K apuran\u00a0el rechazo de los pliegos de Lijo y Garc\u00eda Mansilla"},"content":{"rendered":"<p> <br \/>\n<br \/><img decoding=\"async\" src=\"https:\/\/13.com.ar\/wp-content\/uploads\/2025\/03\/Con-el-apoyo-de-Lousteau-y-Tagliaferri-los-K-apuran-el.jpg\" \/><\/p>\n<div id=\"cuerpo\">\n<div class=\"sc-80531b6b-0 chRIGJ container-text text-embed\">\n<p>El Gobierno sufri\u00f3 otro golpe en el Senado y l<strong>os pliegos de Ariel Lijo y Manuel Garc\u00eda-Mansilla para integrar la Corte Suprema de Justicia quedaron al filo de ser rechazados<\/strong>, luego de que el kirchnerismo lograr\u00e1, con apoyo de la oposici\u00f3n m\u00e1s dura, validar el dictamen en contra de la nominaci\u00f3n del acad\u00e9mico y anunciara que convocar\u00e1 a una sesi\u00f3n para la pr\u00f3xima semana.<\/p>\n<\/div>\n<div class=\"sc-80531b6b-0 chRIGJ container-text text-embed\">\n<p>El despacho del peronismo obtuvo siete firmas y sumadas a las de <strong>Mart\u00edn Lousteau <\/strong>(UCR) y <strong>Guadalupe Tagliaferri<\/strong> (PRO), que presentaron otro dictamen de rechazo a la nominaci\u00f3n de Garc\u00eda Mansilla, dejaron todo listo para que se trate en el recinto junto al de Lijo, que ya ten\u00eda los avales con apoyo de un sector de Uni\u00f3n por la Patria.<\/p>\n<\/div>\n<div class=\"sc-80531b6b-0 chRIGJ container-text text-embed\">\n<p>El interrogante es si la vicepresidenta Victoria Villarruel, como titular del Senado y con la potestad para fijar la fecha de la sesi\u00f3n, podr\u00e1 frenar la sesi\u00f3n para sostener los pliegos, mientras el radical Eduardo Vischi insiste con pedirle al Gobierno que los retire.<\/p>\n<\/div>\n<div class=\"sc-80531b6b-0 chRIGJ container-text text-embed\">\n<p>El peronismo avis\u00f3 que si Villarruel demora la convocatoria, los senadores bajar\u00e1n al recinto porque ambos pliegos ya tienen despacho de comisi\u00f3n y al estar dentro del per\u00edodo ordinario de sesiones s\u00f3lo har\u00e1 falta juntar el qu\u00f3rum de 37 legisladores.<\/p>\n<\/div>\n<div class=\"sc-80531b6b-0 chRIGJ container-text text-embed\">\n<p>El n\u00famero parece estar garantizado para la pr\u00f3xima semana porque a los 34 de Uni\u00f3n por la Patria se suman Lousteau, Tagliaferri y el ex libertario Francisco Paoltroni, quien va a rechazar los dos pliegos en oposici\u00f3n a la decisi\u00f3n del presidente Javier Milei de designar a Lijo y Garc\u00eda-Mansilla jueces de la Corte en comisi\u00f3n por decreto.<\/p>\n<\/div>\n<div class=\"sc-80531b6b-0 chRIGJ container-text text-embed\">\n<p>Durante la reuni\u00f3n de comisi\u00f3n, Jos\u00e9 Mayans volvi\u00f3 a reclamar al Gobierno que convoque a las fuerzas pol\u00edticas para avanzar en un acuerdo que incluya no s\u00f3lo las designaciones para la Corte sino tambi\u00e9n un plan para cubrir las vacantes en los juzgados provinciales. Es sabido que Cristina Kirchner presiona para que tambi\u00e9n se incluya en la negociaci\u00f3n la designaci\u00f3n del procurador general y del Defensor del Pueblo.<\/p>\n<\/div>\n<div class=\"sc-80531b6b-0 chRIGJ container-text text-embed\">\n<p>Seg\u00fan pudo averiguar <strong>Clar\u00edn<\/strong>, hay gestiones entre el bloque de Uni\u00f3n por la Patria y el jefe de Gabinete, Guillermo Francos, para tender un puente de di\u00e1logo. Sin embargo, desde la banca opositora advirtieron que no van a retroceder con la decisi\u00f3n de rechazar los pliegos de los jueces designados por decreto, pero dejan abierta la puerta para una negociaci\u00f3n posterior con las nominaciones de Lijo\u00a0y Garc\u00eda-Mansilla o nuevos candidatos.<\/p>\n<\/div>\n<div class=\"sc-80531b6b-0 chRIGJ container-text text-embed\">\n<p>Lousteau, por su parte, justific\u00f3 su participaci\u00f3n en la reuni\u00f3n de la comisi\u00f3n de Acuerdo y calific\u00f3 como &#8220;un argumento pueril, infantil&#8221; el que esgrimen quienes lo critican por votar con el kirchnerismo. En este escenario destac\u00f3 que se debe diferenciar entre votar &#8220;lo que est\u00e1 bien de lo que est\u00e1 mal, sin importar quien lo\u00a0present\u00f3&#8221;. <\/p>\n<\/div>\n<div class=\"sc-80531b6b-0 chRIGJ container-text text-embed\">\n<p>&#8220;Me he peleado mucho con el kirchnerismo&#8221;, resalt\u00f3 el senador radical para responsabilizar al peronismo por la suba de la inflaci\u00f3n y por la ley que regula los DNU, que fue aprobada durante la gesti\u00f3n de Cristina Kirchner para garantizar que los decretos salgan con la aprobaci\u00f3n de una de las c\u00e1maras dado que contaban con la mayor\u00eda autom\u00e1tica del Senado.<\/p>\n<\/div>\n<p><h2>Tensi\u00f3n en la UCR: &#8220;Hip\u00f3crita es criticar al kirchnerismo y haber sido su ministro&#8221;<\/h2>\n<\/p>\n<div class=\"sc-80531b6b-0 chRIGJ container-text text-embed\">\n<p>Est\u00e1 claro que dentro de las filas del radicalismo tambi\u00e9n hay senadores que se oponen a la maniobra de la Casa Rosada de nombrar jueces por decreto y que seguramente colaborar\u00e1n con el qu\u00f3rum la pr\u00f3xima semana. Entre ellos est\u00e1n Maximiliano Abad y Pablo Blanco.<\/p>\n<\/div>\n<div class=\"sc-80531b6b-0 chRIGJ container-text text-embed\">\n<p>Sin embargo, todo quedar\u00e1 sujeto a la reuni\u00f3n que tiene pendiente el bloque de la UCR. En rigor, el Comit\u00e9 Nacional que comanda Lousteau hab\u00eda citado para este jueves, antes de la audiencia de la comisi\u00f3n de Acuerdos, a Vischi. El correntino hab\u00eda sometido la convocatoria a la aprobaci\u00f3n del resto de la bancada y se hab\u00eda resuelto ir con los gobernadores.<\/p>\n<\/div>\n<div class=\"sc-80531b6b-0 chRIGJ container-text text-embed\">\n<p>Pero Vischi se comunic\u00f3 con Lousteau para avisarle que el encuentro se postergaba hasta el lunes, no se precisaron los motivos. Aunque la decisi\u00f3n hizo tensar m\u00e1s la relaci\u00f3n entre los senadores de la UCR, lo que qued\u00f3 reflejado durante la reuni\u00f3n de la comisi\u00f3n de Acuerdos, donde el economista reproch\u00f3 a sus compa\u00f1eros de bancada haber llegado despu\u00e9s de que se reuni\u00f3 el  qu\u00f3rum.<\/p>\n<\/div>\n<div class=\"sc-80531b6b-0 chRIGJ container-text text-embed\">\n<p>Luego de confirmar la presentaci\u00f3n en contra del pliego de Garc\u00eda-Mansilla bajo el argumento de que el candidato &#8220;minti\u00f3&#8221; a los senadores asegurando que no iba a aceptar una designaci\u00f3n en comisi\u00f3n, Lousteau carg\u00f3 contra sus compa\u00f1eros de bloque. &#8220;Hay radicales que se llenan la boca diciendo que nuestro programa es la Constituci\u00f3n, pero ahora act\u00faan con especulaci\u00f3n electoral cuando hay que defender la Constituci\u00f3n&#8221;, reproch\u00f3 el jefe del Comit\u00e9 Nacional.<\/p>\n<\/div>\n<div class=\"sc-80531b6b-0 chRIGJ container-text text-embed\">\n<p>Abad, quien hab\u00eda anticipado que iba a participar de la reuni\u00f3n si estaba el qu\u00f3rum, sali\u00f3 a responderle al economista. &#8220;Me llaman la atenci\u00f3n las palabras del senador Lousteau porque he venido a la reuni\u00f3n de esta comisi\u00f3n para la elecci\u00f3n de autoridades&#8221;, dijo el bonaerense, quien aclar\u00f3 que forma parte de &#8220;un bloque pol\u00edtico que tiene posiciones encontradas&#8221;.<\/p>\n<\/div>\n<div class=\"sc-80531b6b-0 chRIGJ container-text text-embed\">\n<p>&#8220;No soy hip\u00f3crita y quienes me acusan de hip\u00f3crita son los que critican al kirchnerismo cuando fue ministro del kirchnerismo y critican al macrismo habiendo sido embajador de Macri&#8221; remat\u00f3 Abad, quien calific\u00f3 como &#8220;una bajeza&#8221;, la acusaci\u00f3n del jefe del partido.<\/p>\n<\/div>\n<\/div>\n<p><br \/>\n<br \/><a href=\"https:\/\/www.clarin.com\/politica\/apoyo-lousteau-tagliaferri-k-apuran-rechazo-pliegos-lijo-garcia-mansilla_0_wGauCIR9DA.html\">Fuente Clarin.com <\/a><\/p>\n","protected":false},"excerpt":{"rendered":"<p>El Gobierno sufri\u00f3 otro golpe en el Senado y los pliegos de Ariel Lijo y Manuel Garc\u00eda-Mansilla para integrar la Corte Suprema de Justicia quedaron al filo de ser rechazados, luego de que el kirchnerismo lograr\u00e1, con apoyo de la oposici\u00f3n m\u00e1s dura, validar el dictamen en contra de la nominaci\u00f3n del acad\u00e9mico y anunciara [&hellip;]<\/p>\n","protected":false},"author":1,"featured_media":11603,"comment_status":"open","ping_status":"open","sticky":false,"template":"","format":"standard","meta":{"footnotes":""},"categories":[2],"tags":[2800,11596,18,1120,6386,28,8197,6540,9592,3353,11595],"class_list":["post-11602","post","type-post","status-publish","format-standard","has-post-thumbnail","hentry","category-ultimas-noticias","tag-apoyo","tag-apuranel","tag-con","tag-garcia","tag-lijo","tag-los","tag-lousteau","tag-mansilla","tag-pliegos","tag-rechazo","tag-tagliaferri"],"_links":{"self":[{"href":"https:\/\/13.com.ar\/index.php\/wp-json\/wp\/v2\/posts\/11602","targetHints":{"allow":["GET"]}}],"collection":[{"href":"https:\/\/13.com.ar\/index.php\/wp-json\/wp\/v2\/posts"}],"about":[{"href":"https:\/\/13.com.ar\/index.php\/wp-json\/wp\/v2\/types\/post"}],"author":[{"embeddable":true,"href":"https:\/\/13.com.ar\/index.php\/wp-json\/wp\/v2\/users\/1"}],"replies":[{"embeddable":true,"href":"https:\/\/13.com.ar\/index.php\/wp-json\/wp\/v2\/comments?post=11602"}],"version-history":[{"count":0,"href":"https:\/\/13.com.ar\/index.php\/wp-json\/wp\/v2\/posts\/11602\/revisions"}],"wp:featuredmedia":[{"embeddable":true,"href":"https:\/\/13.com.ar\/index.php\/wp-json\/wp\/v2\/media\/11603"}],"wp:attachment":[{"href":"https:\/\/13.com.ar\/index.php\/wp-json\/wp\/v2\/media?parent=11602"}],"wp:term":[{"taxonomy":"category","embeddable":true,"href":"https:\/\/13.com.ar\/index.php\/wp-json\/wp\/v2\/categories?post=11602"},{"taxonomy":"post_tag","embeddable":true,"href":"https:\/\/13.com.ar\/index.php\/wp-json\/wp\/v2\/tags?post=11602"}],"curies":[{"name":"wp","href":"https:\/\/api.w.org\/{rel}","templated":true}]}}