{"id":1157,"date":"2025-02-01T10:29:51","date_gmt":"2025-02-01T13:29:51","guid":{"rendered":"https:\/\/13.com.ar\/index.php\/una-noche-de-angustia-y-seis-horas-de-caminata-con-la-amenaza-de-un-incendio-descontrolado\/"},"modified":"2025-02-01T10:29:51","modified_gmt":"2025-02-01T13:29:51","slug":"una-noche-de-angustia-y-seis-horas-de-caminata-con-la-amenaza-de-un-incendio-descontrolado","status":"publish","type":"post","link":"https:\/\/13.com.ar\/index.php\/una-noche-de-angustia-y-seis-horas-de-caminata-con-la-amenaza-de-un-incendio-descontrolado\/","title":{"rendered":"una noche de angustia y seis horas de caminata con la amenaza de un incendio descontrolado"},"content":{"rendered":"<p> <br \/>\n<\/p>\n<div id=\"cuerpo\">\n<div class=\"sc-80531b6b-0 chRIGJ container-text text-embed\">\n<p>El voraz incendio forestal en las cercan\u00edas de <strong>El Bols\u00f3n<\/strong>, en<strong> R\u00edo Negro<\/strong>,<strong> <\/strong>ya se devor\u00f3 m\u00e1s de 2.111 hect\u00e1reas, varias viviendas y provoc\u00f3 un megaoperativo in\u00e9dito para evacuar a <strong>m\u00e1s de 700 mochileros <\/strong>que subieron a<strong> la red de 12 refugios de monta\u00f1a <\/strong>en la zona cordillerana del R\u00edo Azul. Sin se\u00f1al de celular o internet, los refugieros se comunicaron por radio con el centro de operaciones de la ciudad patag\u00f3nica para organizar los largos descensos.<\/p>\n<\/div>\n<div class=\"sc-80531b6b-0 chRIGJ container-text text-embed\">\n<p>Hubo listados en las redes sociales de los refugios, angustia de familiares, llanto y horas de caminata por lugares incendiados para escapar del fuego. <strong>No hay heridos y este s\u00e1bado esperan rescatar a los \u00faltimos 40 turistas.<\/strong><\/p>\n<\/div>\n<div class=\"sc-80531b6b-0 chRIGJ container-text text-embed\">\n<p>La angustia de los familiares de los turistas fue tan grande como la organizaci\u00f3n para el operativo de rescate m\u00e1s importante de la historia El Bols\u00f3n, la \u00faltima localidad cordillerana al sur de R\u00edo Negro. <\/p>\n<\/div>\n<div class=\"sc-80531b6b-0 chRIGJ container-text text-embed\">\n<p>Se trata de <strong>uno de los incendios m\u00e1s grandes en El Bols\u00f3n, que<\/strong> <strong>a\u00fan est\u00e1 descontrolado<\/strong>. El operativo fue in\u00e9dito porque se trata de una zona monta\u00f1osa, con mucho turismo de <em>trekking <\/em>de mochileros que suben hasta m\u00e1s de seis horas para llegar a los refugios donde hay zona de acampe y pernocte dentro de los establecimientos administrados por refugieros.<\/p>\n<\/div>\n<div class=\"sc-198be8ec-0 cynXbu image-embed  image-embed \"><picture class=\"sc-198be8ec-1 kOjRiQ\"><source media=\"(min-width: 975px)\" width=\"720\" height=\"480\" \/><img alt=\"Un bombero intenta controlar un incendio forestal desatado en El Bols\u00f3n, R\u00edo Negro. Foto: Reuters\/Marcelo Mart\u00ednez\" loading=\"lazy\" width=\"720\" height=\"480\" decoding=\"async\" data-nimg=\"1\" style=\"color:transparent\" src=\"https:\/\/13.com.ar\/wp-content\/uploads\/2025\/02\/una-noche-de-angustia-y-seis-horas-de-caminata-con.jpg\"\/><span class=\"epigraphe\">Un bombero intenta controlar un incendio forestal desatado en El Bols\u00f3n, R\u00edo Negro. Foto: Reuters\/Marcelo Mart\u00ednez<\/span><span class=\"bkg\"\/><span class=\"picture-open\"><button class=\"open-image\" aria-label=\"Open Image\"\/><\/span><\/picture><\/div>\n<div class=\"sc-80531b6b-0 chRIGJ container-text text-embed\">\n<p>El incendio se desat\u00f3 en la zona de la confluencia del r\u00edo Azul con el Blanco, el jueves. Es una zona monta\u00f1osa donde hay unas pasarelas sobre los r\u00edos para que crucen aquellos turistas que van a alguno de los 12 los refugios de monta\u00f1a, donde hay para\u00edsos tur\u00edsticos como &#8220;El Caj\u00f3n del Azul&#8221;, donde el se puede ver el r\u00edo encajonado. Desde la zona donde se inici\u00f3 el incendio hasta algunos de los refugios hay como m\u00ednimo dos horas de caminata en ascenso.<\/p>\n<\/div>\n<div class=\"sc-80531b6b-0 chRIGJ container-text text-embed\">\n<p><strong>En la zona no hay se\u00f1al de celular ni internet<\/strong>. La gran mayor\u00eda de los senderos de <em>trekking<\/em> arrancan en una zona de chacras, con un punto de referencia: <strong>Wharton<\/strong>. Ah\u00ed tambi\u00e9n est\u00e1 el registro de ingreso del \u00c1rea Natural Protegida R\u00edo Azul Lago Escondido (ANPRALE), administrado por el Estado. Cada mochilero debe completar el registro con su nombre, apellido y el refugio que visitar\u00e1. A partir de esos datos se pudo establecer cu\u00e1ntas personas hab\u00eda arriba de la monta\u00f1a al momento del incendio forestal.<\/p>\n<\/div>\n<div class=\"sc-80531b6b-0 chRIGJ container-text text-embed\">\n<p>Cuando el fuego se descontrol\u00f3, la orden fue que nadie bajara de los refugios hasta constatar la situaci\u00f3n y los m\u00e1s de 700 turistas pasaron la noche del jueves bajo tensi\u00f3n. Hasta que el viernes arranc\u00f3 el operativo m\u00e1s grande jam\u00e1s visto en la zona.  &#8220;Primero hubo un recorrido de la Brigada de incendio para asegurar la zona porque los turistas iban a tener que pasar por la zona incendiada&#8221;, se\u00f1alaron a <strong>Clar\u00edn<\/strong> desde la Patrulla de Monta\u00f1a de El Bols\u00f3n.<\/p>\n<\/div>\n<p><iframe title=\"Los refugios de monta\u00f1a en El Bols\u00f3n\" aria-label=\"Mapas de ubicaci\u00f3n\" id=\"datawrapper-chart-4AynU\" src=\"https:\/\/datawrapper.dwcdn.net\/4AynU\/1\/\" scrolling=\"no\" frameborder=\"0\" style=\"width: 0; min-width: 100% !important; border: none;\" height=\"776\" data-external=\"1\"><\/iframe><\/p>\n<div class=\"sc-80531b6b-0 chRIGJ container-text text-embed\">\n<p>El primer Refugio llamado La Playita, se encuentra a 6,5 kil\u00f3metros desde Wharton, en la costa del R\u00edo Azul. A 1,5 kil\u00f3metros m\u00e1s est\u00e1 el Refugio La Playita, donde muchos pasaron la noche, incluso aquellos que hab\u00edan subido el jueves a pasar el d\u00eda. &#8220;Al principio est\u00e1bamos asustados, nos dijeron que se estaban incendiando hasta los veh\u00edculos. Despu\u00e9s nos dijeron que en esa zona no hab\u00eda sido afectada por el fuego&#8221;, cont\u00f3 una turista al diario <em>R\u00edo Negro<\/em>.<\/p>\n<\/div>\n<div class=\"sc-80531b6b-0 chRIGJ container-text text-embed\">\n<p><strong>Muchos de los familiares<\/strong> de los turistas, que en su mayor\u00eda son j\u00f3venes, <strong>volcaron su angustia en las redes sociales<\/strong> de cada uno de los refugios de monta\u00f1a, donde se repet\u00edan las preguntas sobre la situaci\u00f3n, los nombres.<\/p>\n<\/div>\n<div class=\"sc-80531b6b-0 chRIGJ container-text text-embed\">\n<p>En las redes de los refugios empezaron a publicar informaci\u00f3n que transmit\u00edan los refugieros v\u00eda radio. &#8220;Para la tranquilidad de familiares y amigos queremos informar que el fuego no alcanz\u00f3 la zona del refugio, y quienes se encuentran dentro del mismo est\u00e1n bien. A partir de ma\u00f1ana tendremos un listado de las personas que est\u00e1n en el refugio para que familiares y amigos puedan saber sobre ellos&#8221;, public\u00f3 el refugio Lago Nataci\u00f3n, ubicado a una ocho horas de Wharton.<\/p>\n<\/div>\n<div class=\"sc-198be8ec-0 cynXbu image-embed  image-embed \"><picture class=\"sc-198be8ec-1 kOjRiQ\"><source media=\"(min-width: 975px)\" width=\"720\" height=\"480\" \/><img alt=\"La zona del Caj\u00f3n del Azul, en las cercan\u00edas de El Bols\u00f3n, un para\u00edso del trekking.\" loading=\"lazy\" width=\"720\" height=\"480\" decoding=\"async\" data-nimg=\"1\" style=\"color:transparent\" src=\"https:\/\/13.com.ar\/wp-content\/uploads\/2025\/02\/1738416591_815_una-noche-de-angustia-y-seis-horas-de-caminata-con.jpg\"\/><span class=\"epigraphe\">La zona del Caj\u00f3n del Azul, en las cercan\u00edas de El Bols\u00f3n, un para\u00edso del trekking.<\/span><span class=\"bkg\"\/><span class=\"picture-open\"><button class=\"open-image\" aria-label=\"Open Image\"\/><\/span><\/picture><\/div>\n<div class=\"sc-80531b6b-0 chRIGJ container-text text-embed\">\n<p>A la ma\u00f1ana empez\u00f3 el megaoperativo para que desciendan los mochileros. <strong>Algunos deb\u00edan pasar por donde el fuego hab\u00eda devorado los bosques<\/strong> y a los que estaban m\u00e1s al sur los hicieron bajar por otro sendero y evitar un embudo cerca de Wharton.<\/p>\n<\/div>\n<div class=\"sc-80531b6b-0 chRIGJ container-text text-embed\">\n<p>&#8220;Las personas que estaban en el Refugio Hielo Azul empezaron a descender por el camino Do\u00f1a Rosa. Los acompa\u00f1an personal del refugio hasta que se encuentre con la gente de la comisi\u00f3n de auxilio que est\u00e1n subiendo a buscarlos&#8221;, inform\u00f3 en el mediod\u00eda del viernes la secretar\u00eda de Turismo de El Bols\u00f3n.<\/p>\n<\/div>\n<div class=\"sc-80531b6b-0 chRIGJ container-text text-embed\">\n<p>Con las mochilas en la espalda, el viernes empezaron desde temprano las caminatas para bajar mientras m\u00e1s de 100 bomberos del Servicio de Prevenci\u00f3n y Lucha contra Incendios Forestales (SPLIF) combat\u00edan las llamas en otras partes del Mall\u00edn Ahogado, la zona cercana a El Bols\u00f3n donde se desat\u00f3 el incendio, que fue por acci\u00f3n humana.<\/p>\n<\/div>\n<div class=\"sc-198be8ec-0 cynXbu image-embed  image-embed \"><picture class=\"sc-198be8ec-1 kOjRiQ\"><source media=\"(min-width: 975px)\" width=\"720\" height=\"480\" \/><img alt=\"Incendio Mall\u00edn Ahogado: vecinos junto con bomberos Splif combaten el fuego descontrolado. Foto: Euge Neme\" loading=\"lazy\" width=\"720\" height=\"480\" decoding=\"async\" data-nimg=\"1\" style=\"color:transparent\" src=\"https:\/\/13.com.ar\/wp-content\/uploads\/2025\/02\/1738416591_934_una-noche-de-angustia-y-seis-horas-de-caminata-con.jpg\"\/><span class=\"epigraphe\">Incendio Mall\u00edn Ahogado: vecinos junto con bomberos Splif combaten el fuego descontrolado. Foto: Euge Neme<\/span><span class=\"bkg\"\/><span class=\"picture-open\"><button class=\"open-image\" aria-label=\"Open Image\"\/><\/span><\/picture><\/div>\n<div class=\"sc-80531b6b-0 chRIGJ container-text text-embed\">\n<p>Al mega operativo se sum\u00f3 la Gendarmer\u00eda naciona por pedido de los Bomberos de R\u00edo Negro. Gendarmes  de la Agrupaci\u00f3n XII &#8220;Comahue&#8221; y del Escuadr\u00f3n 35 El Bols\u00f3n, se  desplazaron en dos patrullas y evacuar a los turistas que bajaron hacia la ciudad.<\/p>\n<\/div>\n<div class=\"sc-80531b6b-0 chRIGJ container-text text-embed\">\n<p>Otros mochileros que bajaron de los refugios se subieron a los colectivos de la emprea &#8220;La Golondrina&#8221;, la empresa local de transporte p\u00fablico que aport\u00f3 los micros para llevar a los turistas a El Bols\u00f3n.<\/p>\n<\/div>\n<div class=\"sc-80531b6b-0 chRIGJ container-text text-embed\">\n<p>Este s\u00e1bado a la ma\u00f1ana restaban por descender unos 40 turistas de el refugio Los Laguitos, el m\u00e1s lejano del circuito que arranca en Wharton. El gobernador de R\u00edo Negro, Alberto Weretilneck el viernes se traslad\u00f3 hasta la localidad para supervisar el operativo y este s\u00e1bado anunci\u00f3 que a los dos aviones, el del Plan Nacional del Manejo del Fuego y el prestado por Santiago del Estero, se sumar\u00edan otros dos helic\u00f3pteros para intentar controlar el incendio.<\/p>\n<\/div>\n<div class=\"sc-198be8ec-0 cynXbu image-embed  image-embed \"><picture class=\"sc-198be8ec-1 kOjRiQ\"><source media=\"(min-width: 975px)\" width=\"720\" height=\"480\" \/><img alt=\"La Gendarmer\u00eda colabor\u00f3 para rescatar a los turistas de los incendios en El Bols\u00f3n.\" loading=\"lazy\" width=\"720\" height=\"480\" decoding=\"async\" data-nimg=\"1\" style=\"color:transparent\" src=\"https:\/\/13.com.ar\/wp-content\/uploads\/2025\/02\/1738416591_827_una-noche-de-angustia-y-seis-horas-de-caminata-con.jpg\"\/><span class=\"epigraphe\">La Gendarmer\u00eda colabor\u00f3 para rescatar a los turistas de los incendios en El Bols\u00f3n.<\/span><span class=\"bkg\"\/><span class=\"picture-open\"><button class=\"open-image\" aria-label=\"Open Image\"\/><\/span><\/picture><\/div>\n<div class=\"sc-ad4aedf2-0 dPPgNJ border-video video-embed horizontal border-video video-embed horizontal\">\n<div class=\"sc-ad4aedf2-1 hnFuni videoText videoText\">\n<h2>Video<\/h2>\n<p>Incendio sin control en El Bols\u00f3n: cientos de vecinos evacuados y corte en la ruta 40<\/p>\n<\/div>\n<\/div>\n<div class=\"sc-198be8ec-0 cynXbu image-embed  image-embed \"><picture class=\"sc-198be8ec-1 kOjRiQ\"><source media=\"(min-width: 975px)\" width=\"720\" height=\"480\" \/><img alt=\"La Gendarmer\u00eda colabor\u00f3 para rescatar a los turistas de los incendios en El Bols\u00f3n.\" loading=\"lazy\" width=\"720\" height=\"480\" decoding=\"async\" data-nimg=\"1\" style=\"color:transparent\" src=\"https:\/\/13.com.ar\/wp-content\/uploads\/2025\/02\/1738416591_685_una-noche-de-angustia-y-seis-horas-de-caminata-con.jpg\"\/><span class=\"epigraphe\">La Gendarmer\u00eda colabor\u00f3 para rescatar a los turistas de los incendios en El Bols\u00f3n.<\/span><span class=\"bkg\"\/><span class=\"picture-open\"><button class=\"open-image\" aria-label=\"Open Image\"\/><\/span><\/picture><\/div>\n<\/div>\n<p><br \/>\n<br \/><a href=\"https:\/\/www.clarin.com\/sociedad\/dramatico-rescate-700-mochileros-bolson-noche-angustia-horas-caminata-amenaza-incendio-descontrolado_0_YRd3zBROUa.html\">Fuente Clarin.com <\/a><\/p>\n","protected":false},"excerpt":{"rendered":"<p>El voraz incendio forestal en las cercan\u00edas de El Bols\u00f3n, en R\u00edo Negro, ya se devor\u00f3 m\u00e1s de 2.111 hect\u00e1reas, varias viviendas y provoc\u00f3 un megaoperativo in\u00e9dito para evacuar a m\u00e1s de 700 mochileros que subieron a la red de 12 refugios de monta\u00f1a en la zona cordillerana del R\u00edo Azul. Sin se\u00f1al de celular [&hellip;]<\/p>\n","protected":false},"author":1,"featured_media":1158,"comment_status":"open","ping_status":"open","sticky":false,"template":"","format":"standard","meta":{"footnotes":""},"categories":[2],"tags":[248,2630,2631,18,2633,997,2632,935,2227,73],"class_list":["post-1157","post","type-post","status-publish","format-standard","has-post-thumbnail","hentry","category-ultimas-noticias","tag-amenaza","tag-angustia","tag-caminata","tag-con","tag-descontrolado","tag-horas","tag-incendio","tag-noche","tag-seis","tag-una"],"_links":{"self":[{"href":"https:\/\/13.com.ar\/index.php\/wp-json\/wp\/v2\/posts\/1157","targetHints":{"allow":["GET"]}}],"collection":[{"href":"https:\/\/13.com.ar\/index.php\/wp-json\/wp\/v2\/posts"}],"about":[{"href":"https:\/\/13.com.ar\/index.php\/wp-json\/wp\/v2\/types\/post"}],"author":[{"embeddable":true,"href":"https:\/\/13.com.ar\/index.php\/wp-json\/wp\/v2\/users\/1"}],"replies":[{"embeddable":true,"href":"https:\/\/13.com.ar\/index.php\/wp-json\/wp\/v2\/comments?post=1157"}],"version-history":[{"count":0,"href":"https:\/\/13.com.ar\/index.php\/wp-json\/wp\/v2\/posts\/1157\/revisions"}],"wp:featuredmedia":[{"embeddable":true,"href":"https:\/\/13.com.ar\/index.php\/wp-json\/wp\/v2\/media\/1158"}],"wp:attachment":[{"href":"https:\/\/13.com.ar\/index.php\/wp-json\/wp\/v2\/media?parent=1157"}],"wp:term":[{"taxonomy":"category","embeddable":true,"href":"https:\/\/13.com.ar\/index.php\/wp-json\/wp\/v2\/categories?post=1157"},{"taxonomy":"post_tag","embeddable":true,"href":"https:\/\/13.com.ar\/index.php\/wp-json\/wp\/v2\/tags?post=1157"}],"curies":[{"name":"wp","href":"https:\/\/api.w.org\/{rel}","templated":true}]}}