{"id":1155,"date":"2025-02-01T10:08:15","date_gmt":"2025-02-01T13:08:15","guid":{"rendered":"https:\/\/13.com.ar\/index.php\/95-anos-de-legado-cultural-y-60-anos-de-el-reino-del-reves\/"},"modified":"2025-02-01T10:08:15","modified_gmt":"2025-02-01T13:08:15","slug":"95-anos-de-legado-cultural-y-60-anos-de-el-reino-del-reves","status":"publish","type":"post","link":"https:\/\/13.com.ar\/index.php\/95-anos-de-legado-cultural-y-60-anos-de-el-reino-del-reves\/","title":{"rendered":"95 a\u00f1os de legado cultural y 60 a\u00f1os de &#8220;El Reino del Rev\u00e9s&#8221;"},"content":{"rendered":"<p> <br \/>\n<\/p>\n<div id=\"cuerpo\">\n<div class=\"sc-80531b6b-0 chRIGJ container-text text-embed\">\n<p>La<strong> Fundaci\u00f3n Mar\u00eda Elena Walsh <\/strong>celebrar\u00e1 este <strong>2025 <\/strong>la <strong>vida y obra <\/strong>de la inolvidable cantautora y escritora, centr\u00e1ndose en dos hitos principales: el <strong>95\u00ba aniversario de su nacimiento<\/strong> y los <strong>60 a\u00f1os de la publicaci\u00f3n de &#8220;El Reino del Rev\u00e9s&#8221;.<\/strong> Para eso, dise\u00f1\u00f3 un programa de <strong>actividades <\/strong>en el que se entrelazan eventos acad\u00e9micos, muestras fotogr\u00e1ficas, actividades culturales y espect\u00e1culos dirigidos a p\u00fablicos de todas las edades.<\/p>\n<\/div>\n<div class=\"sc-80531b6b-0 chRIGJ container-text text-embed\">\n<p>Mar\u00eda Elena Walsh (1930-2011) fue una<strong> figura fundamental de la cultura argentina<\/strong>. Poeta, compositora, ensayista y pionera feminista, su obra abarc\u00f3 desde canciones ic\u00f3nicas para la infancia hasta escritos cr\u00edticos sobre la sociedad. Desde sus inicios literarios con <em>Oto\u00f1o imperdonable <\/em>hasta la consolidaci\u00f3n de su carrera con obras como<em> El Reino del Rev\u00e9s<\/em>, <strong>Walsh dej\u00f3 una marca indeleble en varias generaciones.<\/strong><\/p>\n<\/div>\n<div class=\"sc-80531b6b-0 chRIGJ container-text text-embed\">\n<p>Su <strong>compromiso con los valores democr\u00e1ticos, la igualdad y la lucha contra la discriminaci\u00f3n<\/strong> se reflejaron en su arte y acci\u00f3n p\u00fablica. A trav\u00e9s de su vida,<strong> inspir\u00f3 a millones<\/strong> con su mensaje de libertad y justicia, convirti\u00e9ndola en una voz inconfundible de la identidad argentina.<\/p>\n<\/div>\n<div class=\"sc-198be8ec-0 cynXbu image-embed  image-embed \"><picture class=\"sc-198be8ec-1 kOjRiQ\"><source media=\"(min-width: 975px)\" width=\"720\" height=\"480\" \/><img alt=\"Conexi\u00f3n Buenos Aires Madrid llev\u00f3 a Madrid un homenaje a Mar\u00eda Elena Walsh. Aqu\u00ed, Graciela Garc\u00eda Romero, directora de la Fundaci\u00f3n Walsh Facio. Foto: Gentileza Casa de Am\u00e9rica.\" loading=\"lazy\" width=\"720\" height=\"480\" decoding=\"async\" data-nimg=\"1\" style=\"color:transparent\" src=\"https:\/\/13.com.ar\/wp-content\/uploads\/2025\/02\/95-anos-de-legado-cultural-y-60-anos-de-El.jpg\"\/><span class=\"epigraphe\">Conexi\u00f3n Buenos Aires Madrid llev\u00f3 a Madrid un homenaje a Mar\u00eda Elena Walsh. Aqu\u00ed, Graciela Garc\u00eda Romero, directora de la Fundaci\u00f3n Walsh Facio. Foto: Gentileza Casa de Am\u00e9rica.<\/span><span class=\"bkg\"\/><span class=\"picture-open\"><button class=\"open-image\" aria-label=\"Open Image\"\/><\/span><\/picture><\/div>\n<p><h2>En oto\u00f1o<\/h2>\n<\/p>\n<div class=\"sc-80531b6b-0 chRIGJ container-text text-embed\">\n<p>En la segunda quincena de mayo, el <strong>Centro Cultural Paco Urondo <\/strong>ser\u00e1 sede de las jornadas acad\u00e9micas organizadas por el <strong>Instituto de Filolog\u00eda &#8220;Dr. Amado Alonso&#8221; de la UBA<\/strong>. Especialistas como Guiomar Capiuscio, Mabel Giammatteo y Antonio Requeni debatir\u00e1n sobre la obra de Walsh. Paralelamente, la Fundaci\u00f3n presentar\u00e1 una <strong>muestra fotogr\u00e1fica y exhibici\u00f3n de documentales<\/strong> sobre la autora.<\/p>\n<\/div>\n<div class=\"sc-80531b6b-0 chRIGJ container-text text-embed\">\n<p>El mundo acad\u00e9mico no le ha dedicado a Mar\u00eda Elena sino<strong> escasos estudios aislados<\/strong> y este a\u00f1o han coincidido varias instituciones en comenzar este di\u00e1logo.<\/p>\n<\/div>\n<div class=\"sc-198be8ec-0 cynXbu image-embed  image-embed \"><picture class=\"sc-198be8ec-1 kOjRiQ\"><source media=\"(min-width: 975px)\" width=\"720\" height=\"480\" \/><img alt=\"El mural de Mar\u00eda Elena Walsh de la Escuela n\u00b021 de Villa Sarmiento junto con su autor Jos\u00e9 Lu\u00eds Coustillas y la pintora Mayra Contreras en el d\u00eda de su inauguraci\u00f3n.\" loading=\"lazy\" width=\"720\" height=\"480\" decoding=\"async\" data-nimg=\"1\" style=\"color:transparent\" src=\"https:\/\/13.com.ar\/wp-content\/uploads\/2025\/02\/1738415295_18_95-anos-de-legado-cultural-y-60-anos-de-El.jpg\"\/><span class=\"epigraphe\">El mural de Mar\u00eda Elena Walsh de la Escuela n\u00b021 de Villa Sarmiento junto con su autor Jos\u00e9 Lu\u00eds Coustillas y la pintora Mayra Contreras en el d\u00eda de su inauguraci\u00f3n.<\/span><span class=\"bkg\"\/><span class=\"picture-open\"><button class=\"open-image\" aria-label=\"Open Image\"\/><\/span><\/picture><\/div>\n<div class=\"sc-80531b6b-0 chRIGJ container-text text-embed\">\n<p>Por su parte, en la primera quincena, la <strong>Biblioteca Nacional liderar\u00e1 jornadas acad\u00e9micas federales <\/strong>en conexi\u00f3n con provincias como C\u00f3rdoba, Mendoza, y Santa Fe. Estas incluir\u00e1n <strong>mesas tem\u00e1ticas <\/strong>sobre la po\u00e9tica de Walsh, g\u00e9nero y el programa<em> La Cigarra<\/em>, adem\u00e1s de la presentaci\u00f3n de in\u00e9ditos recuperados de su archivo personal.<\/p>\n<\/div>\n<div class=\"sc-80531b6b-0 chRIGJ container-text text-embed\">\n<p>En junio y julio, el<strong> Centro Libertad<\/strong> ofrecer\u00e1 un r<strong>ecorrido audiovisual con largometrajes<\/strong> como <em>Juguemos en el mundo<\/em>, el corto <em>El cuento de mi vida<\/em> y documentales producidos por la Fundaci\u00f3n. Las vacaciones de invierno contar\u00e1n con <strong>una sala inmersiva dedicada a <em>El Reino del Rev\u00e9s<\/em><\/strong> y un concierto de cierre.<\/p>\n<\/div>\n<div class=\"sc-198be8ec-0 cynXbu image-embed  image-embed \"><picture class=\"sc-198be8ec-1 kOjRiQ\"><source media=\"(min-width: 975px)\" width=\"720\" height=\"480\" \/><img alt=\"Mural de Mar\u00eda Elena Walsh en el tunel de Casullo\/Grant.\" loading=\"lazy\" width=\"720\" height=\"480\" decoding=\"async\" data-nimg=\"1\" style=\"color:transparent\" src=\"https:\/\/13.com.ar\/wp-content\/uploads\/2025\/02\/1738415295_408_95-anos-de-legado-cultural-y-60-anos-de-El.jpg\"\/><span class=\"epigraphe\">Mural de Mar\u00eda Elena Walsh en el tunel de Casullo\/Grant.<\/span><span class=\"bkg\"\/><span class=\"picture-open\"><button class=\"open-image\" aria-label=\"Open Image\"\/><\/span><\/picture><\/div>\n<p><h2>Y en primavera<\/h2>\n<\/p>\n<div class=\"sc-80531b6b-0 chRIGJ container-text text-embed\">\n<p>Durante septiembre, adem\u00e1s, la <strong>explanada de la Biblioteca Nacional y el barrio de Palermo<\/strong> ser\u00e1n escenarios de <strong>muestras <\/strong>que entrelazan ilustraciones de sus libros infantiles con fotograf\u00edas de su vida. Un itinerario <strong>concluir\u00e1 en el Parque Las Heras<\/strong>, mientras que el <strong>Museo Jos\u00e9 Hern\u00e1ndez<\/strong> ofrecer\u00e1 una exploraci\u00f3n conjunta de Walsh y Mercedes Sosa.<\/p>\n<\/div>\n<div class=\"sc-80531b6b-0 chRIGJ container-text text-embed\">\n<p>Por otra parte, el<strong> II Festival Mar\u00eda Elena Walsh, en colaboraci\u00f3n con el Ministerio de Cultura porte\u00f1o<\/strong>, y la participaci\u00f3n en el <strong>Instituto Cervantes de Madrid<\/strong>, ser\u00e1n otros hitos destacados. En Madrid, su obra se incorporar\u00e1 a un marco de actividades musicales y literarias iberoamericanas.<\/p>\n<\/div>\n<div class=\"sc-80531b6b-0 chRIGJ container-text text-embed\">\n<p>Mar\u00eda Elena Walsh trascendi\u00f3 como poeta, compositora, ensayista y feminista,<strong> dejando un legado que impacta a m\u00faltiples generaciones.<\/strong> Sus canciones e ideas contin\u00faan vigentes, tanto en el \u00e1mbito familiar como en el escolar y p\u00fablico. Este a\u00f1o celebratorio<strong> no solo resalta su importancia art\u00edstica, sino tambi\u00e9n su influencia en la lucha por la igualdad y la libertad<\/strong>. Como afirma <strong>Graciela Garc\u00eda Romero<\/strong>: &#8220;Mar\u00eda Elena est\u00e1 dentro de nosotros, como una de las voces de nuestra identidad&#8221;<\/p>\n<\/div>\n<\/div>\n<p><br \/>\n<br \/><a href=\"https:\/\/www.clarin.com\/cultura\/maria-elena-walsh-95-anos-legado-cultural-60-anos-reino-reves_0_JhhByT5zHG.html\">Fuente Clarin.com <\/a><\/p>\n","protected":false},"excerpt":{"rendered":"<p>La Fundaci\u00f3n Mar\u00eda Elena Walsh celebrar\u00e1 este 2025 la vida y obra de la inolvidable cantautora y escritora, centr\u00e1ndose en dos hitos principales: el 95\u00ba aniversario de su nacimiento y los 60 a\u00f1os de la publicaci\u00f3n de &#8220;El Reino del Rev\u00e9s&#8221;. Para eso, dise\u00f1\u00f3 un programa de actividades en el que se entrelazan eventos acad\u00e9micos, [&hellip;]<\/p>\n","protected":false},"author":1,"featured_media":1156,"comment_status":"open","ping_status":"open","sticky":false,"template":"","format":"standard","meta":{"footnotes":""},"categories":[2],"tags":[636,1602,100,1508,2629,1721],"class_list":["post-1155","post","type-post","status-publish","format-standard","has-post-thumbnail","hentry","category-ultimas-noticias","tag-anos","tag-cultural","tag-del","tag-legado","tag-reino","tag-reves"],"_links":{"self":[{"href":"https:\/\/13.com.ar\/index.php\/wp-json\/wp\/v2\/posts\/1155","targetHints":{"allow":["GET"]}}],"collection":[{"href":"https:\/\/13.com.ar\/index.php\/wp-json\/wp\/v2\/posts"}],"about":[{"href":"https:\/\/13.com.ar\/index.php\/wp-json\/wp\/v2\/types\/post"}],"author":[{"embeddable":true,"href":"https:\/\/13.com.ar\/index.php\/wp-json\/wp\/v2\/users\/1"}],"replies":[{"embeddable":true,"href":"https:\/\/13.com.ar\/index.php\/wp-json\/wp\/v2\/comments?post=1155"}],"version-history":[{"count":0,"href":"https:\/\/13.com.ar\/index.php\/wp-json\/wp\/v2\/posts\/1155\/revisions"}],"wp:featuredmedia":[{"embeddable":true,"href":"https:\/\/13.com.ar\/index.php\/wp-json\/wp\/v2\/media\/1156"}],"wp:attachment":[{"href":"https:\/\/13.com.ar\/index.php\/wp-json\/wp\/v2\/media?parent=1155"}],"wp:term":[{"taxonomy":"category","embeddable":true,"href":"https:\/\/13.com.ar\/index.php\/wp-json\/wp\/v2\/categories?post=1155"},{"taxonomy":"post_tag","embeddable":true,"href":"https:\/\/13.com.ar\/index.php\/wp-json\/wp\/v2\/tags?post=1155"}],"curies":[{"name":"wp","href":"https:\/\/api.w.org\/{rel}","templated":true}]}}