{"id":1153,"date":"2025-02-01T09:56:42","date_gmt":"2025-02-01T12:56:42","guid":{"rendered":"https:\/\/13.com.ar\/index.php\/atajo-dos-penales-en-el-adicionado-su-equipo-ya-es-record-y-suena-con-europa-tras-25-anos\/"},"modified":"2025-02-01T09:56:42","modified_gmt":"2025-02-01T12:56:42","slug":"atajo-dos-penales-en-el-adicionado-su-equipo-ya-es-record-y-suena-con-europa-tras-25-anos","status":"publish","type":"post","link":"https:\/\/13.com.ar\/index.php\/atajo-dos-penales-en-el-adicionado-su-equipo-ya-es-record-y-suena-con-europa-tras-25-anos\/","title":{"rendered":"ataj\u00f3 dos penales en el adicionado, su equipo ya es r\u00e9cord y sue\u00f1a con Europa tras 25 a\u00f1os"},"content":{"rendered":"<p> <br \/>\n<\/p>\n<div id=\"cuerpo\">\n<div class=\"sc-80531b6b-0 chRIGJ container-text text-embed\">\n<p>El <strong>Rayo Vallecano <\/strong>logr\u00f3 meterse, al menos de manera moment\u00e1nea, en puestos europeos tras imponerse por 0-1 al <strong>Legan\u00e9s<\/strong>,<strong> <\/strong>en un duelo de humildes en Madrid, y que que tuvo como gran protagonista al arquero argentino <strong>Augusto Batalla<\/strong>.<\/p>\n<\/div>\n<div class=\"sc-80531b6b-0 chRIGJ container-text text-embed\">\n<p>El Rayo se puso por delante con un tanto de Path\u00e9 Ciss y sobre el final, en el tiempo adicionado, logr\u00f3 aferrarse a la ventaja <strong>gracias a dos penales atajados por Batalla<\/strong>, luego de que el primero tuvo que ser repetido por invasi\u00f3n de \u00e1rea.<\/p>\n<\/div>\n<div class=\"sc-80531b6b-0 chRIGJ container-text text-embed\">\n<p>El futbolista surgido en River, que hace un par de temporadas brill\u00f3 en el f\u00fatbol argentino ocupando el arco de San Lorenzo, quebrando r\u00e9cords de imbatibilidad, esta temporada se propuso hacer historia con el conjunto de Vallecas, y lo est\u00e1 logrando.<\/p>\n<\/div>\n<div class=\"sc-80531b6b-0 chRIGJ container-text text-embed\">\n<p>En esta ocasi\u00f3n, ante Legan\u00e9s, se erigi\u00f3 como figura sobre el final al atajar un penal, que se tuvo que repetir, \u00a1y lo ataj\u00f3 otra vez! Algo parecido ya hab\u00eda hecho en junio de 2023, con el Cicl\u00f3n frente a Estudiantes en La Plata, en ese caso amargando a Benjam\u00edn Rollheiser, hoy en Benfica.<\/p>\n<\/div>\n<div class=\"sc-80531b6b-0 chRIGJ container-text text-embed\">\n<p>Un a\u00f1o y medio despu\u00e9s, en la capital espa\u00f1ola, Batalla fue figura del Rayo Vallecano ante Legan\u00e9s. En la previa, ambos conjuntos llegaban en buen momento de forma, el local sin perder en 2025 y habiendo ganado al Atl\u00e9tico y empatando en San Mam\u00e9s en las dos \u00faltimas jornadas; y el visitante <strong>sin perder en liga desde el 1 de diciembre<\/strong>, marcando adem\u00e1s en todos sus partidos desde entonces.<\/p>\n<\/div>\n<div class=\"sc-80531b6b-0 chRIGJ container-text text-embed\">\n<p>En esas circunstancias, el contexto parec\u00eda prometedor para los aficionados, aunque la realidad fue completamente distinta. M\u00e1s dominador el cuadro visitante, pero no lo suficiente como para generar acciones de peligro, sus acercamientos se limitaron al centros laterales m\u00e1s o menos complicados de desviar para la defensa.<\/p>\n<\/div>\n<div class=\"sc-80531b6b-0 chRIGJ container-text text-embed\">\n<p>Sin embargo, sobre el final del primer tiempo, cuando ambos equipos ya se marchaban satisfechos con el empate, el partido sufri\u00f3 una sacudidad que termin\u00f3 cambi\u00e1ndolo. En una jugada aislada, Randy Nteka le gan\u00f3 la espalda a Sergio Gonz\u00e1lez y el central le agarr\u00f3 al borde del \u00e1rea obligando a que el \u00e1rbitro le sacara la tarjeta roja por considerar la acci\u00f3n como una ocasi\u00f3n manifiesta de gol. Y los due\u00f1os de casa se quedaron con 10 jugadores para afrontar toda la segunda mitad.<\/p>\n<\/div>\n<div class=\"sc-80531b6b-0 chRIGJ container-text text-embed\">\n<p>Animado por lo sucedido, el Rayo sali\u00f3 al complemento con ganas de ponerse pronto por delante ante un Legan\u00e9s que se maneja con soltura cada vez que le toca ponerse a la defensiva. Reci\u00e9n a los 32 minutos lleg\u00f3 el gol de los de Vallecas: un tiro de esquina peinado por <strong>Florian Lejeune <\/strong>lo cabece\u00f3 al travesa\u00f1o <strong>Sergio Camello <\/strong>y el rebote le cay\u00f3 a <strong>Path\u00e9 Ciss<\/strong>, que en su primer intento se encontr\u00f3 con el arquero serbio Marko Dmitrovic pero en el segundo la mand\u00f3 a guardar.<\/p>\n<\/div>\n<div class=\"sc-80531b6b-0 chRIGJ container-text text-embed\">\n<p>Esa jugada pareci\u00f3 liquidar el encuentro pero, en el descuento, un penal de Florian Lejeune sobre Darko Brasanac abri\u00f3 una puerta hacia el empate. Asumi\u00f3 la responsabilidad del lanzamiento Miguel de la Fuente y rechaz\u00f3 Augusto Batalla, aunque apareci\u00f3 Valentin Rosier para empujarla a la red.<\/p>\n<\/div>\n<div class=\"sc-80531b6b-0 chRIGJ container-text text-embed\">\n<p>Sin embargo, el VAR detect\u00f3 que el defensor hab\u00eda invadido el \u00e1rea al momento del remate, por lo que el penal tuvo que volver a ejecutarse. De la Fuente cambi\u00f3 de palo, y Batalla adivin\u00f3. Como en sus viejos buenos tiempos con San Lorenzo, el 1 argentino que lleva la 13, se convirti\u00f3 en el h\u00e9roe de la noche.<\/p>\n<\/div>\n<p><h2>Rayo Vallecano ya hizo historia y se escapa del descenso pero sue\u00f1a con Europa<\/h2>\n<\/p>\n<div class=\"sc-80531b6b-0 chRIGJ container-text text-embed\">\n<p>El triunfo del Rayo Vallecano en Butarque ante el Legan\u00e9s (0-1) tuvo como &#8220;premio&#8221; a\u00f1adido que el conjunto de la banda roja, adem\u00e1s de situarse de manera provisional en puestos europeos, <strong>ha igualado el r\u00e9cord de ocho partidos sin perder en Liga que marc\u00f3 en noviembre de 2023<\/strong> en la etapa de Francisco Rodr\u00edguez como entrenador. Los de I\u00f1igo P\u00e9rez repiten la mejor racha de su historia en la m\u00e1xima categor\u00eda despu\u00e9s de permanecer invictos desde el pasado 1 de diciembre, cuando cayeron en Vallecas ante el Athletic Club por 1-2.<\/p>\n<\/div>\n<div class=\"sc-80531b6b-0 chRIGJ container-text text-embed\">\n<p>Desde entonces, <strong>han ganado cuatro partido<\/strong>s (Valencia, Celta, Girona y Legan\u00e9s) <strong>y han empatado otros cuatro<\/strong> (Real Madrid, Villarreal, Betis y Osasuna), lo que ha acarreado que sea <strong>sexto en la tabla<\/strong>, con 32 puntos, dos m\u00e1s que el Mallorca, que tiene que jugar este s\u00e1bado ante el Atl\u00e9tico en el Metropolitano.<\/p>\n<\/div>\n<div class=\"sc-80531b6b-0 chRIGJ container-text text-embed\">\n<p>Este buen momento de los rayistas les acerca al objetivo de la <strong>permanencia<\/strong>, que fijan en 40 puntos, pero alimenta las expectativas de aspirar a un puesto europeo, algo que solo han conseguido en una ocasi\u00f3n.<\/p>\n<\/div>\n<div class=\"sc-198be8ec-0 cynXbu image-embed  image-embed \"><picture class=\"sc-198be8ec-1 kOjRiQ\"><source media=\"(min-width: 975px)\" width=\"720\" height=\"480\" \/><img alt=\"Augusto Batalla, celebra con sus compa\u00f1eros la victoria del equipo vallecano ante Legan\u00e9s. EFE \/ Juanjo Mart\u00edn.\" loading=\"lazy\" width=\"720\" height=\"480\" decoding=\"async\" data-nimg=\"1\" style=\"color:transparent\" src=\"https:\/\/13.com.ar\/wp-content\/uploads\/2025\/02\/atajo-dos-penales-en-el-adicionado-su-equipo-ya-es.jpg\"\/><span class=\"epigraphe\">Augusto Batalla, celebra con sus compa\u00f1eros la victoria del equipo vallecano ante Legan\u00e9s. EFE \/ Juanjo Mart\u00edn.<\/span><span class=\"bkg\"\/><span class=\"picture-open\"><button class=\"open-image\" aria-label=\"Open Image\"\/><\/span><\/picture><\/div>\n<div class=\"sc-80531b6b-0 chRIGJ container-text text-embed\">\n<p>Fue en la <strong>temporada 2000-2001<\/strong>, cuando, de la mano de Juande Ramos de entrenador, participaron en la UEFA invitados por ser uno de los equipos con menos amonestaciones en la campa\u00f1a anterior.<\/p>\n<\/div>\n<div class=\"sc-80531b6b-0 chRIGJ container-text text-embed\">\n<p>En la temporada 2023-24, cuando tambi\u00e9n enlazaron ocho partidos sin perder, el Rayo sum\u00f3 de manera consecutiva dos victorias y seis empates y la racha se trunc\u00f3 al perder en casa ante el Girona (1-2), l\u00edder de la Liga en aquel momento, al que los de I\u00f1igo P\u00e9rez derrotaron el pasado domingo con remontada (1-2).<\/p>\n<\/div>\n<div class=\"sc-80531b6b-0 chRIGJ container-text text-embed\">\n<p>Al r\u00e9cord logrado por Francisco sucedi\u00f3 una mala racha que desemboc\u00f3 en la destituci\u00f3n del t\u00e9cnico almeriense en febrero del pasado a\u00f1o, a quien relev\u00f3 <strong>I\u00f1igo P\u00e9rez<\/strong>, quien logr\u00f3 que el equipo se mantuviera en Primera Divisi\u00f3n tras acabar con 38 puntos, en el puesto 17 de la tabla.<\/p>\n<\/div>\n<div class=\"sc-80531b6b-0 chRIGJ container-text text-embed\">\n<p>Con el exfutbolista del Athletic y Osasuna al frente del equipo, el Rayo tiene la opci\u00f3n de batir el r\u00e9cord en solitario de partidos ligueros sin perder.<\/p>\n<\/div>\n<div class=\"sc-80531b6b-0 chRIGJ container-text text-embed\">\n<p>Su siguiente enfrentamiento ser\u00e1 <strong>el pr\u00f3ximo viernes en Vallecas ante el Valladolid<\/strong>, situado en puestos de descenso, que preceder\u00e1 a la visita a Montj\u00fcic para jugar contra el <strong>Barcelona <\/strong>el 17 de febrero.<\/p>\n<\/div>\n<div class=\"sc-80531b6b-0 chRIGJ container-text text-embed\">\n<p>A\u00fan tiene lejos las dos marcas que logr\u00f3 el conjunto cuando el t\u00e9cnico era Paco J\u00e9mez, con el que obtuvo 16 victorias y <strong>53 puntos en una misma temporada<\/strong>, en la 2012-13, en la que acarici\u00f3 la competici\u00f3n europea.<\/p>\n<\/div>\n<div class=\"sc-80531b6b-0 chRIGJ container-text text-embed\">\n<p>Desde su llegada al banquillo vallecano, I\u00f1igo P\u00e9rez ha disputado 35 partidos de Liga, con diez victorias, trece empates y doce derrotas.<strong> En la presente campa\u00f1a, los madrile\u00f1os contabilizan ocho triunfos, ocho empates y seis tropiezos<\/strong>.<\/p>\n<\/div>\n<\/div>\n<p><br \/>\n<br \/><a href=\"https:\/\/www.clarin.com\/deportes\/augusto-batalla-heroe-rayo-vallecano-atajo-penales-adicionado-equipo-record-suena-europa-25-anos_0_DXCLPZAb9m.html\">Fuente Clarin.com <\/a><\/p>\n","protected":false},"excerpt":{"rendered":"<p>El Rayo Vallecano logr\u00f3 meterse, al menos de manera moment\u00e1nea, en puestos europeos tras imponerse por 0-1 al Legan\u00e9s, en un duelo de humildes en Madrid, y que que tuvo como gran protagonista al arquero argentino Augusto Batalla. El Rayo se puso por delante con un tanto de Path\u00e9 Ciss y sobre el final, en [&hellip;]<\/p>\n","protected":false},"author":1,"featured_media":1154,"comment_status":"open","ping_status":"open","sticky":false,"template":"","format":"standard","meta":{"footnotes":""},"categories":[2],"tags":[2628,636,2626,18,59,1782,363,2627,562,1606,312],"class_list":["post-1153","post","type-post","status-publish","format-standard","has-post-thumbnail","hentry","category-ultimas-noticias","tag-adicionado","tag-anos","tag-atajo","tag-con","tag-dos","tag-equipo","tag-europa","tag-penales","tag-record","tag-suena","tag-tras"],"_links":{"self":[{"href":"https:\/\/13.com.ar\/index.php\/wp-json\/wp\/v2\/posts\/1153","targetHints":{"allow":["GET"]}}],"collection":[{"href":"https:\/\/13.com.ar\/index.php\/wp-json\/wp\/v2\/posts"}],"about":[{"href":"https:\/\/13.com.ar\/index.php\/wp-json\/wp\/v2\/types\/post"}],"author":[{"embeddable":true,"href":"https:\/\/13.com.ar\/index.php\/wp-json\/wp\/v2\/users\/1"}],"replies":[{"embeddable":true,"href":"https:\/\/13.com.ar\/index.php\/wp-json\/wp\/v2\/comments?post=1153"}],"version-history":[{"count":0,"href":"https:\/\/13.com.ar\/index.php\/wp-json\/wp\/v2\/posts\/1153\/revisions"}],"wp:featuredmedia":[{"embeddable":true,"href":"https:\/\/13.com.ar\/index.php\/wp-json\/wp\/v2\/media\/1154"}],"wp:attachment":[{"href":"https:\/\/13.com.ar\/index.php\/wp-json\/wp\/v2\/media?parent=1153"}],"wp:term":[{"taxonomy":"category","embeddable":true,"href":"https:\/\/13.com.ar\/index.php\/wp-json\/wp\/v2\/categories?post=1153"},{"taxonomy":"post_tag","embeddable":true,"href":"https:\/\/13.com.ar\/index.php\/wp-json\/wp\/v2\/tags?post=1153"}],"curies":[{"name":"wp","href":"https:\/\/api.w.org\/{rel}","templated":true}]}}