{"id":11455,"date":"2025-03-13T06:32:29","date_gmt":"2025-03-13T09:32:29","guid":{"rendered":"https:\/\/13.com.ar\/index.php\/la-ultima-respuesta-de-google-por-la-crisis-del-chromecast-deja-a-los-usuarios-al-borde-del-velorio\/"},"modified":"2025-03-13T06:32:29","modified_gmt":"2025-03-13T09:32:29","slug":"la-ultima-respuesta-de-google-por-la-crisis-del-chromecast-deja-a-los-usuarios-al-borde-del-velorio","status":"publish","type":"post","link":"https:\/\/13.com.ar\/index.php\/la-ultima-respuesta-de-google-por-la-crisis-del-chromecast-deja-a-los-usuarios-al-borde-del-velorio\/","title":{"rendered":"La \u00faltima respuesta de Google por la crisis del Chromecast deja a los usuarios al borde del velorio"},"content":{"rendered":"<p> <br \/>\n<\/p>\n<div id=\"cuerpo\">\n<div class=\"sc-80531b6b-0 chRIGJ container-text text-embed\">\n<p><strong>Google Nest Community<\/strong>, el sitio web que Google dio como referencia para mantener informados a los usuarios de Chromecast sobre la evoluci\u00f3n del problema que afecta a estos dispositivos desde el domingo, en las \u00faltimas horas se volvi\u00f3 una caldera, dada la creciente impaciencia del p\u00fablico incr\u00e9dulo con la situaci\u00f3n. Una disculpa al menos, de parte de Google, ha tenido lugar. M\u00e1s el aviso de que la causa de la ca\u00edda t\u00e9cnica, al parecer, <strong>habr\u00eda sido identificada<\/strong>.<\/p>\n<\/div>\n<div class=\"sc-80531b6b-0 chRIGJ container-text text-embed\">\n<p>\u201c\u00bfM\u00e1s cerca de una soluci\u00f3n? Han pasado cuatro d\u00edas\u201d, dice un usuario visiblemente ofuscado. Otro suma: \u201cDesafortunadamente restablec\u00ed los datos de f\u00e1brica pero solo m\u00e1s tarde le\u00ed que no se deb\u00eda hacer. \u00bfC\u00f3mo puedo hacer que mi dispositivo vuelva a funcionar?\u201d. El <strong>tono de velorio<\/strong> por el preciado bien, que de golpe ha muerto con el impacto de un infarto, tiende a subir a medida que el mouse de la pesquisa se desliza en la pantalla.<\/p>\n<\/div>\n<div class=\"sc-80531b6b-0 chRIGJ container-text text-embed\">\n<p>Un tercer usuario <strong>redobla el lamento<\/strong>: \u201cHola, por desgracia. Cuando mi Google Chromecast dej\u00f3 de funcionar, lo restablec\u00ed&#8230; Despu\u00e9s de buscar en internet si hab\u00eda alg\u00fan problema en todo el mundo. En ese momento, no encontr\u00e9 ninguna respuesta, as\u00ed que pens\u00e9 que era un problema con mi Chromecast. A la ma\u00f1ana siguiente, apareci\u00f3 informaci\u00f3n sobre el problema <strong>en todo el mundo<\/strong>. \u00a1Demasiado tarde! No tengo dinero para comprar uno nuevo. Si fuera rico, tendr\u00eda una Smart TV&#8230; Qu\u00e9 pena&#8230;\u201d.<\/p>\n<\/div>\n<div class=\"sc-80531b6b-0 chRIGJ container-text text-embed\">\n<p>La <strong>desconfianza<\/strong> se combina en este escenario con la resignaci\u00f3n popular: \u201cTantos expertos en el tema, que trabajan en Google y no pueden arreglar el problema que tiene el Chromecast, es incre\u00edble usemos otras marcas mejor y hacer un boicot contra la marca, a ver Trump haz algo\u201d, aporta el posteo siguiente, con el desorden propio del desconsuelo.<\/p>\n<\/div>\n<div class=\"sc-80531b6b-0 chRIGJ container-text text-embed\">\n<p>Google, por su parte, ha dado hasta ahora <strong>escasas se\u00f1ales de vida<\/strong> ante la crisis. En la primera comunicaci\u00f3n<strong> reconoci\u00f3 el problema<\/strong> y aclar\u00f3 a qu\u00e9 dispositivos afecta, para agregar que est\u00e1 trabajando en una reparaci\u00f3n del da\u00f1o y avisar a la gente que <strong>no resetee de f\u00e1brica sus dispositivos<\/strong> (lamentablemente luego de que muchos lo hicieran) porque entonces la cuesta arriba se har\u00e1 m\u00e1s pronunciada. Aunque no imposible.<\/p>\n<\/div>\n<div class=\"sc-198be8ec-0 cynXbu image-embed  image-embed \"><picture class=\"sc-198be8ec-1 kOjRiQ\"><source media=\"(min-width: 975px)\" width=\"720\" height=\"480\" \/><img alt=\"El Chromecast 2 de Google dej\u00f3 de funcionar el \u00faltimo domingo y los usuarios esperan una soluci\u00f3n.\" loading=\"lazy\" width=\"720\" height=\"480\" decoding=\"async\" data-nimg=\"1\" style=\"color:transparent\" src=\"https:\/\/13.com.ar\/wp-content\/uploads\/2025\/03\/Google-advierte-que-pasara-con-los-Chromecast-que-la-gente.jpg\"\/><span class=\"epigraphe\">El Chromecast 2 de Google dej\u00f3 de funcionar el \u00faltimo domingo y los usuarios esperan una soluci\u00f3n.<\/span><span class=\"bkg\"\/><span class=\"picture-open\"><button class=\"open-image\" aria-label=\"Open Image\"\/><\/span><\/picture><\/div>\n<div class=\"sc-80531b6b-0 chRIGJ container-text text-embed\">\n<p>La segunda misiva de una de las empresas m\u00e1s grandes del mundo -cuyo CEO, Sundar Pihai, casualmente entr\u00f3 en funciones <strong>hace diez a\u00f1os<\/strong>, cuando el Chromecast 2 se lanzaba al mercado- trat\u00f3 de amortiguar la tempestad. Pero pese a que el mensaje corporativo tuvo<strong> tono esperanzador<\/strong>, no alcanz\u00f3 para frenar la inercia de la frustraci\u00f3n. La gente sigui\u00f3 despotricando y lamentando, hasta el cierre del mi\u00e9rcoles, la falta de una respuesta en tiempo y forma.<\/p>\n<\/div>\n<div class=\"sc-80531b6b-0 chRIGJ container-text text-embed\">\n<p>Google ha repetido en parte, en su \u00faltimo posteo, conceptos del primer mensaje, pero ahora le sum\u00f3 algo clave: \u201cEl equipo tambi\u00e9n<strong> ha identificado la causa <\/strong>de esto y actualmente est\u00e1 trabajando para solucionarlo. Estamos trabajando para resolver esto lo antes posible y te mantendremos informado cuando haya m\u00e1s informaci\u00f3n para compartir. Te pedimos disculpas sinceras por los inconvenientes y agradecemos tu paciencia mientras tanto. Gracias\u201d.<\/p>\n<\/div>\n<div class=\"sc-80531b6b-0 chRIGJ container-text text-embed\">\n<p>A esta altura del affaire Chromecast, todo vecino m\u00e1s o menos informado se ha enterado -si no lo sab\u00eda antes- <strong>qu\u00e9 es y para qu\u00e9 sirve<\/strong> este dispositivo, que b\u00e1sicamente permite enlazar el celular con el televisor para transmitir series y pel\u00edculas, para evitar tener que mirarlas en la peque\u00f1a pantalla de bolsillo. Un consumo que, moderado o en atracones, se ha vuelto signo de los tiempos durante la \u00faltima d\u00e9cada. De ah\u00ed que la reacci\u00f3n en cadena por tama\u00f1a traici\u00f3n tecnol\u00f3gica a los h\u00e1bitos adquiridos haya provocado tal descalabro.<\/p>\n<\/div>\n<p><h2>La explicaci\u00f3n de la falla<\/h2>\n<\/p>\n<div class=\"sc-80531b6b-0 chRIGJ container-text text-embed\">\n<p><strong>Clar\u00edn<\/strong> consult\u00f3 sobre el problema suscitado con el Chromecast al tecn\u00f3logo Fredi Vivas, ingeniero y profesor especializado en inteligencia artificial, adem\u00e1s de CEO y fundador de RockingData. Explic\u00f3: &#8220;Todo este caos generado es, aparentemente, por <strong>un certificado de seguridad que est\u00e1 vencido<\/strong>. Y eso hace que los dispositivos de segunda generaci\u00f3n no funcionen. Ese certificado es una garant\u00eda que se tiene de que el software es seguro. Esto suele pasar, a veces, que se vencen y los equipos por protocolo ignoran al software porque ya no lo consideran seguro&#8221;.<\/p>\n<\/div>\n<div class=\"sc-80531b6b-0 chRIGJ container-text text-embed\">\n<p>Agreg\u00f3: &#8220;Ese certificado, todo indica, <strong>expir\u00f3 el 9 de marzo<\/strong>. Dur\u00f3 diez a\u00f1os y venci\u00f3, por lo que autom\u00e1ticamente estos equipos dejaron de funcionar. Entre las recomendaciones que hicieron oficialmente desde la empresa, Google dec\u00eda que <strong>no hab\u00eda que resetear<\/strong> los dispositivos a los valores por default o de f\u00e1brica, lo que levant\u00f3 controversia. No se sabe bien cu\u00e1les son las intenciones detr\u00e1s de esto&#8221;. Y concluy\u00f3: &#8220;Hay algunas personas que dicen que lo que est\u00e1 tratando de hacer Google es que los usuarios se actualicen, que cambien los equipos al considerarlos obsoletos&#8221;.<\/p>\n<\/div>\n<\/div>\n<p><br \/>\n<br \/><a href=\"https:\/\/www.clarin.com\/sociedad\/ultima-respuesta-google-crisis-chromecast-deja-usuarios-borde-velorio_0_XMJI9kAnIm.html\">Fuente Clarin.com <\/a><\/p>\n","protected":false},"excerpt":{"rendered":"<p>Google Nest Community, el sitio web que Google dio como referencia para mantener informados a los usuarios de Chromecast sobre la evoluci\u00f3n del problema que afecta a estos dispositivos desde el domingo, en las \u00faltimas horas se volvi\u00f3 una caldera, dada la creciente impaciencia del p\u00fablico incr\u00e9dulo con la situaci\u00f3n. Una disculpa al menos, de [&hellip;]<\/p>\n","protected":false},"author":1,"featured_media":11099,"comment_status":"open","ping_status":"open","sticky":false,"template":"","format":"standard","meta":{"footnotes":""},"categories":[2],"tags":[675,11332,625,482,100,180,28,142,3482,1859,4739,11523],"class_list":["post-11455","post","type-post","status-publish","format-standard","has-post-thumbnail","hentry","category-ultimas-noticias","tag-borde","tag-chromecast","tag-crisis","tag-deja","tag-del","tag-google","tag-los","tag-por","tag-respuesta","tag-ultima","tag-usuarios","tag-velorio"],"_links":{"self":[{"href":"https:\/\/13.com.ar\/index.php\/wp-json\/wp\/v2\/posts\/11455","targetHints":{"allow":["GET"]}}],"collection":[{"href":"https:\/\/13.com.ar\/index.php\/wp-json\/wp\/v2\/posts"}],"about":[{"href":"https:\/\/13.com.ar\/index.php\/wp-json\/wp\/v2\/types\/post"}],"author":[{"embeddable":true,"href":"https:\/\/13.com.ar\/index.php\/wp-json\/wp\/v2\/users\/1"}],"replies":[{"embeddable":true,"href":"https:\/\/13.com.ar\/index.php\/wp-json\/wp\/v2\/comments?post=11455"}],"version-history":[{"count":0,"href":"https:\/\/13.com.ar\/index.php\/wp-json\/wp\/v2\/posts\/11455\/revisions"}],"wp:featuredmedia":[{"embeddable":true,"href":"https:\/\/13.com.ar\/index.php\/wp-json\/wp\/v2\/media\/11099"}],"wp:attachment":[{"href":"https:\/\/13.com.ar\/index.php\/wp-json\/wp\/v2\/media?parent=11455"}],"wp:term":[{"taxonomy":"category","embeddable":true,"href":"https:\/\/13.com.ar\/index.php\/wp-json\/wp\/v2\/categories?post=11455"},{"taxonomy":"post_tag","embeddable":true,"href":"https:\/\/13.com.ar\/index.php\/wp-json\/wp\/v2\/tags?post=11455"}],"curies":[{"name":"wp","href":"https:\/\/api.w.org\/{rel}","templated":true}]}}