{"id":1145,"date":"2025-02-01T08:44:43","date_gmt":"2025-02-01T11:44:43","guid":{"rendered":"https:\/\/13.com.ar\/index.php\/quien-es-yarden-bibas-el-padre-de-los-dos-nenes-argentinos-que-fue-liberado-por-hamas\/"},"modified":"2025-02-01T08:44:43","modified_gmt":"2025-02-01T11:44:43","slug":"quien-es-yarden-bibas-el-padre-de-los-dos-nenes-argentinos-que-fue-liberado-por-hamas","status":"publish","type":"post","link":"https:\/\/13.com.ar\/index.php\/quien-es-yarden-bibas-el-padre-de-los-dos-nenes-argentinos-que-fue-liberado-por-hamas\/","title":{"rendered":"Qui\u00e9n es Yarden Bibas, el padre de los dos nenes argentinos que fue liberado por Hamas"},"content":{"rendered":"<p> <br \/>\n<br \/><img decoding=\"async\" src=\"https:\/\/13.com.ar\/wp-content\/uploads\/2025\/02\/Quien-es-Yarden-Bibas-el-padre-de-los-dos-nenes.jpg\" \/><\/p>\n<div>\n<p>Yarden Bibas fue liberado, pero sin su esposa, Shiri Bibas, ni sus dos hijos. Kfir, el m\u00e1s peque\u00f1o de los ni\u00f1os y el m\u00e1s joven de todos los rehenes, ten\u00eda ocho meses y medio cuando fue tomado por miembros de Hamas en Israel, y Ariel, el mayor, cuatro a\u00f1os.<\/p>\n<\/div>\n<div>\n<p>El 7 de octubre de 2023, fue capturado en su casa en el kibutz Nir Oz, en la frontera con Gaza, y separado del resto de su familia. Fue grabado con la cabeza ensangrentada, llevado por hombres armados. Sus suegros, Margit y Yossi Silberman, fueron abatidos.<\/p>\n<\/div>\n<div>\n<p>Soldador de profesi\u00f3n, Yarden Bibas -cumpli\u00f3 35 a\u00f1os en cautiverio- era conocido como una persona alegre. Seg\u00fan el Foro de Familias de Rehenes, le pidi\u00f3 matrimonio a su esposa en Italia, en un famoso restaurante.<\/p>\n<\/div>\n<div>\n<p>Antes del ataque, junto a su familia se hab\u00eda planteado la posibilidad de abandonar Nir Oz, cansados de los disparos de cohetes provenientes de Gaza, para mudarse a la parte del Gol\u00e1n conquistada por Israel en Siria en 1967, y anexada desde entonces.<\/p>\n<\/div>\n<div>\n<p><strong>El estado de los dos ni\u00f1os y de su madre preocupa en Israel.<\/strong> Hamas anunci\u00f3 que los tres hab\u00edan muerto en un bombardeo israel\u00ed en noviembre de 2023, pero Israel nunca lo confirm\u00f3.<\/p>\n<\/div>\n<div>\n<p>&#8220;Israel exige el regreso de Shiri Bibas y de sus hijos, cuya suerte preocupa profundamente&#8221;, declar\u00f3 el 25 de enero el contraalmirante Daniel Hagari, portavoz del ej\u00e9rcito israel\u00ed, reavivando las especulaciones sobre su estado.<\/p>\n<\/div>\n<div>\n<p>La madre y los dos ni\u00f1os -ahora la \u00fanica mujer y los \u00fanicos ni\u00f1os a\u00fan secuestrados en Gaza- <strong>figuran en la lista de los 33 rehenes que deben ser liberados<\/strong> durante la primera fase del acuerdo de alto el fuego entre Israel y Hamas. <strong>Pero Israel advirti\u00f3 que ocho de estos rehenes fallecieron, sin decir qui\u00e9nes.<\/strong><\/p>\n<\/div>\n<p><br \/>\n<br \/><a href=\"https:\/\/www.clarin.com\/mundo\/yarden-bibas-padre-nenes-argentinos-liberado-hamas_0_XxAW4Ikz58.html\">Fuente Clarin.com <\/a><\/p>\n","protected":false},"excerpt":{"rendered":"<p>Yarden Bibas fue liberado, pero sin su esposa, Shiri Bibas, ni sus dos hijos. Kfir, el m\u00e1s peque\u00f1o de los ni\u00f1os y el m\u00e1s joven de todos los rehenes, ten\u00eda ocho meses y medio cuando fue tomado por miembros de Hamas en Israel, y Ariel, el mayor, cuatro a\u00f1os. El 7 de octubre de 2023, [&hellip;]<\/p>\n","protected":false},"author":1,"featured_media":1146,"comment_status":"open","ping_status":"open","sticky":false,"template":"","format":"standard","meta":{"footnotes":""},"categories":[2],"tags":[671,2617,59,105,1461,2618,28,2158,2157,142,3,2616],"class_list":["post-1145","post","type-post","status-publish","format-standard","has-post-thumbnail","hentry","category-ultimas-noticias","tag-argentinos","tag-bibas","tag-dos","tag-fue","tag-hamas","tag-liberado","tag-los","tag-nenes","tag-padre","tag-por","tag-quien","tag-yarden"],"_links":{"self":[{"href":"https:\/\/13.com.ar\/index.php\/wp-json\/wp\/v2\/posts\/1145","targetHints":{"allow":["GET"]}}],"collection":[{"href":"https:\/\/13.com.ar\/index.php\/wp-json\/wp\/v2\/posts"}],"about":[{"href":"https:\/\/13.com.ar\/index.php\/wp-json\/wp\/v2\/types\/post"}],"author":[{"embeddable":true,"href":"https:\/\/13.com.ar\/index.php\/wp-json\/wp\/v2\/users\/1"}],"replies":[{"embeddable":true,"href":"https:\/\/13.com.ar\/index.php\/wp-json\/wp\/v2\/comments?post=1145"}],"version-history":[{"count":0,"href":"https:\/\/13.com.ar\/index.php\/wp-json\/wp\/v2\/posts\/1145\/revisions"}],"wp:featuredmedia":[{"embeddable":true,"href":"https:\/\/13.com.ar\/index.php\/wp-json\/wp\/v2\/media\/1146"}],"wp:attachment":[{"href":"https:\/\/13.com.ar\/index.php\/wp-json\/wp\/v2\/media?parent=1145"}],"wp:term":[{"taxonomy":"category","embeddable":true,"href":"https:\/\/13.com.ar\/index.php\/wp-json\/wp\/v2\/categories?post=1145"},{"taxonomy":"post_tag","embeddable":true,"href":"https:\/\/13.com.ar\/index.php\/wp-json\/wp\/v2\/tags?post=1145"}],"curies":[{"name":"wp","href":"https:\/\/api.w.org\/{rel}","templated":true}]}}