{"id":11441,"date":"2025-03-13T05:07:47","date_gmt":"2025-03-13T08:07:47","guid":{"rendered":"https:\/\/13.com.ar\/index.php\/como-percibimos-la-luna-por-que-se-tine-de-rojo-y-otras-ilusiones-opticas-del-cielo\/"},"modified":"2025-03-13T05:07:47","modified_gmt":"2025-03-13T08:07:47","slug":"como-percibimos-la-luna-por-que-se-tine-de-rojo-y-otras-ilusiones-opticas-del-cielo","status":"publish","type":"post","link":"https:\/\/13.com.ar\/index.php\/como-percibimos-la-luna-por-que-se-tine-de-rojo-y-otras-ilusiones-opticas-del-cielo\/","title":{"rendered":"c\u00f3mo percibimos la Luna, por qu\u00e9 se ti\u00f1e de rojo y otras ilusiones \u00f3pticas del cielo"},"content":{"rendered":"<p> <br \/>\n<\/p>\n<div id=\"cuerpo\">\n<div class=\"sc-80531b6b-0 chRIGJ container-text text-embed\">\n<p>\u201cRespecto a los eclipses de Luna, es como el agua de un r\u00edo: parece lo mismo, pero siempre son diferentes\u201d, dice <strong>Alejandro Blain<\/strong>, socio vitalicio y honorario de la Asociaci\u00f3n Argentina Amigos de la Astronom\u00eda. De cara al pr\u00f3ximo eclipse lunar total del 14 de marzo, convers\u00f3 con <strong>Clar\u00edn <\/strong>sobre las razones del tono rojizo y explica algunos detalles de nuestra percepci\u00f3n del \u00fanico sat\u00e9lite natural de la Tierra.<\/p>\n<\/div>\n<div class=\"sc-80531b6b-0 chRIGJ container-text text-embed\">\n<p>\u201cSi vos estuvieras en la Luna, ver\u00edas una Tierra que est\u00e1 eclipsando al Sol, y todo lo que ver\u00edas es un <strong>anillo de luz alrededor de la Tierra<\/strong>. Esas luces que rodean a la Tierra no son m\u00e1s que los <strong>atardeceres y amaneceres en nuestro planeta<\/strong>\u201d, explica. \u201cEsos colores se proyectan hacia la Luna y nunca ser\u00e1n exactamente iguales, por eso cada eclipse ser\u00e1 -y se ver\u00e1- diferente\u201d.<\/p>\n<\/div>\n<div class=\"sc-80531b6b-0 chRIGJ container-text text-embed\">\n<p>A su vez, cambiar\u00e1n seg\u00fan la posici\u00f3n por la que pasa la Luna (si pasa m\u00e1s centrada -justo por el medio de la sombra de la Tierra o hacia un borde), ya que cada zona de la sombra de la Tierra tiene <strong>diferentes matices e intensidades<\/strong>: es m\u00e1s oscura hacia el centro y se aclara hacia el borde.<\/p>\n<\/div>\n<div class=\"sc-198be8ec-0 cynXbu image-embed  image-embed \"><picture class=\"sc-198be8ec-1 kOjRiQ\"><source media=\"(min-width: 975px)\" width=\"720\" height=\"480\" \/><img alt=\"\u201cRespecto a los eclipses de Luna, es como el agua de un r\u00edo: parece lo mismo, pero siempre son diferentes\u201d, dice Alejandro Blain. Foto: ilustraci\u00f3n Shutterstock.\" loading=\"lazy\" width=\"720\" height=\"480\" decoding=\"async\" data-nimg=\"1\" style=\"color:transparent\" src=\"https:\/\/13.com.ar\/wp-content\/uploads\/2025\/03\/como-percibimos-la-Luna-por-que-se-tine-de-rojo.jpg\"\/><span class=\"epigraphe\">\u201cRespecto a los eclipses de Luna, es como el agua de un r\u00edo: parece lo mismo, pero siempre son diferentes\u201d, dice Alejandro Blain. Foto: ilustraci\u00f3n Shutterstock.<\/span><span class=\"bkg\"\/><span class=\"picture-open\"><button class=\"open-image\" aria-label=\"Open Image\"\/><\/span><\/picture><\/div>\n<div class=\"sc-80531b6b-0 chRIGJ container-text text-embed\">\n<p>\u201cEso los hace \u00fanicos, porque todos se ven distintos. La Luna pasa de muy brillante a m\u00e1s oscura, \u2018rojiza\u2019&#8230; Para el que sabe de colores, hay un cambio continuo de matices: seg\u00fan el brillo y la intensidad, cambia la coloraci\u00f3n\u201d.<\/p>\n<\/div>\n<div class=\"sc-80531b6b-0 chRIGJ container-text text-embed\">\n<p>Tal es as\u00ed que el astr\u00f3nomo franc\u00e9s Andr\u00e9 Danjon cre\u00f3 una escala (la <strong>escala de Danjon<\/strong>) para describir la tonalidad de la Luna y clasificar la intensidad del eclipse lunar en funci\u00f3n de su color y brillo, especialmente durante un eclipse lunar total.<\/p>\n<\/div>\n<div class=\"sc-80531b6b-0 chRIGJ container-text text-embed\">\n<p>A medida que avanza el eclipse, los observadores registran el color y el brillo de la Luna y asignan un valor en la escala, seg\u00fan las caracter\u00edsticas visuales que se presenten, para compararlos a lo largo del tiempo y estudiar las condiciones atmosf\u00e9ricas de la Tierra. \u201cEs como el <strong>muestrario de colores <\/strong>cuando vas a comprar pintura\u201d, ilustra Alejandro.<\/p>\n<\/div>\n<div class=\"sc-198be8ec-0 cynXbu image-embed  image-embed \"><picture class=\"sc-198be8ec-1 kOjRiQ\"><source media=\"(min-width: 975px)\" width=\"720\" height=\"480\" \/><img alt=\"La escala de Danjon sirve para clasificar la intensidad del eclipse lunar en funci\u00f3n de su color y brillo. Foto: ilustraci\u00f3n Shutterstock.\" loading=\"lazy\" width=\"720\" height=\"480\" decoding=\"async\" data-nimg=\"1\" style=\"color:transparent\" src=\"https:\/\/13.com.ar\/wp-content\/uploads\/2025\/03\/1741853267_935_como-percibimos-la-Luna-por-que-se-tine-de-rojo.jpg\"\/><span class=\"epigraphe\">La escala de Danjon sirve para clasificar la intensidad del eclipse lunar en funci\u00f3n de su color y brillo. Foto: ilustraci\u00f3n Shutterstock.<\/span><span class=\"bkg\"\/><span class=\"picture-open\"><button class=\"open-image\" aria-label=\"Open Image\"\/><\/span><\/picture><\/div>\n<p><h2>\u00bfY la Luna de sangre?<\/h2>\n<\/p>\n<div class=\"sc-80531b6b-0 chRIGJ container-text text-embed\">\n<p>\u201cLa Luna de sangre, en realidad, no tiene mucho que ver con algo astron\u00f3mico, es algo cultural\u201d, advierte el referente de la Asociaci\u00f3n Argentina Amigos de la Astronom\u00eda (@asaramas).<\/p>\n<\/div>\n<div class=\"sc-80531b6b-0 chRIGJ container-text text-embed\">\n<p>Pero, \u00bfpor qu\u00e9 se vuelve rojiza? La Luna se vuelve rojiza durante un eclipse lunar total porque \u201c<strong>la luz que le llega no es &#8216;negra&#8217; o completamente oscura<\/strong>, sino que est\u00e1 \u2018te\u00f1ida\u2019 -como dijimos- por todos los amaneceres y atardeceres de la Tierra. Es decir, si est\u00e1s en la Luna mirando la Tierra, vas a ver una aureola alrededor: es la atm\u00f3sfera de la Tierra, por lo que la luz solar que llega a la Luna (en un eclipse lunar total) es la que<strong> atraviesa la atm\u00f3sfera terrestre<\/strong>\u201d.<\/p>\n<\/div>\n<div class=\"sc-80531b6b-0 chRIGJ container-text text-embed\">\n<p>Indica el experto: \u201cEsta atm\u00f3sfera dispersa y refracta la luz solar: mientras la luz azul se dispersa m\u00e1s, la luz roja predomina en su direcci\u00f3n, y llega a la Luna. Este fen\u00f3meno, llamado dispersi\u00f3n de Rayleigh, es lo que le da a la Luna su caracter\u00edstico tono rojizo durante un eclipse lunar total\u201d.<\/p>\n<\/div>\n<div class=\"sc-198be8ec-0 cynXbu image-embed  image-embed \"><picture class=\"sc-198be8ec-1 kOjRiQ\"><source media=\"(min-width: 975px)\" width=\"720\" height=\"480\" \/><img alt=\"En un eclipse lunar total, la luz que le llega a la Luna no es oscura, sino que est\u00e1 \u2018te\u00f1ida\u2019 por todos los amaneceres y atardeceres de la Tierra. Foto: ilustraci\u00f3n Shutterstock.\" loading=\"lazy\" width=\"720\" height=\"480\" decoding=\"async\" data-nimg=\"1\" style=\"color:transparent\" src=\"https:\/\/13.com.ar\/wp-content\/uploads\/2025\/03\/1741853267_599_como-percibimos-la-Luna-por-que-se-tine-de-rojo.jpg\"\/><span class=\"epigraphe\">En un eclipse lunar total, la luz que le llega a la Luna no es oscura, sino que est\u00e1 \u2018te\u00f1ida\u2019 por todos los amaneceres y atardeceres de la Tierra. Foto: ilustraci\u00f3n Shutterstock.<\/span><span class=\"bkg\"\/><span class=\"picture-open\"><button class=\"open-image\" aria-label=\"Open Image\"\/><\/span><\/picture><\/div>\n<div class=\"sc-80531b6b-0 chRIGJ container-text text-embed\">\n<p>Y m\u00e1s all\u00e1 de su color, otro de los <strong>matices observables<\/strong> de la Luna es su \u201ctama\u00f1o\u201d visible. Tama\u00f1o con comillas, ya que se trata de efectos visuales.<\/p>\n<\/div>\n<p><h2>Sobre superlunas y microlunas<\/h2>\n<\/p>\n<div class=\"sc-80531b6b-0 chRIGJ container-text text-embed\">\n<p><strong>Fred Espenak <\/strong>es un astrof\u00edsico estadounidense especializado en la predicci\u00f3n y c\u00e1lculo de eclipses. Trabaj\u00f3 en el Centro de Vuelo Espacial Goddard de la NASA, donde se dedic\u00f3 a la elaboraci\u00f3n de efem\u00e9rides de eclipses solares y lunares convirti\u00e9ndose en una de las <strong>mayores autoridades <\/strong>en el tema (hay quienes lo llaman <strong>\u201cMr. Eclipse\u201d<\/strong>).<\/p>\n<\/div>\n<div class=\"sc-80531b6b-0 chRIGJ container-text text-embed\">\n<p>En su sitio web AstroPixels lanz\u00f3 hace unos a\u00f1os: \u201c<strong>\u00bfRealmente se puede notar alguna diferencia entre una superluna y una \u2018Luna promedio\u2019? <\/strong>Es muy poco probable, sobre todo porque no se pueden comparar una al lado de la otra. Pero el poder de la sugesti\u00f3n puede convencer a algunas personas de que \u2018\u00a1es la Luna m\u00e1s grande que he visto jam\u00e1s!\u2019\u201d<\/p>\n<\/div>\n<div class=\"sc-80531b6b-0 chRIGJ container-text text-embed\">\n<p>Y reflexion\u00f3: \u201cPor el lado positivo, cualquier publicidad que haga <strong>que la gente mire el cielo nocturno es algo bueno<\/strong>. Solo hay que tener cuidado de <strong>no dejarse enga\u00f1ar<\/strong> por la exageraci\u00f3n\u201d.<\/p>\n<\/div>\n<div class=\"sc-80531b6b-0 chRIGJ container-text text-embed\">\n<p>Dice Blain a <strong>Clar\u00edn<\/strong>: \u201cLas superlunas y microlunas <strong>no son t\u00e9rminos astron\u00f3micos ni astrol\u00f3gicos<\/strong>, y ni siquiera puede decirse que solo son \u2018marquetineros\u2019: solo buscan llamar la atenci\u00f3n\u201d.<\/p>\n<\/div>\n<div class=\"sc-80531b6b-0 chRIGJ container-text text-embed\">\n<p>El eclipse lunar del 14 de marzo de 2025 ocurrir\u00e1 durante un <strong>apogeo<\/strong>, que es cuando la Luna est\u00e1 en su punto m\u00e1s lejano de la Tierra y, por eso, tendr\u00e1 un tama\u00f1o aparente levemente menor al habitual (lo que popularmente se menciona como microluna), pero estas sutiles diferencias son casi imposibles de percibir.<\/p>\n<\/div>\n<div class=\"sc-80531b6b-0 chRIGJ container-text text-embed\">\n<p>\u201cSi la Luna se ve m\u00e1s grande, significa que est\u00e1 en el perigeo, su punto m\u00e1s cercano a la Tierra. Si est\u00e1 en el apogeo, su punto m\u00e1s lejano, se ve un poco m\u00e1s chica; pero esas diferencias son <strong>casi imperceptibles <\/strong>a simple vista\u201d, se\u00f1ala el socio de la Asociaci\u00f3n Argentina Amigos de la Astronom\u00eda.<\/p>\n<\/div>\n<div class=\"sc-80531b6b-0 chRIGJ container-text text-embed\">\n<p>\u201cAqu\u00ed tambi\u00e9n influye un efecto psicol\u00f3gico sobre <strong>c\u00f3mo percibimos el tama\u00f1o<\/strong> de los objetos en el cielo. Nuestro cerebro compara tama\u00f1os <strong>midiendo \u00e1ngulos<\/strong>, pero solo puede hacerlo horizontalmente. Cuando levant\u00e1s la mirada para ver algo en lo alto, <strong>perd\u00e9s la noci\u00f3n <\/strong>de su tama\u00f1o. Es un error de juicio acerca del tama\u00f1o del objeto, una falla de percepci\u00f3n\u201d, explica a <strong>Clar\u00edn<\/strong>, y aclara: \u201cCuando est\u00e1 la Luna en el horizonte, se dice que est\u00e1 en su tama\u00f1o \u2018correcto\u2019, es decir, cuando la percibimos con su verdadero tama\u00f1o\u201d.<\/p>\n<\/div>\n<p><h2>M\u00e1s ilusiones \u00f3pticas astron\u00f3micas<\/h2>\n<\/p>\n<div class=\"sc-80531b6b-0 chRIGJ container-text text-embed\">\n<p>Esta es una de las ilusiones visuales que se ponen en juego al mirar el cielo. Alejandro cuenta que una consulta que recibe frecuentemente es \u201c\u00bfhasta d\u00f3nde llega (a ver) un telescopio?\u201d Pero, en realidad, \u201cel telescopio <strong>no te ayuda a ver m\u00e1s lejos, sino que hace que los objetos sean m\u00e1s visibles<\/strong>, porque intensifica la luz: es como un embudo que junta luz. La punta del telescopio es ancha y lo que entra sale m\u00e1s concentrado por la otra punta, permitiendo que el ojo vea los objetos m\u00e1s brillantes. o comience a ver otros que antes no pod\u00eda ver\u201d.<\/p>\n<\/div>\n<div class=\"sc-198be8ec-0 cynXbu image-embed  image-embed \"><picture class=\"sc-198be8ec-1 kOjRiQ\"><source media=\"(min-width: 975px)\" width=\"720\" height=\"480\" \/><img alt=\"Alejandro Blain, socio vitalicio y honorario de la Asociaci\u00f3n Amigos de la Astronom\u00eda, con un telescopio hist\u00f3rico. Foto: Martin Bonetto.\" loading=\"lazy\" width=\"720\" height=\"480\" decoding=\"async\" data-nimg=\"1\" style=\"color:transparent\" src=\"https:\/\/13.com.ar\/wp-content\/uploads\/2025\/03\/1741853267_887_como-percibimos-la-Luna-por-que-se-tine-de-rojo.jpg\"\/><span class=\"epigraphe\">Alejandro Blain, socio vitalicio y honorario de la Asociaci\u00f3n Amigos de la Astronom\u00eda, con un telescopio hist\u00f3rico. Foto: Martin Bonetto.<\/span><span class=\"bkg\"\/><span class=\"picture-open\"><button class=\"open-image\" aria-label=\"Open Image\"\/><\/span><\/picture><\/div>\n<div class=\"sc-80531b6b-0 chRIGJ container-text text-embed\">\n<p>\u201cEn el caso de las <strong>estrellas<\/strong>, por m\u00e1s aumento que le pongas, siempre se van a ver como puntitos de luz, pero te permite ver muchas m\u00e1s estrellas que antes. Si lo apunt\u00e1s a J\u00fapiter, vas a ver las bandas de las nubes de colores, y ah\u00ed tiene sentido aumentar la imagen. Pero el telescopio no \u2018llega\u2019 a ning\u00fan lado, solo intensifica la luz\u201d.<\/p>\n<\/div>\n<div class=\"sc-80531b6b-0 chRIGJ container-text text-embed\">\n<p>Otra \u201cilusi\u00f3n \u00f3ptica\u201d astron\u00f3mica se relaciona con la<strong> distorsi\u00f3n atmosf\u00e9rica en amaneceres y atardeceres<\/strong>: es decir, cuando el Sol o la Luna est\u00e1n cerca del horizonte, la atm\u00f3sfera funciona como una lente y distorsiona su forma, achat\u00e1ndolos. Este efecto puede hacer que el Sol se vea como un <strong>\u00f3valo<\/strong>, o que la Luna parezca m\u00e1s ancha de lo normal, aunque solo est\u00e1 muy <strong>achatada<\/strong>.<\/p>\n<\/div>\n<div class=\"sc-80531b6b-0 chRIGJ container-text text-embed\">\n<p>Existen varios ejercicios pr\u00e1cticos y sencillos para experimentar <strong>c\u00f3mo el cerebro nos \u201cenga\u00f1a\u201d <\/strong>al ver la Luna. Uno de ellos est\u00e1 al alcance de la mano: si estir\u00e1s el brazo y compar\u00e1s la Luna con la punta de tu dedo me\u00f1ique, tanto cuando est\u00e1 en el horizonte como cuando est\u00e1 en lo alto del cielo, notar\u00e1s que <strong>su tama\u00f1o aparente es el mismo<\/strong> en ambos casos. Esto demuestra c\u00f3mo nuestra mente juega con nuestra percepci\u00f3n de los objetos.<\/p>\n<\/div>\n<div class=\"sc-80531b6b-0 chRIGJ container-text text-embed\">\n<p>La madrugada del viernes 14 de marzo podremos ver el primer eclipse lunar del a\u00f1o, que se puede ver directamente a simple vista, sin necesidad de protecci\u00f3n especial (como s\u00ed es necesario en el caso de un eclipse solar). \u00a1Segu\u00ed leyendo lo que ten\u00e9s que saber!<\/p>\n<\/div>\n<div class=\"sc-80531b6b-0 chRIGJ container-text text-embed\">\n<p><strong>Durante todo el a\u00f1o la Asociaci\u00f3n Argentina Amigos de la Astronom\u00eda organiza visitas guiadas con observaci\u00f3n por telescopio <\/strong>todos los jueves, viernes y s\u00e1bados a las 20:30 y 21:30 hs. El costo de las entradas es de cinco mil pesos, y para menores de 6 a\u00f1os es gratis (cupos limitados). Las entradas se ponen en venta en www.asaramas.ar los d\u00edas lunes (aproximadamente a las 21 horas) para todos los cupos de la semana. La actividad dura aproximadamente una hora y al telescopio principal se accede subiendo dos pisos por escalera. Se suspende por cielo nublado.<\/p>\n<\/div>\n<\/div>\n<p><br \/>\n<br \/><a href=\"https:\/\/www.clarin.com\/astrologia\/eclipse-lunar-total-marzo-2025-percibimos-luna-tine-rojo-ilusiones-opticas-cielo_0_g4mSWKBifE.html\">Fuente Clarin.com <\/a><\/p>\n","protected":false},"excerpt":{"rendered":"<p>\u201cRespecto a los eclipses de Luna, es como el agua de un r\u00edo: parece lo mismo, pero siempre son diferentes\u201d, dice Alejandro Blain, socio vitalicio y honorario de la Asociaci\u00f3n Argentina Amigos de la Astronom\u00eda. De cara al pr\u00f3ximo eclipse lunar total del 14 de marzo, convers\u00f3 con Clar\u00edn sobre las razones del tono rojizo [&hellip;]<\/p>\n","protected":false},"author":1,"featured_media":11442,"comment_status":"open","ping_status":"open","sticky":false,"template":"","format":"standard","meta":{"footnotes":""},"categories":[2],"tags":[469,66,100,11512,2548,11513,3699,11510,142,286,2698,11511],"class_list":["post-11441","post","type-post","status-publish","format-standard","has-post-thumbnail","hentry","category-ultimas-noticias","tag-cielo","tag-como","tag-del","tag-ilusiones","tag-luna","tag-opticas","tag-otras","tag-percibimos","tag-por","tag-que","tag-rojo","tag-tine"],"_links":{"self":[{"href":"https:\/\/13.com.ar\/index.php\/wp-json\/wp\/v2\/posts\/11441","targetHints":{"allow":["GET"]}}],"collection":[{"href":"https:\/\/13.com.ar\/index.php\/wp-json\/wp\/v2\/posts"}],"about":[{"href":"https:\/\/13.com.ar\/index.php\/wp-json\/wp\/v2\/types\/post"}],"author":[{"embeddable":true,"href":"https:\/\/13.com.ar\/index.php\/wp-json\/wp\/v2\/users\/1"}],"replies":[{"embeddable":true,"href":"https:\/\/13.com.ar\/index.php\/wp-json\/wp\/v2\/comments?post=11441"}],"version-history":[{"count":0,"href":"https:\/\/13.com.ar\/index.php\/wp-json\/wp\/v2\/posts\/11441\/revisions"}],"wp:featuredmedia":[{"embeddable":true,"href":"https:\/\/13.com.ar\/index.php\/wp-json\/wp\/v2\/media\/11442"}],"wp:attachment":[{"href":"https:\/\/13.com.ar\/index.php\/wp-json\/wp\/v2\/media?parent=11441"}],"wp:term":[{"taxonomy":"category","embeddable":true,"href":"https:\/\/13.com.ar\/index.php\/wp-json\/wp\/v2\/categories?post=11441"},{"taxonomy":"post_tag","embeddable":true,"href":"https:\/\/13.com.ar\/index.php\/wp-json\/wp\/v2\/tags?post=11441"}],"curies":[{"name":"wp","href":"https:\/\/api.w.org\/{rel}","templated":true}]}}