{"id":11439,"date":"2025-03-13T04:37:33","date_gmt":"2025-03-13T07:37:33","guid":{"rendered":"https:\/\/13.com.ar\/index.php\/malas-noticias-para-los-astronautas-varados-desde-hace-nueve-meses-en-la-estacion-espacial-internacional\/"},"modified":"2025-03-13T04:37:33","modified_gmt":"2025-03-13T07:37:33","slug":"malas-noticias-para-los-astronautas-varados-desde-hace-nueve-meses-en-la-estacion-espacial-internacional","status":"publish","type":"post","link":"https:\/\/13.com.ar\/index.php\/malas-noticias-para-los-astronautas-varados-desde-hace-nueve-meses-en-la-estacion-espacial-internacional\/","title":{"rendered":"Malas noticias para los astronautas varados desde hace nueve meses en la Estaci\u00f3n Espacial Internacional"},"content":{"rendered":"<p> <br \/>\n<br \/><img decoding=\"async\" src=\"https:\/\/13.com.ar\/wp-content\/uploads\/2025\/03\/Malas-noticias-para-los-astronautas-varados-desde-hace-nueve-meses.jpg\" \/><\/p>\n<div>\n<p>Los astronautas de la NASA <strong>Butch Wilmore y Suni Williams<\/strong>, quienes se encuentran varados desde hace nueve meses en la Estaci\u00f3n Espacial Internacional, deber\u00e1n esperar un poco m\u00e1s para el regreso. Es que por un inconveniente en la plataforma de lanzamiento,<strong> se<\/strong> <strong>cancel\u00f3 el vuelo<\/strong> previsto para este mi\u00e9rcoles.<\/p>\n<\/div>\n<div>\n<p>&#8220;Hubo un <strong>problema con el sistema hidr\u00e1ulico en tierra<\/strong>&#8220;, inform\u00f3 Derrol Nail, encargado de comentar el lanzamiento del cohete Falcon 9 de SpaceX, propiedad del magnate Elon Musk.<\/p>\n<\/div>\n<div>\n<p>Pese a que los cuatro astronautas se encontraban dentro de la c\u00e1psula y aguardaban la salida, la empresa aplaz\u00f3 la misi\u00f3n cuando <strong>restaban 45 minutos para el despegue<\/strong>.<\/p>\n<\/div>\n<div>\n<p>Por el momento,<strong> SpaceX no anunci\u00f3 una nueva fecha<\/strong> para realizar la expedici\u00f3n, pero no se descarta que se intente nuevamente entre el jueves y el viernes mediante la tripulaci\u00f3n integrada por la comandante Anne McClain y la piloto Nichole Ayers, ambas de la NASA; el japon\u00e9s Takuya Onishi, de la agencia JAXA, y el cosmonauta ruso Kirill Peskov, de Roscosmos, quienes fueron los encargados de reemplazar a Wilmore y Williams en la EEI.<\/p>\n<\/div>\n<div>\n<p>Wilmore y Williams<strong> esperaban estar fuera solo una semana<\/strong> cuando despegaron, en junio pasado, a bordo de la nueva c\u00e1psula Starliner de Boeing, que hac\u00eda su debut con tripulaci\u00f3n despu\u00e9s de a\u00f1os de retraso.<\/p>\n<\/div>\n<div>\n<p>La Starliner tuvo tantos problemas para llegar a la estaci\u00f3n espacial que la NASA determin\u00f3 que era demasiado peligroso que transportara a los astronautas y regres\u00f3 vac\u00eda.<\/p>\n<\/div>\n<div>\n<p>La vuelta a casa se retras\u00f3 a\u00fan m\u00e1s por el tiempo adicional que se requer\u00eda para completar la nueva c\u00e1psula de SpaceX que deb\u00eda trasladar a sus reemplazos. <\/p>\n<\/div>\n<div>\n<p>En enero pasado, Wilmore y Williams, capitanes jubilados de la Marina y viajeros espaciales recurrente, insistieron en que est\u00e1n sanos y que permanecen comprometidos con la misi\u00f3n el tiempo que sea necesario.<\/p>\n<\/div>\n<div>\n<p><em>Con informaci\u00f3n de agencias AP y AFP.<\/em><\/p>\n<\/div>\n<p><br \/>\n<br \/><a href=\"https:\/\/www.clarin.com\/internacional\/malas-noticias-astronautas-varados-hace-meses-estacion-espacial-internacional_0_V94WAzdsjP.html\">Fuente Clarin.com <\/a><\/p>\n","protected":false},"excerpt":{"rendered":"<p>Los astronautas de la NASA Butch Wilmore y Suni Williams, quienes se encuentran varados desde hace nueve meses en la Estaci\u00f3n Espacial Internacional, deber\u00e1n esperar un poco m\u00e1s para el regreso. Es que por un inconveniente en la plataforma de lanzamiento, se cancel\u00f3 el vuelo previsto para este mi\u00e9rcoles. &#8220;Hubo un problema con el sistema [&hellip;]<\/p>\n","protected":false},"author":1,"featured_media":11440,"comment_status":"open","ping_status":"open","sticky":false,"template":"","format":"standard","meta":{"footnotes":""},"categories":[2],"tags":[2546,2184,5633,5197,1192,299,28,4058,1075,2956,6566,16,8605],"class_list":["post-11439","post","type-post","status-publish","format-standard","has-post-thumbnail","hentry","category-ultimas-noticias","tag-astronautas","tag-desde","tag-espacial","tag-estacion","tag-hace","tag-internacional","tag-los","tag-malas","tag-meses","tag-noticias","tag-nueve","tag-para","tag-varados"],"_links":{"self":[{"href":"https:\/\/13.com.ar\/index.php\/wp-json\/wp\/v2\/posts\/11439","targetHints":{"allow":["GET"]}}],"collection":[{"href":"https:\/\/13.com.ar\/index.php\/wp-json\/wp\/v2\/posts"}],"about":[{"href":"https:\/\/13.com.ar\/index.php\/wp-json\/wp\/v2\/types\/post"}],"author":[{"embeddable":true,"href":"https:\/\/13.com.ar\/index.php\/wp-json\/wp\/v2\/users\/1"}],"replies":[{"embeddable":true,"href":"https:\/\/13.com.ar\/index.php\/wp-json\/wp\/v2\/comments?post=11439"}],"version-history":[{"count":0,"href":"https:\/\/13.com.ar\/index.php\/wp-json\/wp\/v2\/posts\/11439\/revisions"}],"wp:featuredmedia":[{"embeddable":true,"href":"https:\/\/13.com.ar\/index.php\/wp-json\/wp\/v2\/media\/11440"}],"wp:attachment":[{"href":"https:\/\/13.com.ar\/index.php\/wp-json\/wp\/v2\/media?parent=11439"}],"wp:term":[{"taxonomy":"category","embeddable":true,"href":"https:\/\/13.com.ar\/index.php\/wp-json\/wp\/v2\/categories?post=11439"},{"taxonomy":"post_tag","embeddable":true,"href":"https:\/\/13.com.ar\/index.php\/wp-json\/wp\/v2\/tags?post=11439"}],"curies":[{"name":"wp","href":"https:\/\/api.w.org\/{rel}","templated":true}]}}