{"id":11436,"date":"2025-03-13T03:30:30","date_gmt":"2025-03-13T06:30:30","guid":{"rendered":"https:\/\/13.com.ar\/index.php\/el-gobierno-dejo-sin-efecto-una-serie-de-programas-sociales-y-culturales-las-razones\/"},"modified":"2025-03-13T03:30:30","modified_gmt":"2025-03-13T06:30:30","slug":"el-gobierno-dejo-sin-efecto-una-serie-de-programas-sociales-y-culturales-las-razones","status":"publish","type":"post","link":"https:\/\/13.com.ar\/index.php\/el-gobierno-dejo-sin-efecto-una-serie-de-programas-sociales-y-culturales-las-razones\/","title":{"rendered":"El Gobierno dej\u00f3 sin efecto una serie de programas sociales y culturales: las razones"},"content":{"rendered":"<p> <br \/>\n<br \/><img decoding=\"async\" src=\"https:\/\/13.com.ar\/wp-content\/uploads\/2025\/03\/El-Gobierno-dejo-sin-efecto-una-serie-de-programas-sociales.jpg\" \/><\/p>\n<div id=\"cuerpo\">\n<div class=\"sc-80531b6b-0 chRIGJ container-text text-embed\">\n<p>El Gobierno dej\u00f3 <strong>sin efecto<\/strong> este jueves una serie de <strong>programas sociales, culturales y deportivos destinados a la ni\u00f1ez y la adolescencia<\/strong>. Lo hizo por intermedio de once resoluciones publicadas en el <strong>Bolet\u00edn Oficia<\/strong>l, para evitar la superposici\u00f3n innecesaria de proyectos de igual tem\u00e1tica, as\u00ed como tambi\u00e9n, suprimir las cargas innecesarias y alinear las normativas con los objetivos del Poder Ejecutivo, entre otras razones.<\/p>\n<\/div>\n<div class=\"sc-80531b6b-0 chRIGJ container-text text-embed\">\n<p>La <strong>Resoluci\u00f3n 143\/2025<\/strong>, al igual que las 10 restantes firmada por Juan Bautista Ordo\u00f1ez, responsable de la Secretar\u00eda de Ni\u00f1ez, Adolescencia y Familia que depende del Ministerio de Capital Humano, dispone la eliminaci\u00f3n del <strong>\u201cPrograma de Integraci\u00f3n y Desarrollo Humano \u2018Participar en Comunidad\u2019\u201d<\/strong> aprobado el 1 de septiembre de 2020 para \u201cresponder a las demandas y necesidades locales, principalmente de los sectores m\u00e1s vulnerables\u201d.<\/p>\n<\/div>\n<div class=\"sc-80531b6b-0 chRIGJ container-text text-embed\">\n<p>Seg\u00fan ese documento, se dej\u00f3 sin efecto para \u201calinear la normativa que regula los programas vigentes en el \u00e1mbito de ese Ministerio con los objetivos del Poder Ejecutivo Nacional\u201d, y porque se lleg\u00f3 a la conclusi\u00f3n de que \u201cla existencia de programas que no tienen aplicaci\u00f3n efectiva o que se superponen con otros, imponen la necesidad de reordenar la normativa vigente\u201d.<\/p>\n<\/div>\n<div class=\"sc-80531b6b-0 chRIGJ container-text text-embed\">\n<p>La siguiente resoluci\u00f3n, la <strong>144\/2025<\/strong>, pone el foco en el <strong>Programa \u201cCentro de Promoci\u00f3n de Derechos (CPD)\u201d<\/strong> creado el 4 de mayo de 2017 para fomentar \u201cespacios en diferentes localidades atravesadas por situaciones de vulnerabilidad social\u201d con el objetivo de \u201cgarantizar la promoci\u00f3n, prevenci\u00f3n y ejercicio de los derechos de los ni\u00f1os y adolescentes\u201d.<\/p>\n<\/div>\n<div class=\"sc-80531b6b-0 chRIGJ container-text text-embed\">\n<p>Y como el 16 de marzo de 2018 se cre\u00f3 el \u201cPrograma Nacional de Promoci\u00f3n y Protecci\u00f3n de Derechos\u201d, ahora el Gobierno consider\u00f3 que existe \u201cun solapamiento normativo de la materia en ciernes, lo cual trasunta en un dispendio burocr\u00e1tico administrativo y de recursos p\u00fablicos, ya que coexisten dos programas que atienden similar tem\u00e1tica\u201d.<\/p>\n<\/div>\n<div class=\"sc-80531b6b-0 chRIGJ container-text text-embed\">\n<p>La <strong>Resoluci\u00f3n 146\/2025<\/strong>, por su parte, dej\u00f3 sin efecto el <strong>Programa \u201cEspacio Unzu\u00e9\u201d<\/strong>, destinado a fortalecer la participaci\u00f3n y protagonismo de la ciudadan\u00eda en pr\u00e1cticas culturales, art\u00edsticas, recreativas y deportivas, y el <strong>Proyecto Institucional \u201cColonia Guti\u00e9rrez e Instituto Manuel Lucio y Mar\u00eda Cruz Inchausti\u201d<\/strong> donde \u201clas familias, los adolescentes y j\u00f3venes, ni\u00f1as y ni\u00f1os\u201d pod\u00edan \u201caprender y vincularse mediante el desarrollo de actividades de variada \u00edndole como ser art\u00edsticas, de creatividad, expresi\u00f3n y cooperaci\u00f3n\u201d.<\/p>\n<\/div>\n<div class=\"sc-80531b6b-0 chRIGJ container-text text-embed\">\n<p>Tambi\u00e9n abarc\u00f3 al <strong>\u201cProyecto Institucional Espacio Sarmiento\u201d<\/strong>, el <strong>\u201cPrograma Nacional de Promoci\u00f3n y Protecci\u00f3n de Derechos\u201d<\/strong> y el Programa <strong>\u201cEspacio Crescencia Boado de Garrig\u00f3s\u201d<\/strong>.<\/p>\n<\/div>\n<div class=\"sc-80531b6b-0 chRIGJ container-text text-embed\">\n<p>\u201cEn el contexto de reestructuraci\u00f3n de la Administraci\u00f3n P\u00fablica Nacional, resulta indispensable la readecuaci\u00f3n y unificaci\u00f3n de la normativa que implique la duplicidad de programas o L\u00edneas de Acci\u00f3n as\u00ed como de la inversi\u00f3n de los recursos p\u00fablicos\u201d, se explic\u00f3 en el documento.<\/p>\n<\/div>\n<div class=\"sc-80531b6b-0 chRIGJ container-text text-embed\">\n<p>El siguiente texto, que lleva el n\u00famero <strong>147\/2025<\/strong>, dej\u00f3 sin efecto la resoluci\u00f3n del entonces Ministerio de Desarrollo Social N\u00ba 235 del 14 de septiembre de 2006, en la que \u201cse establecieron las <strong>normas<\/strong> que rigen el <strong>funcionamiento y misiones de las delegaciones denominadas Centros de Referencia <\/strong>cuyos objetivos son articular pol\u00edticas sociales nacionales con los gobiernos provinciales, locales y sociedad civil para maximizar los recursos del Estado\u201d.<\/p>\n<\/div>\n<div class=\"sc-80531b6b-0 chRIGJ container-text text-embed\">\n<p>La Resoluci\u00f3n <strong>148\/2025<\/strong>, en paralelo, dispuso la misma acci\u00f3n tanto para el <strong>Programa \u201cConstruimos Ciudadan\u00eda\u201d<\/strong>, creado en 2018, como para el <strong>\u201cPrograma Nacional de Derecho al Juego \u2013 Jugar-&#8220;<\/strong>, generado en 2020, que tambi\u00e9n se superpon\u00edan.<\/p>\n<\/div>\n<div class=\"sc-80531b6b-0 chRIGJ container-text text-embed\">\n<p>Tambi\u00e9n se elimin\u00f3 el <strong>\u201cPrograma de Promoci\u00f3n de Actividades Recreativas y Socio Comunitarias\u201d <\/strong>de 2002 <strong>(Resoluci\u00f3n 149\/2025)<\/strong>, y qued\u00f3 sin efecto la Resoluci\u00f3n que cre\u00f3 la <strong>\u201cUnidad T\u00e9cnica Para el Abordaje Integral de Derechos\u201d (150\/2025<\/strong>) tras detectar \u201cpluralidad de entidades, \u00e1reas, programas y unidades t\u00e9cnicas cuyas funciones han sido repetidas y superpuestas\u201d.<\/p>\n<\/div>\n<div class=\"sc-80531b6b-0 chRIGJ container-text text-embed\">\n<p>Tambi\u00e9n qued\u00f3 fuera de vigencia la <strong>Comisi\u00f3n Coordinadora Ejecutiva del Departamento Salud Integral (Resoluci\u00f3n 151\/2025)<\/strong> porque significaba \u201cun dispendio de recursos humanos y materiales\u201d y el <strong>\u201cPrograma de Protecci\u00f3n Integral de Derechos de Ni\u00f1as y Ni\u00f1os con Madres Privadas de la Libertad\u201d (Resoluci\u00f3n 152\/2025)<\/strong>.<\/p>\n<\/div>\n<div class=\"sc-80531b6b-0 chRIGJ container-text text-embed\">\n<p>El Gobierno dej\u00f3 sin efecto, a trav\u00e9s de la <strong>Resoluci\u00f3n 153\/2025<\/strong> , la normativa que cre\u00f3 en 2023 la<strong> \u201cL\u00ednea Activar\u201d<\/strong>, que \u201ctuvo como prop\u00f3sito el establecimiento de diversas acciones de trabajo con adolescencias, abordadas desde una multiplicidad de acciones tendientes a fortalecer espacios de encuentro y participaci\u00f3n, que reforzaren los lazos comunitarios y la autonom\u00eda progresiva de los adolescentes\u201d.<\/p>\n<\/div>\n<div class=\"sc-80531b6b-0 chRIGJ container-text text-embed\">\n<p>Por \u00faltimo, disolvi\u00f3 por intermedio de la <strong>Resoluci\u00f3n 154\/2025<\/strong> el <strong>\u201cConsejo Consultivo de Adolescentes\u201d<\/strong>, y tambi\u00e9n el <strong>\u201cPrograma nacional de Derecho a la Participaci\u00f3n Ciudadana de Ni\u00f1as, Ni\u00f1os y Adolescentes\u201d<\/strong>.<\/p>\n<\/div>\n<\/div>\n<p><br \/>\n<br \/><a href=\"https:\/\/www.clarin.com\/politica\/gobierno-dejo-efecto-serie-programas-sociales-culturales-razones_0_YBAAMB86Ys.html\">Fuente Clarin.com <\/a><\/p>\n","protected":false},"excerpt":{"rendered":"<p>El Gobierno dej\u00f3 sin efecto este jueves una serie de programas sociales, culturales y deportivos destinados a la ni\u00f1ez y la adolescencia. Lo hizo por intermedio de once resoluciones publicadas en el Bolet\u00edn Oficial, para evitar la superposici\u00f3n innecesaria de proyectos de igual tem\u00e1tica, as\u00ed como tambi\u00e9n, suprimir las cargas innecesarias y alinear las normativas [&hellip;]<\/p>\n","protected":false},"author":1,"featured_media":11437,"comment_status":"open","ping_status":"open","sticky":false,"template":"","format":"standard","meta":{"footnotes":""},"categories":[2],"tags":[11509,647,3845,71,48,5729,2228,1036,882,1034,73],"class_list":["post-11436","post","type-post","status-publish","format-standard","has-post-thumbnail","hentry","category-ultimas-noticias","tag-culturales","tag-dejo","tag-efecto","tag-gobierno","tag-las","tag-programas","tag-razones","tag-serie","tag-sin","tag-sociales","tag-una"],"_links":{"self":[{"href":"https:\/\/13.com.ar\/index.php\/wp-json\/wp\/v2\/posts\/11436","targetHints":{"allow":["GET"]}}],"collection":[{"href":"https:\/\/13.com.ar\/index.php\/wp-json\/wp\/v2\/posts"}],"about":[{"href":"https:\/\/13.com.ar\/index.php\/wp-json\/wp\/v2\/types\/post"}],"author":[{"embeddable":true,"href":"https:\/\/13.com.ar\/index.php\/wp-json\/wp\/v2\/users\/1"}],"replies":[{"embeddable":true,"href":"https:\/\/13.com.ar\/index.php\/wp-json\/wp\/v2\/comments?post=11436"}],"version-history":[{"count":0,"href":"https:\/\/13.com.ar\/index.php\/wp-json\/wp\/v2\/posts\/11436\/revisions"}],"wp:featuredmedia":[{"embeddable":true,"href":"https:\/\/13.com.ar\/index.php\/wp-json\/wp\/v2\/media\/11437"}],"wp:attachment":[{"href":"https:\/\/13.com.ar\/index.php\/wp-json\/wp\/v2\/media?parent=11436"}],"wp:term":[{"taxonomy":"category","embeddable":true,"href":"https:\/\/13.com.ar\/index.php\/wp-json\/wp\/v2\/categories?post=11436"},{"taxonomy":"post_tag","embeddable":true,"href":"https:\/\/13.com.ar\/index.php\/wp-json\/wp\/v2\/tags?post=11436"}],"curies":[{"name":"wp","href":"https:\/\/api.w.org\/{rel}","templated":true}]}}