{"id":11434,"date":"2025-03-13T00:25:38","date_gmt":"2025-03-13T03:25:38","guid":{"rendered":"https:\/\/13.com.ar\/index.php\/se-hara-algo-para-poder-evitar-las-catastrofes\/"},"modified":"2025-03-13T00:25:38","modified_gmt":"2025-03-13T03:25:38","slug":"se-hara-algo-para-poder-evitar-las-catastrofes","status":"publish","type":"post","link":"https:\/\/13.com.ar\/index.php\/se-hara-algo-para-poder-evitar-las-catastrofes\/","title":{"rendered":"\u201c\u00bfSe har\u00e1 algo para poder evitar las cat\u00e1strofes?\u201d"},"content":{"rendered":"<p> <br \/>\n<br \/><img decoding=\"async\" src=\"https:\/\/13.com.ar\/wp-content\/uploads\/2025\/03\/\u00bfSe-hara-algo-para-poder-evitar-las-catastrofes.jpg\" \/><\/p>\n<div id=\"cuerpo\">\n<div class=\"sc-80531b6b-0 chRIGJ container-text text-embed\">\n<p>Naturales o no, las cat\u00e1strofes desbordan la capacidad humana. Ante el avance tecnol\u00f3gico, como as\u00ed tambi\u00e9n el desarrollo de la espiritualidad, la inteligencia emocional y solidaridad, resulta incre\u00edble, inconcebible que los gobiernos no profundicen su actividad preventiva de tragedias previsibles.<\/p>\n<\/div>\n<div class=\"sc-80531b6b-0 chRIGJ container-text text-embed\">\n<p>Previsible en lo que respecta a contar con exceso de medios para afrontar la hecatombe. En todos los \u00e1mbitos, los Estados, habit\u00faan actuar tard\u00edamente, cuando podr\u00eda arbitrar las medidas y responsabilidades consecuentes con anticipaci\u00f3n. En lo que respecta a las cat\u00e1strofes naturales, los gobiernos tienen la obligaci\u00f3n de precaverse, de contar con herramientas para afrontar desastres de magnitud pr\u00e1cticamente inconcebibles.<\/p>\n<\/div>\n<div class=\"sc-80531b6b-0 chRIGJ container-text text-embed\">\n<p>En lo atinente a eventos da\u00f1osos derivados de la conducta il\u00edcita e inconducta humana, se penaliza el asesinato, la violaci\u00f3n, el abuso en sus diversas manifestaciones, pero, \u00bfpodr\u00eda el legislador establecer sanciones para ese n\u00facleo de part\u00edcipes, que por omitir denunciar conductas que evidencian futuros resultados delictivos, son c\u00f3mplices de tales aconteceres? Aconteceres nefastos, por cierto. Obligaci\u00f3n de denunciar al enfermo sumergido en el infierno de la droga. Obligaci\u00f3n de denunciar a la persona que habit\u00faa violentarse sin reparar en las consecuencias. Obligaci\u00f3n de denunciar al due\u00f1o de animales peligrosos. Obligaci\u00f3n de denunciar al vecino de reconocida trayectoria il\u00edcita. <\/p>\n<\/div>\n<div class=\"sc-80531b6b-0 chRIGJ container-text text-embed\">\n<p>Pero esto requiere infraestructura, registros y control se tornan indispensables, de id\u00e9ntico modo que lo requiere cualquier instituci\u00f3n, academia, empresa y agrupaci\u00f3n humana, para ordenar y encaminar su accionar, a un objetivo. Poderes Ejecutivo, Legislativo y Judicial, \u00bfllegaremos siempre tarde? \u00bfHar\u00e1n algo para evitar esas\u2026 \u201ccat\u00e1strofes\u201d?<\/p>\n<\/div>\n<div class=\"sc-80531b6b-0 chRIGJ container-text text-embed\">\n<p><strong>Aldo Cristian Al\u00ed<\/strong> \/ luzyluci@hotmail.com<\/p>\n<\/div>\n<p><h2>M\u00e1s sobre las inundaciones en Bah\u00eda Blanca<\/h2>\n<\/p>\n<div class=\"sc-80531b6b-0 chRIGJ container-text text-embed\">\n<p>Bah\u00eda Blanca, una vez m\u00e1s los pol\u00edticos \u201cbrillan por su ausencia\u201d. Entidades deportivas, C\u00e1ritas, ferroviarios, centros comunitarios y, por sobre todo la gente dice presente. Utiliza sus horarios de descanso para ayudar y colaborar.<\/p>\n<\/div>\n<div class=\"sc-80531b6b-0 chRIGJ container-text text-embed\">\n<p>Hasta ahora los legisladores nacionales de todos los partidos pol\u00edticos no se hicieron eco de la situaci\u00f3n que est\u00e1n atrayendo en el sur de la provincia de Buenos Aires. Tanto el presidente de la C\u00e1mara de Diputados Mart\u00edn Menem con la presidenta de la C\u00e1mara de Senadores Victoria Villarroel podr\u00edan haber abierto las puertas del Congreso para que all\u00ed tambi\u00e9n se pueda juntar alimentos, ropa, colchones y art\u00edculos de limpieza.<\/p>\n<\/div>\n<div class=\"sc-80531b6b-0 chRIGJ container-text text-embed\">\n<p>Seguramente si se hubiera producido a pocas semanas de los comicios \u201ctodos\u201d los pol\u00edticos, sin distinci\u00f3n de banderas partidarias, estar\u00edan recorriendo la zona y, por supuesto, entregando el voto y sac\u00e1ndose la foto.<\/p>\n<\/div>\n<div class=\"sc-80531b6b-0 chRIGJ container-text text-embed\">\n<p><strong>Alejandro Fabi\u00e1n Spivak \/ <\/strong>alespivak@gmail.com<\/p>\n<\/div>\n<p><h2>Dice que en un portal de compras hay \u201ctasas de inter\u00e9s abusivas\u201d<\/h2>\n<\/p>\n<div class=\"sc-80531b6b-0 chRIGJ container-text text-embed\">\n<p>Mercado Libre, particularmente \u00fatil para tomar precios de referencia de productos y servicios, poco colabora con el consumo masivo, la producci\u00f3n y el empleo, ofreciendo planes de compra en cuotas a raz\u00f3n de una tasa de inter\u00e9s cercana al 90% anual.<\/p>\n<\/div>\n<div class=\"sc-80531b6b-0 chRIGJ container-text text-embed\">\n<p>Con una inflaci\u00f3n que en el 2025 se estima alrededor del 25%, no puede menos que considerarse usuraria la pol\u00edtica crediticia de esa gran empresa. Y si bien es cierto que en muchos casos el precio de contado es inferior al de la competencia callejera, o v\u00eda Internet, de ninguna manera compensa una cosa con la otra. La \u00fanica explicaci\u00f3n posible, es que la voraz comisi\u00f3n que le descuenta ML a los vendedores, busca ser recuperada a trav\u00e9s de una financiaci\u00f3n escandalosamente abusiva.<\/p>\n<\/div>\n<div class=\"sc-80531b6b-0 chRIGJ container-text text-embed\">\n<p><strong>Adri\u00e1n Armando Klas \/ <\/strong>ccps@fibertel.com.ar<\/p>\n<\/div>\n<p><h2>\u201cPor el despegue de un pa\u00eds pujante y con educaci\u00f3n\u201d<\/h2>\n<\/p>\n<div class=\"sc-80531b6b-0 chRIGJ container-text text-embed\">\n<p>El uso indiscriminado de topadoras, motosierras y pl\u00e1stico, arrastra al mundo a un cambio clim\u00e1tico nefasto.<\/p>\n<\/div>\n<div class=\"sc-80531b6b-0 chRIGJ container-text text-embed\">\n<p>La ambici\u00f3n desmedida de quienes lucran, a\u00fan a sabiendas del da\u00f1o que ocasionan, pero niegan, nos lleva a la devastaci\u00f3n de bosques, pulmones de la humanidad, y a la contaminaci\u00f3n de las aguas.<\/p>\n<\/div>\n<div class=\"sc-80531b6b-0 chRIGJ container-text text-embed\">\n<p>Si leyeran \u201cAntes del fin\u201d, del Ernesto Sabato, entender\u00edan el valor supremo de la humanidad y la naturaleza por sobre la riqueza monetaria.<\/p>\n<\/div>\n<div class=\"sc-80531b6b-0 chRIGJ container-text text-embed\">\n<p>Siempre sostuvo que los valores \u00e9ticos y morales del ser humano, deben ser defendidos a ultranza. A mis 83 a\u00f1os, y como docente, me atrevo a dar este consejo a los pol\u00edticos, funcionarios de todo rango (presidente incluido), y a quienes se interesan por tener un gran pa\u00eds, con una sociedad en mejores condiciones.<\/p>\n<\/div>\n<div class=\"sc-80531b6b-0 chRIGJ container-text text-embed\">\n<p>Deseo que nuestros hijos vean el despegue de un pa\u00eds pujante, floreciente, destacado por la educaci\u00f3n y  el respeto mutuo de sus habitantes.<\/p>\n<\/div>\n<div class=\"sc-80531b6b-0 chRIGJ container-text text-embed\">\n<p><strong>Adolfo Ortiz \/ <\/strong>adolfoortiz27@yahoo.com.ar<\/p>\n<\/div>\n<\/div>\n<p><br \/>\n<br \/><a href=\"https:\/\/www.clarin.com\/cartas-al-pais\/hara-poder-evitar-catastrofes_0_qLWr3BVDfx.html\">Fuente Clarin.com <\/a><\/p>\n","protected":false},"excerpt":{"rendered":"<p>Naturales o no, las cat\u00e1strofes desbordan la capacidad humana. Ante el avance tecnol\u00f3gico, como as\u00ed tambi\u00e9n el desarrollo de la espiritualidad, la inteligencia emocional y solidaridad, resulta incre\u00edble, inconcebible que los gobiernos no profundicen su actividad preventiva de tragedias previsibles. Previsible en lo que respecta a contar con exceso de medios para afrontar la hecatombe. [&hellip;]<\/p>\n","protected":false},"author":1,"featured_media":11435,"comment_status":"open","ping_status":"open","sticky":false,"template":"","format":"standard","meta":{"footnotes":""},"categories":[2],"tags":[5483,11508,915,1753,48,16,2140],"class_list":["post-11434","post","type-post","status-publish","format-standard","has-post-thumbnail","hentry","category-ultimas-noticias","tag-algo","tag-catastrofes","tag-evitar","tag-hara","tag-las","tag-para","tag-poder"],"_links":{"self":[{"href":"https:\/\/13.com.ar\/index.php\/wp-json\/wp\/v2\/posts\/11434","targetHints":{"allow":["GET"]}}],"collection":[{"href":"https:\/\/13.com.ar\/index.php\/wp-json\/wp\/v2\/posts"}],"about":[{"href":"https:\/\/13.com.ar\/index.php\/wp-json\/wp\/v2\/types\/post"}],"author":[{"embeddable":true,"href":"https:\/\/13.com.ar\/index.php\/wp-json\/wp\/v2\/users\/1"}],"replies":[{"embeddable":true,"href":"https:\/\/13.com.ar\/index.php\/wp-json\/wp\/v2\/comments?post=11434"}],"version-history":[{"count":0,"href":"https:\/\/13.com.ar\/index.php\/wp-json\/wp\/v2\/posts\/11434\/revisions"}],"wp:featuredmedia":[{"embeddable":true,"href":"https:\/\/13.com.ar\/index.php\/wp-json\/wp\/v2\/media\/11435"}],"wp:attachment":[{"href":"https:\/\/13.com.ar\/index.php\/wp-json\/wp\/v2\/media?parent=11434"}],"wp:term":[{"taxonomy":"category","embeddable":true,"href":"https:\/\/13.com.ar\/index.php\/wp-json\/wp\/v2\/categories?post=11434"},{"taxonomy":"post_tag","embeddable":true,"href":"https:\/\/13.com.ar\/index.php\/wp-json\/wp\/v2\/tags?post=11434"}],"curies":[{"name":"wp","href":"https:\/\/api.w.org\/{rel}","templated":true}]}}