{"id":1143,"date":"2025-02-01T08:22:26","date_gmt":"2025-02-01T11:22:26","guid":{"rendered":"https:\/\/13.com.ar\/index.php\/el-escondite-donde-ana-frank-escribio-su-diario-cobra-vida-en-nueva-york\/"},"modified":"2025-02-01T08:22:26","modified_gmt":"2025-02-01T11:22:26","slug":"el-escondite-donde-ana-frank-escribio-su-diario-cobra-vida-en-nueva-york","status":"publish","type":"post","link":"https:\/\/13.com.ar\/index.php\/el-escondite-donde-ana-frank-escribio-su-diario-cobra-vida-en-nueva-york\/","title":{"rendered":"El escondite donde Ana Frank escribi\u00f3 su diario cobra vida en Nueva York"},"content":{"rendered":"<p> <br \/>\n<\/p>\n<div id=\"cuerpo\">\n<div class=\"sc-80531b6b-0 chRIGJ container-text text-embed\">\n<p>El peque\u00f1o escondite en el que <strong>Ana Frank y su familia <\/strong>se refugiaron de los nazis entre 1942 y 1944 es el centro de<strong> una exposici\u00f3n en Nueva York<\/strong>, que busca narrar la vida de la joven como &#8220;adolescente, escritora y s\u00edmbolo de resiliencia&#8221; y que ayude a la sociedad a &#8220;aprender del pasado&#8221;.<\/p>\n<\/div>\n<div class=\"sc-198be8ec-0 cynXbu image-embed  image-embed \"><picture class=\"sc-198be8ec-1 kOjRiQ\"><source media=\"(min-width: 975px)\" width=\"720\" height=\"480\" \/><img alt=\"Fotograf\u00eda de una r\u00e9plica de la habitaci\u00f3n de Ana Frank en el escondite de \u00c1msterdam (Pa\u00edses Bajos) exhibida este martes, en el Centro para la Historia Jud\u00eda, en Nueva York (Estados Unidos). EFE\/ \u00c1ngel Colmenares\" loading=\"lazy\" width=\"720\" height=\"480\" decoding=\"async\" data-nimg=\"1\" style=\"color:transparent\" src=\"https:\/\/13.com.ar\/wp-content\/uploads\/2025\/02\/El-escondite-donde-Ana-Frank-escribio-su-diario-cobra-vida.jpg\"\/><span class=\"epigraphe\">Fotograf\u00eda de una r\u00e9plica de la habitaci\u00f3n de Ana Frank en el escondite de \u00c1msterdam (Pa\u00edses Bajos) exhibida este martes, en el Centro para la Historia Jud\u00eda, en Nueva York (Estados Unidos). EFE\/ \u00c1ngel Colmenares<\/span><span class=\"bkg\"\/><span class=\"picture-open\"><button class=\"open-image\" aria-label=\"Open Image\"\/><\/span><\/picture><\/div>\n<div class=\"sc-80531b6b-0 chRIGJ container-text text-embed\">\n<p>Hasta el 30 de abril el p\u00fablico que se acerque al <strong>Centro para la Historia Jud\u00eda<\/strong>, ubicado en pleno coraz\u00f3n de la Gran Manzana, podr\u00e1 ver <strong>m\u00e1s de 100 objetos que pertenecieron en su d\u00eda a la familia Frank<\/strong>, mundialmente conocida gracias al famoso diario de la joven Ana, adem\u00e1s del escondrijo donde Ana y su familia pasaron dos a\u00f1os y medio.<\/p>\n<\/div>\n<div class=\"sc-80531b6b-0 chRIGJ container-text text-embed\">\n<p>Aunque a diferencia del museo original <strong>esta exposici\u00f3n solo cuenta con una planta<\/strong>, se adapta al limitado espacio para recrear con exactitud &#8220;la casa de atr\u00e1s&#8221; \u2013como la llamaba Ana\u2013 en la que los Frank, Fritz Pfeffer y los Van Pels se proteg\u00edan de los nazis.<\/p>\n<\/div>\n<div class=\"sc-198be8ec-0 cynXbu image-embed  image-embed \"><picture class=\"sc-198be8ec-1 kOjRiQ\"><source media=\"(min-width: 975px)\" width=\"720\" height=\"480\" \/><img alt=\"Fotograf\u00eda de un p\u00f3ster promocional de la pel\u00edcula \u2018El diario de Ana Frank\u2019 exhibido este martes, en el Centro para la Historia Jud\u00eda en Nueva York (Estados Unidos). EFE\/ \u00c1ngel Colmenares\" loading=\"lazy\" width=\"720\" height=\"480\" decoding=\"async\" data-nimg=\"1\" style=\"color:transparent\" src=\"https:\/\/13.com.ar\/wp-content\/uploads\/2025\/02\/1738408946_870_El-escondite-donde-Ana-Frank-escribio-su-diario-cobra-vida.jpg\"\/><span class=\"epigraphe\">Fotograf\u00eda de un p\u00f3ster promocional de la pel\u00edcula \u2018El diario de Ana Frank\u2019 exhibido este martes, en el Centro para la Historia Jud\u00eda en Nueva York (Estados Unidos). EFE\/ \u00c1ngel Colmenares<\/span><span class=\"bkg\"\/><span class=\"picture-open\"><button class=\"open-image\" aria-label=\"Open Image\"\/><\/span><\/picture><\/div>\n<p><h2>Adolescente incomprendida<\/h2>\n<\/p>\n<div class=\"sc-80531b6b-0 chRIGJ container-text text-embed\">\n<p>En una presentaci\u00f3n para la prensa, <strong>Ronald Leopold, director ejecutivo de la casa de Ana Frank en \u00c1msterdam<\/strong>, hizo especial hincapi\u00e9 en que esta muestra no sirve solo como relato del &#8220;tr\u00e1gico destino&#8221; de la familia, sino que aporta &#8220;una visi\u00f3n m\u00e1s profunda y polifac\u00e9tica de Ana, <strong>como v\u00edctima pero tambi\u00e9n como adolescente y escritora<\/strong>&#8220;.<\/p>\n<\/div>\n<div class=\"sc-80531b6b-0 chRIGJ container-text text-embed\">\n<p>Y es que, en medio de los horrores que ocurr\u00edan a su alrededor,<strong> Ana crec\u00eda, pasando de ser una ni\u00f1a a una adolescente<\/strong> que se sent\u00eda incomprendida por su familia y que para evadirse pasaba las horas leyendo.<\/p>\n<\/div>\n<div class=\"sc-198be8ec-0 cynXbu image-embed  image-embed \"><picture class=\"sc-198be8ec-1 kOjRiQ\"><source media=\"(min-width: 975px)\" width=\"720\" height=\"480\" \/><img alt=\"Fotograf\u00eda de un juego de mesa que perteneci\u00f3 a Ana Frank durante su escondite en \u00c1msterdam (Pa\u00edses Bajos), exhibido este martes, en el Centro para la Historia Jud\u00eda en Nueva York (Estados Unidos). EFE\/ \u00c1ngel Colmenares\" loading=\"lazy\" width=\"720\" height=\"480\" decoding=\"async\" data-nimg=\"1\" style=\"color:transparent\" src=\"https:\/\/13.com.ar\/wp-content\/uploads\/2025\/02\/1738408946_45_El-escondite-donde-Ana-Frank-escribio-su-diario-cobra-vida.jpg\"\/><span class=\"epigraphe\">Fotograf\u00eda de un juego de mesa que perteneci\u00f3 a Ana Frank durante su escondite en \u00c1msterdam (Pa\u00edses Bajos), exhibido este martes, en el Centro para la Historia Jud\u00eda en Nueva York (Estados Unidos). EFE\/ \u00c1ngel Colmenares<\/span><span class=\"bkg\"\/><span class=\"picture-open\"><button class=\"open-image\" aria-label=\"Open Image\"\/><\/span><\/picture><\/div>\n<div class=\"sc-80531b6b-0 chRIGJ container-text text-embed\">\n<p>As\u00ed, el Centro para la Historia Jud\u00eda<strong> expone joyas como el \u00fanico video que se tiene de la joven<\/strong>, que se asoma sonriente a una ventana de su casa, adem\u00e1s de un peque\u00f1o poema que escribi\u00f3 en 1939 y un Monopoly al que jugaba con frecuencia con su familia.<\/p>\n<\/div>\n<div class=\"sc-80531b6b-0 chRIGJ container-text text-embed\">\n<p>Lo m\u00e1s preciado de la exposici\u00f3n es<strong> la r\u00e9plica del escondite secreto de los Frank, al que se acced\u00eda tras abrir una falsa estanter\u00eda<\/strong> y que estaba compuesto por tres peque\u00f1as piezas que hac\u00edan de dormitorios, adem\u00e1s de un comedor en el que se reun\u00edan para escuchar la radio y mantenerse informados del transcurso de la guerra.<\/p>\n<\/div>\n<div class=\"sc-80531b6b-0 chRIGJ container-text text-embed\">\n<p>En su caso, <strong>la habitaci\u00f3n de Ana plasma la esencia de la joven<\/strong>, que para animar su estancia all\u00ed y hacer los d\u00edas de &#8220;clandestinidad&#8221; m\u00e1s llevaderos decor\u00f3 las paredes con fotograf\u00edas de actrices de Hollywood y diversas postales.<\/p>\n<\/div>\n<p><h2>Aprender del pasado<\/h2>\n<\/p>\n<div class=\"sc-80531b6b-0 chRIGJ container-text text-embed\">\n<p>La muestra no es solo una representaci\u00f3n de la tragedia de los Frank \u2013que <strong>en 1944 fueron descubiertos y llevados a diversos campos de concentraci\u00f3n<\/strong>, de los que solo sali\u00f3 con vida el padre, Otto\u2013 sino un recuerdo de los millones de jud\u00edos que fueron asesinados a manos de los nazis.<\/p>\n<\/div>\n<div class=\"sc-198be8ec-0 cynXbu image-embed  image-embed \"><picture class=\"sc-198be8ec-1 kOjRiQ\"><source media=\"(min-width: 975px)\" width=\"720\" height=\"480\" \/><img alt=\"Fotograf\u00eda de un panel con varias fotograf\u00edas de identificaci\u00f3n de Ana Frank exhibidas este martes , en el Centro para la Historia Jud\u00eda en Nueva York (Estados Unidos). EFE\/ \u00c1ngel Colmenares\" loading=\"lazy\" width=\"720\" height=\"480\" decoding=\"async\" data-nimg=\"1\" style=\"color:transparent\" src=\"https:\/\/13.com.ar\/wp-content\/uploads\/2025\/02\/1738408946_452_El-escondite-donde-Ana-Frank-escribio-su-diario-cobra-vida.jpg\"\/><span class=\"epigraphe\">Fotograf\u00eda de un panel con varias fotograf\u00edas de identificaci\u00f3n de Ana Frank exhibidas este martes , en el Centro para la Historia Jud\u00eda en Nueva York (Estados Unidos). EFE\/ \u00c1ngel Colmenares<\/span><span class=\"bkg\"\/><span class=\"picture-open\"><button class=\"open-image\" aria-label=\"Open Image\"\/><\/span><\/picture><\/div>\n<div class=\"sc-80531b6b-0 chRIGJ container-text text-embed\">\n<p>Para Leopold, que la historia de Ana Frank haya cruzado el charco es de vital importancia, pues &#8220;<strong>vivimos en un tiempo en el que el antisemitismo y otras formas de odio est\u00e1n en auge<\/strong>, no solo en este pa\u00eds sino en todo el mundo&#8221;, e hizo referencia a los \u00faltimos incidentes antisemitas ocurridos en Australia.<\/p>\n<\/div>\n<div class=\"sc-80531b6b-0 chRIGJ container-text text-embed\">\n<p>&#8220;Una exposici\u00f3n como esta <strong>sirve como un poderoso recordatorio <\/strong>de la importancia de enfrentarse al odio mediante la educaci\u00f3n y la comprensi\u00f3n&#8221;, subray\u00f3, e incidi\u00f3 en que, si bien es importante &#8220;aprender acerca del pasado es a\u00fan m\u00e1s necesario &#8220;sacar lecciones del pasado&#8221;.<\/p>\n<\/div>\n<div class=\"sc-80531b6b-0 chRIGJ container-text text-embed\">\n<p>&#8220;En los tiempos que atravesamos&#8221;, es necesaria &#8220;una llamada a la acci\u00f3n&#8221;, concluy\u00f3.<\/p>\n<\/div>\n<\/div>\n<p><script async src=\"\/\/www.instagram.com\/embed.js\"><\/script><br \/>\n<br \/><br \/>\n<br \/><a href=\"https:\/\/www.clarin.com\/cultura\/escondite-ana-frank-escribio-diario-cobra-vida-nueva-york_0_OaJ7p2x7If.html\">Fuente Clarin.com <\/a><\/p>\n","protected":false},"excerpt":{"rendered":"<p>El peque\u00f1o escondite en el que Ana Frank y su familia se refugiaron de los nazis entre 1942 y 1944 es el centro de una exposici\u00f3n en Nueva York, que busca narrar la vida de la joven como &#8220;adolescente, escritora y s\u00edmbolo de resiliencia&#8221; y que ayude a la sociedad a &#8220;aprender del pasado&#8221;. Fotograf\u00eda [&hellip;]<\/p>\n","protected":false},"author":1,"featured_media":1144,"comment_status":"open","ping_status":"open","sticky":false,"template":"","format":"standard","meta":{"footnotes":""},"categories":[2],"tags":[2612,992,2615,743,2611,2614,2613,19,113,1088],"class_list":["post-1143","post","type-post","status-publish","format-standard","has-post-thumbnail","hentry","category-ultimas-noticias","tag-ana","tag-cobra","tag-diario","tag-donde","tag-escondite","tag-escribio","tag-frank","tag-nueva","tag-vida","tag-york"],"_links":{"self":[{"href":"https:\/\/13.com.ar\/index.php\/wp-json\/wp\/v2\/posts\/1143","targetHints":{"allow":["GET"]}}],"collection":[{"href":"https:\/\/13.com.ar\/index.php\/wp-json\/wp\/v2\/posts"}],"about":[{"href":"https:\/\/13.com.ar\/index.php\/wp-json\/wp\/v2\/types\/post"}],"author":[{"embeddable":true,"href":"https:\/\/13.com.ar\/index.php\/wp-json\/wp\/v2\/users\/1"}],"replies":[{"embeddable":true,"href":"https:\/\/13.com.ar\/index.php\/wp-json\/wp\/v2\/comments?post=1143"}],"version-history":[{"count":0,"href":"https:\/\/13.com.ar\/index.php\/wp-json\/wp\/v2\/posts\/1143\/revisions"}],"wp:featuredmedia":[{"embeddable":true,"href":"https:\/\/13.com.ar\/index.php\/wp-json\/wp\/v2\/media\/1144"}],"wp:attachment":[{"href":"https:\/\/13.com.ar\/index.php\/wp-json\/wp\/v2\/media?parent=1143"}],"wp:term":[{"taxonomy":"category","embeddable":true,"href":"https:\/\/13.com.ar\/index.php\/wp-json\/wp\/v2\/categories?post=1143"},{"taxonomy":"post_tag","embeddable":true,"href":"https:\/\/13.com.ar\/index.php\/wp-json\/wp\/v2\/tags?post=1143"}],"curies":[{"name":"wp","href":"https:\/\/api.w.org\/{rel}","templated":true}]}}