{"id":11428,"date":"2025-03-12T23:19:49","date_gmt":"2025-03-13T02:19:49","guid":{"rendered":"https:\/\/13.com.ar\/index.php\/quienes-eran-los-dos-empleados-municipales-que-murieron-en-otra-tragedia-en-el-pueblo-de-lionel-scaloni\/"},"modified":"2025-03-12T23:19:49","modified_gmt":"2025-03-13T02:19:49","slug":"quienes-eran-los-dos-empleados-municipales-que-murieron-en-otra-tragedia-en-el-pueblo-de-lionel-scaloni","status":"publish","type":"post","link":"https:\/\/13.com.ar\/index.php\/quienes-eran-los-dos-empleados-municipales-que-murieron-en-otra-tragedia-en-el-pueblo-de-lionel-scaloni\/","title":{"rendered":"Qui\u00e9nes eran los dos empleados municipales que murieron en otra tragedia en el pueblo de Lionel Scaloni"},"content":{"rendered":"<p> <br \/>\n<\/p>\n<div id=\"cuerpo\">\n<div class=\"sc-80531b6b-0 chRIGJ container-text text-embed\">\n<p>Otra vez <strong>Pujato<\/strong> est\u00e1 de luto. Como en pleno <strong>Mundial de Qatar 2022<\/strong>, con un choque fatal que terminar\u00eda con dos j\u00f3venes muertos, el pueblo de <strong>Lionel Scaloni<\/strong>, entrenador del seleccionado campe\u00f3n del mundo y bicampe\u00f3n de Am\u00e9rica, ahora llora una nueva tragedia.<\/p>\n<\/div>\n<div class=\"sc-80531b6b-0 chRIGJ container-text text-embed\">\n<p>Ocurri\u00f3 alrededor de las 15 de este martes sobre la calle Laprida, entre Sim\u00f3n de Iriondo y la misma ruta que el hecho anterior, la nacional 33, cuando empleados municipales intentaban colocar una nueva estructura met\u00e1lica en una zona con cables de alta tensi\u00f3n, en esta localidad de la provincia de Santa Fe, que pertenece al departamento San Lorenzo, a 40 kil\u00f3metros de Rosario.<\/p>\n<\/div>\n<div class=\"sc-80531b6b-0 chRIGJ container-text text-embed\">\n<p>Por causas que se investigan, una descarga el\u00e9ctrica mat\u00f3 a dos operarios: <strong>Ram\u00f3n Antonio Lovaiza (50) y Mart\u00edn Enrique Rold\u00e1n (49)<\/strong>, a quienes inhumar\u00e1n este jueves a la ma\u00f1ana.<\/p>\n<\/div>\n<div class=\"sc-198be8ec-0 cynXbu image-embed  image-embed \"><picture class=\"sc-198be8ec-1 kOjRiQ\"><source media=\"(min-width: 975px)\" width=\"720\" height=\"480\" \/><img alt=\"Ram\u00f3n Antonio Lovaiza (50) muri\u00f3 electrocutado en Pujato, Santa Fe.\" loading=\"lazy\" width=\"720\" height=\"480\" decoding=\"async\" data-nimg=\"1\" style=\"color:transparent\" src=\"https:\/\/13.com.ar\/wp-content\/uploads\/2025\/03\/Quienes-eran-los-dos-empleados-municipales-que-murieron-en-otra.jpg\"\/><span class=\"epigraphe\">Ram\u00f3n Antonio Lovaiza (50) muri\u00f3 electrocutado en Pujato, Santa Fe.<\/span><span class=\"bkg\"\/><span class=\"picture-open\"><button class=\"open-image\" aria-label=\"Open Image\"\/><\/span><\/picture><\/div>\n<div class=\"sc-80531b6b-0 chRIGJ container-text text-embed\">\n<p>Seg\u00fan los medios locales, el capataz de ambos sufri\u00f3 quemaduras y fue trasladado al Hospital San Carlos, de la ciudad de Casilda, donde permanec\u00eda internado.<\/p>\n<\/div>\n<div class=\"sc-80531b6b-0 chRIGJ container-text text-embed\">\n<p>En las redes sociales, la municipalidad de Pujato expres\u00f3 &#8220;<em>su profunda consternaci\u00f3n y dolor ante el fallecimiento de trabajadores comunales<\/em>&#8220;. Por ello, decret\u00f3 &#8220;<strong><em>24 horas de duelo<\/em><\/strong>&#8220;, lo que implica el cierre de &#8220;<strong>todas sus dependencias<\/strong>&#8221; este jueves.<\/p>\n<\/div>\n<div class=\"sc-198be8ec-0 cynXbu image-embed  image-embed \"><picture class=\"sc-198be8ec-1 kOjRiQ\"><source media=\"(min-width: 975px)\" width=\"720\" height=\"480\" \/><img alt=\"El comunicado de la comuna de Pujato declarando el duelo local por 24 horas. Foto: Facebook.\" loading=\"lazy\" width=\"720\" height=\"480\" decoding=\"async\" data-nimg=\"1\" style=\"color:transparent\" src=\"https:\/\/13.com.ar\/wp-content\/uploads\/2025\/03\/el-mensaje-del-DT-de-la-Seleccion.jpg\"\/><span class=\"epigraphe\">El comunicado de la comuna de Pujato declarando el duelo local por 24 horas. Foto: Facebook.<\/span><span class=\"bkg\"\/><span class=\"picture-open\"><button class=\"open-image\" aria-label=\"Open Image\"\/><\/span><\/picture><\/div>\n<div class=\"sc-80531b6b-0 chRIGJ container-text text-embed\">\n<p>Lovaiza estaba casado y ten\u00eda una hija de 28 a\u00f1os, que es enfermera. El velorio se realizaba en la sala &#8220;A&#8221; de la calle <strong>Hip\u00f3lito Yrigoyen 766<\/strong>. A las 9 llevar\u00e1n sus restos al cementerio local. Una hora m\u00e1s tarde est\u00e1 previsto que trasladen el cuerpo de Rold\u00e1n, a quien apodaban &#8220;Tin&#8221; o &#8220;Tim&#8221;, tras su despedida en la sala &#8220;B&#8221; de la misma direcci\u00f3n.<\/p>\n<\/div>\n<div class=\"sc-80531b6b-0 chRIGJ container-text text-embed\">\n<p>Scaloni expres\u00f3 su dolor por lo sucedido en una publicaci\u00f3n en Instagram.<\/p>\n<\/div>\n<div class=\"sc-80531b6b-0 chRIGJ container-text text-embed\">\n<p>&#8220;<em>Quiero expresar mi profunda consternaci\u00f3n y dolor ante el fallecimiento de trabajadores comunales de mi pueblo. Mucho \u00e1nimo a los familiares y a todo mi querido pueblo<\/em>&#8220;, agreg\u00f3 en una historia.<\/p>\n<\/div>\n<div class=\"sc-198be8ec-0 cynXbu image-embed  image-embed \"><picture class=\"sc-198be8ec-1 kOjRiQ\"><source media=\"(min-width: 975px)\" width=\"720\" height=\"480\" \/><img alt=\"Pujato de duelo: Lionel Scaloni mostr\u00f3 su dolor en las redes. Foto: Instagram\" loading=\"lazy\" width=\"720\" height=\"480\" decoding=\"async\" data-nimg=\"1\" style=\"color:transparent\" src=\"https:\/\/13.com.ar\/wp-content\/uploads\/2025\/03\/1741791035_925_el-mensaje-del-DT-de-la-Seleccion.jpg\"\/><span class=\"epigraphe\">Pujato de duelo: Lionel Scaloni mostr\u00f3 su dolor en las redes. Foto: Instagram<\/span><span class=\"bkg\"\/><span class=\"picture-open\"><button class=\"open-image\" aria-label=\"Open Image\"\/><\/span><\/picture><\/div>\n<p><h2>Las denuncias de los gremios<\/h2>\n<\/p>\n<div class=\"sc-80531b6b-0 chRIGJ container-text text-embed\">\n<p>Mientras se investiga las causas de la tragedia, el Sindicato de Trabajadores de Casilda y Comunas Adheridas emiti\u00f3 un duro comunicado culpando a las autoridades municipales.<\/p>\n<\/div>\n<div class=\"sc-80531b6b-0 chRIGJ container-text text-embed\">\n<p>El gremio denunci\u00f3 que las v\u00edctimas &#8220;<strong><em>realizaban tareas vinculadas a la red el\u00e9ctrica sin contar con los elementos de seguridad adecuados<\/em><\/strong>&#8221; ni la supervisi\u00f3n de la Empresa Provincial de la Energ\u00eda (EPE).<\/p>\n<\/div>\n<div class=\"sc-198be8ec-0 cynXbu image-embed  image-embed \"><picture class=\"sc-198be8ec-1 kOjRiQ\"><source media=\"(min-width: 975px)\" width=\"720\" height=\"480\" \/><img alt=\"Mart\u00edn Enrique Rold\u00e1n (49) muri\u00f3 electrocutado en Pujato, Santa Fe.\" loading=\"lazy\" width=\"720\" height=\"480\" decoding=\"async\" data-nimg=\"1\" style=\"color:transparent\" src=\"https:\/\/13.com.ar\/wp-content\/uploads\/2025\/03\/1741832389_443_Quienes-eran-los-dos-empleados-municipales-que-murieron-en-otra.jpg\"\/><span class=\"epigraphe\">Mart\u00edn Enrique Rold\u00e1n (49) muri\u00f3 electrocutado en Pujato, Santa Fe.<\/span><span class=\"bkg\"\/><span class=\"picture-open\"><button class=\"open-image\" aria-label=\"Open Image\"\/><\/span><\/picture><\/div>\n<div class=\"sc-80531b6b-0 chRIGJ container-text text-embed\">\n<p>&#8220;<em>El manejo negligente, temerario e irresponsable de la Comuna deriv\u00f3 en una tragedia evitable<\/em>&#8220;, indicaron.<\/p>\n<\/div>\n<div class=\"sc-80531b6b-0 chRIGJ container-text text-embed\">\n<p>Adem\u00e1s, anticiparon que realizar\u00e1n denuncias penales y administrativas para que el caso sea investigado y as\u00ed poder determinar responsabilidades.<\/p>\n<\/div>\n<div class=\"sc-198be8ec-0 cynXbu image-embed  image-embed \"><picture class=\"sc-198be8ec-1 kOjRiQ\"><source media=\"(min-width: 975px)\" width=\"720\" height=\"480\" \/><img alt=\"Ram\u00f3n Antonio Lovaiza (50) muri\u00f3 electrocutado en Pujato, Santa Fe.\" loading=\"lazy\" width=\"720\" height=\"480\" decoding=\"async\" data-nimg=\"1\" style=\"color:transparent\" src=\"https:\/\/13.com.ar\/wp-content\/uploads\/2025\/03\/1741832389_836_Quienes-eran-los-dos-empleados-municipales-que-murieron-en-otra.jpg\"\/><span class=\"epigraphe\">Ram\u00f3n Antonio Lovaiza (50) muri\u00f3 electrocutado en Pujato, Santa Fe.<\/span><span class=\"bkg\"\/><span class=\"picture-open\"><button class=\"open-image\" aria-label=\"Open Image\"\/><\/span><\/picture><\/div>\n<div class=\"sc-80531b6b-0 chRIGJ container-text text-embed\">\n<p>&#8220;<em>Vamos a luchar hasta que pague el \u00faltimo responsable, caiga quien caiga<\/em>&#8220;, concluyeron.<\/p>\n<\/div>\n<div class=\"sc-80531b6b-0 chRIGJ container-text text-embed\">\n<p>Desde la Federaci\u00f3n de Sindicatos de Trabajadores Municipales de la provincia de Santa Fe (Festram) tambi\u00e9n apuntaron contra las autoridades comunales.<\/p>\n<\/div>\n<div class=\"sc-198be8ec-0 cynXbu image-embed  image-embed \"><picture class=\"sc-198be8ec-1 kOjRiQ\"><source media=\"(min-width: 975px)\" width=\"720\" height=\"480\" \/><img alt=\"Mart\u00edn Enrique Rold\u00e1n (49) muri\u00f3 electrocutado en Pujato, Santa Fe.\" loading=\"lazy\" width=\"720\" height=\"480\" decoding=\"async\" data-nimg=\"1\" style=\"color:transparent\" src=\"https:\/\/13.com.ar\/wp-content\/uploads\/2025\/03\/1741832389_130_Quienes-eran-los-dos-empleados-municipales-que-murieron-en-otra.jpg\"\/><span class=\"epigraphe\">Mart\u00edn Enrique Rold\u00e1n (49) muri\u00f3 electrocutado en Pujato, Santa Fe.<\/span><span class=\"bkg\"\/><span class=\"picture-open\"><button class=\"open-image\" aria-label=\"Open Image\"\/><\/span><\/picture><\/div>\n<div class=\"sc-80531b6b-0 chRIGJ container-text text-embed\">\n<p><em>&#8220;Repudiamos el manejo negligente e irresponsable de las autoridades de la Comuna, que ordenaron ejecutar labores relacionadas con las redes de tensi\u00f3n el\u00e9ctrica sin elementos de seguridad ni supervisi\u00f3n de la Empresa Provincial de la Energ\u00eda (EPE), lo cual hace doblemente grave la situaci\u00f3n descripta<\/em>&#8220;, aseguraron.<\/p>\n<\/div>\n<div class=\"sc-80531b6b-0 chRIGJ container-text text-embed\">\n<p>Y completaron: &#8220;<em>En repetidas oportunidades, Festram ha denunciado este tipo de actitudes de autoridades municipales y comunales a lo largo de la provincia, sin que los organismos competentes intervengan para resguardar derechos de los trabajadores y trabajadoras<\/em>&#8220;.<\/p>\n<\/div>\n<p><h2>La otra tragedia durante el Mundial<\/h2>\n<\/p>\n<div class=\"sc-80531b6b-0 chRIGJ container-text text-embed\">\n<p>El viernes 9 de diciembre de 2022, a las 6, <strong>Agust\u00edn Fratini (27)<\/strong> manejaba su Peugeot 208 desde Casilda, a 13 kil\u00f3metros de Pujato, por una ruta 33 en malas condiciones, cuando choc\u00f3 contra un \u00e1rbol a la altura del Casilda Golf, en una zona conocida como la Curva de Marziali.<\/p>\n<\/div>\n<div class=\"sc-198be8ec-0 cynXbu image-embed  image-embed \"><picture class=\"sc-198be8ec-1 kOjRiQ\"><source media=\"(min-width: 975px)\" width=\"720\" height=\"480\" \/><img alt=\"El auto qued\u00f3 destruido tras el impacto.\" loading=\"lazy\" width=\"720\" height=\"480\" decoding=\"async\" data-nimg=\"1\" style=\"color:transparent\" src=\"https:\/\/13.com.ar\/wp-content\/uploads\/2025\/03\/1741832389_285_Quienes-eran-los-dos-empleados-municipales-que-murieron-en-otra.jpg\"\/><span class=\"epigraphe\">El auto qued\u00f3 destruido tras el impacto.<\/span><span class=\"bkg\"\/><span class=\"picture-open\"><button class=\"open-image\" aria-label=\"Open Image\"\/><\/span><\/picture><\/div>\n<div class=\"sc-80531b6b-0 chRIGJ container-text text-embed\">\n<p>El joven muri\u00f3 y su acompa\u00f1ante, <strong>Ciro Franceschetti (24)<\/strong>, agoniz\u00f3 durante 45 d\u00edas en un sanatorio de Rosario. Falleci\u00f3 el 24 de enero de 2023.<\/p>\n<\/div>\n<div class=\"sc-80531b6b-0 chRIGJ container-text text-embed\">\n<p>Tras la victoria en los penales ante Pa\u00edses Bajos, por los cuartos de final del Mundial de Qatar, Scaloni se mostr\u00f3 compungido por lo sucedido.<\/p>\n<\/div>\n<div class=\"sc-198be8ec-0 cynXbu image-embed  image-embed \"><picture class=\"sc-198be8ec-1 kOjRiQ\"><source media=\"(min-width: 975px)\" width=\"720\" height=\"480\" \/><img alt=\"Agust\u00edn Fratini muri\u00f3 el d\u00eda del choque.\" loading=\"lazy\" width=\"720\" height=\"480\" decoding=\"async\" data-nimg=\"1\" style=\"color:transparent\" src=\"https:\/\/13.com.ar\/wp-content\/uploads\/2025\/03\/1741832389_221_Quienes-eran-los-dos-empleados-municipales-que-murieron-en-otra.jpg\"\/><span class=\"epigraphe\">Agust\u00edn Fratini muri\u00f3 el d\u00eda del choque.<\/span><span class=\"bkg\"\/><span class=\"picture-open\"><button class=\"open-image\" aria-label=\"Open Image\"\/><\/span><\/picture><\/div>\n<div class=\"sc-80531b6b-0 chRIGJ container-text text-embed\">\n<p>&#8220;Hubo un accidente de coche en el pueblo y, como todos saben, el pueblo es muy peque\u00f1o y cuando pasa algo de esto estamos muy tristes. Ha fallecido un chico y otro est\u00e1 grave. <strong>Recemos por \u00e9l<\/strong>&#8220;, dijo al final de la conferencia de prensa posterior al partido.<\/p>\n<\/div>\n<div class=\"sc-80531b6b-0 chRIGJ container-text text-embed\">\n<p>&#8220;Le mandamos un fuerte abrazo a todas las familias y a toda la gente de Pujato. Lo que tendr\u00eda que ser un d\u00eda alegre termin\u00f3 siendo un d\u00eda triste, as\u00ed que nada, quer\u00eda mandar un fuerte abrazo a todo el pueblo&#8221;, cerr\u00f3 el director de la &#8220;Scaloneta&#8221;, siempre comprometido con las cuestiones de su lugar en el mundo.<\/p>\n<\/div>\n<div class=\"sc-198be8ec-0 cynXbu image-embed  image-embed \"><picture class=\"sc-198be8ec-1 kOjRiQ\"><source media=\"(min-width: 975px)\" width=\"720\" height=\"480\" \/><img alt=\"Ciro Franceschetti  (24) muri\u00f3 el 24 de enero de 2023 en Rosario. Era de Pujato, Santa Fe.\" loading=\"lazy\" width=\"720\" height=\"480\" decoding=\"async\" data-nimg=\"1\" style=\"color:transparent\" src=\"https:\/\/13.com.ar\/wp-content\/uploads\/2025\/03\/1741832389_711_Quienes-eran-los-dos-empleados-municipales-que-murieron-en-otra.jpg\"\/><span class=\"epigraphe\">Ciro Franceschetti  (24) muri\u00f3 el 24 de enero de 2023 en Rosario. Era de Pujato, Santa Fe.<\/span><span class=\"bkg\"\/><span class=\"picture-open\"><button class=\"open-image\" aria-label=\"Open Image\"\/><\/span><\/picture><\/div>\n<\/div>\n<p><br \/>\n<br \/><a href=\"https:\/\/www.clarin.com\/sociedad\/empleados-municipales-murieron-tragedia-pueblo-lionel-scaloni_0_kA82iDO2eS.html\">Fuente Clarin.com <\/a><\/p>\n","protected":false},"excerpt":{"rendered":"<p>Otra vez Pujato est\u00e1 de luto. Como en pleno Mundial de Qatar 2022, con un choque fatal que terminar\u00eda con dos j\u00f3venes muertos, el pueblo de Lionel Scaloni, entrenador del seleccionado campe\u00f3n del mundo y bicampe\u00f3n de Am\u00e9rica, ahora llora una nueva tragedia. Ocurri\u00f3 alrededor de las 15 de este martes sobre la calle Laprida, [&hellip;]<\/p>\n","protected":false},"author":1,"featured_media":11429,"comment_status":"open","ping_status":"open","sticky":false,"template":"","format":"standard","meta":{"footnotes":""},"categories":[2],"tags":[59,3676,1785,3921,28,872,1787,305,3371,1784,8438,1573],"class_list":["post-11428","post","type-post","status-publish","format-standard","has-post-thumbnail","hentry","category-ultimas-noticias","tag-dos","tag-empleados","tag-eran","tag-lionel","tag-los","tag-municipales","tag-murieron","tag-otra","tag-pueblo","tag-quienes","tag-scaloni","tag-tragedia"],"_links":{"self":[{"href":"https:\/\/13.com.ar\/index.php\/wp-json\/wp\/v2\/posts\/11428","targetHints":{"allow":["GET"]}}],"collection":[{"href":"https:\/\/13.com.ar\/index.php\/wp-json\/wp\/v2\/posts"}],"about":[{"href":"https:\/\/13.com.ar\/index.php\/wp-json\/wp\/v2\/types\/post"}],"author":[{"embeddable":true,"href":"https:\/\/13.com.ar\/index.php\/wp-json\/wp\/v2\/users\/1"}],"replies":[{"embeddable":true,"href":"https:\/\/13.com.ar\/index.php\/wp-json\/wp\/v2\/comments?post=11428"}],"version-history":[{"count":0,"href":"https:\/\/13.com.ar\/index.php\/wp-json\/wp\/v2\/posts\/11428\/revisions"}],"wp:featuredmedia":[{"embeddable":true,"href":"https:\/\/13.com.ar\/index.php\/wp-json\/wp\/v2\/media\/11429"}],"wp:attachment":[{"href":"https:\/\/13.com.ar\/index.php\/wp-json\/wp\/v2\/media?parent=11428"}],"wp:term":[{"taxonomy":"category","embeddable":true,"href":"https:\/\/13.com.ar\/index.php\/wp-json\/wp\/v2\/categories?post=11428"},{"taxonomy":"post_tag","embeddable":true,"href":"https:\/\/13.com.ar\/index.php\/wp-json\/wp\/v2\/tags?post=11428"}],"curies":[{"name":"wp","href":"https:\/\/api.w.org\/{rel}","templated":true}]}}