{"id":11424,"date":"2025-03-12T22:59:08","date_gmt":"2025-03-13T01:59:08","guid":{"rendered":"https:\/\/13.com.ar\/index.php\/que-clubes-estuvieron-presentes-y-el-llamado-de-chiqui-tapia-a-bullrich\/"},"modified":"2025-03-12T22:59:08","modified_gmt":"2025-03-13T01:59:08","slug":"que-clubes-estuvieron-presentes-y-el-llamado-de-chiqui-tapia-a-bullrich","status":"publish","type":"post","link":"https:\/\/13.com.ar\/index.php\/que-clubes-estuvieron-presentes-y-el-llamado-de-chiqui-tapia-a-bullrich\/","title":{"rendered":"qu\u00e9 clubes estuvieron presentes y el llamado de &#8216;Chiqui&#8217; Tapia a Bullrich"},"content":{"rendered":"<p> <br \/>\n<\/p>\n<div id=\"cuerpo\">\n<div class=\"sc-80531b6b-0 chRIGJ container-text text-embed\">\n<p>Camisetas de <strong>Chacarita Juniors<\/strong>, la hinchada que se transform\u00f3 en la punta de lanza de la movilizaci\u00f3n del f\u00fatbol. Gente de <strong>Rosario Central<\/strong>, que viaj\u00f3 300 kil\u00f3metros. <strong>Nueva Chicago <\/strong>y <strong>All Boys<\/strong>, antag\u00f3nicos pero unidos este mi\u00e9rcoles ca\u00f3tico. Hombres de <strong>Independiente <\/strong>y <strong>Racing<\/strong>, que por un rato dejaron la rivalidad, muy a pesar del inminente cl\u00e1sico de Avellaneda. Las barrabravas se mezclaron entre unos pocos jubilados y unos cuantos militantes del Partido Obrero y los movimientos de izquierda. Seg\u00fan pudo averiguar <strong>Clar\u00edn<\/strong>, la mayor\u00eda fueron miembros de <strong>segundas y terceras l\u00edneas<\/strong>. El saldo, seg\u00fan informaron desde el Ministerio de Seguridad de la Naci\u00f3n, fue de <strong>100 barras detenidos<\/strong>, a quienes se les aplicar\u00e1 <strong>la prohibici\u00f3n de concurrencia y no podr\u00e1n ingresar a ning\u00fan estadio del pa\u00eds<\/strong>.<\/p>\n<\/div>\n<div class=\"sc-80531b6b-0 chRIGJ container-text text-embed\">\n<p>En el medio del caos, <strong>Claudio Tapia se comunic\u00f3 con Patricia Bullrich<\/strong>. El presidente de la AFA le dijo a la Ministra que <strong>no ten\u00eda &#8220;nada que ver&#8221; con esta movida <\/strong>que se organiz\u00f3 a trav\u00e9s de las redes sociales, pero tuvo conexidad con la pol\u00edtica. A fin de cuentas, muchos de los barras son punteros pol\u00edticos del PJ, partido af\u00edn a <em>Chiqui<\/em>, a quien algunos referentes observan como un <strong>potencial candidato <\/strong>en el futuro. <strong>&#8220;Nos dijo que no hab\u00eda ninguna responsabilidad de su parte, pero vamos a investigar. Y si descubrimos que estuvo detr\u00e1s, le caeremos con todo el peso de la ley&#8221;<\/strong>, sostuvo la funcionara nacional.<\/p>\n<\/div>\n<div class=\"sc-198be8ec-0 cynXbu image-embed  image-embed \"><picture class=\"sc-198be8ec-1 kOjRiQ\"><source media=\"(min-width: 975px)\" width=\"720\" height=\"480\" \/><img alt=\"Chiqui Tapia y Karina Milei en Asunci\u00f3n en el marco del Congreso de FIFA.\" loading=\"lazy\" width=\"720\" height=\"480\" decoding=\"async\" data-nimg=\"1\" style=\"color:transparent\" src=\"https:\/\/13.com.ar\/wp-content\/uploads\/2025\/03\/que-clubes-estuvieron-presentes-y-el-llamado-de-Chiqui-Tapia.jpg\"\/><span class=\"epigraphe\">Chiqui Tapia y Karina Milei en Asunci\u00f3n en el marco del Congreso de FIFA.<\/span><span class=\"bkg\"\/><span class=\"picture-open\"><button class=\"open-image\" aria-label=\"Open Image\"\/><\/span><\/picture><\/div>\n<div class=\"sc-80531b6b-0 chRIGJ container-text text-embed\">\n<p>Los jerarcas de los barras no estuvieron en la manifestaci\u00f3n que intent\u00f3 ser una marcha de jubilados en reclamo de mejores remuneraciones y termin\u00f3 en una batalla campal con la Polic\u00eda. Se desplegaron <strong>mil efectivos <\/strong>de las Fuerzas Federales, un n\u00famero solo equivalente a un <strong>Supercl\u00e1sico<\/strong>. Entre los detenidos, <strong>se detect\u00f3 un centenar de barras<\/strong>.<\/p>\n<\/div>\n<div class=\"sc-80531b6b-0 chRIGJ container-text text-embed\">\n<p>Adem\u00e1s, el Ministerio de Seguridad revisar\u00e1 las c\u00e1maras para identificarlos por su camiseta, a los que se le aplicar\u00e1 la prohibici\u00f3n de concurrencia y no podr\u00e1n asistir a los distintos estadios del pa\u00eds por tiempo indeterminado.<\/p>\n<\/div>\n<div class=\"sc-80531b6b-0 chRIGJ container-text text-embed\">\n<p>Desde la Direcci\u00f3n de Seguridad en el F\u00fatbol, a cargo de <strong>Franco Berl\u00edn<\/strong>, ya hab\u00edan advertido que llegar\u00edan barras &#8220;disidentes&#8221; a las inmediaciones del palacio legislativo. En el \u00e1rea que depende del Ministerio de Seguridad de la Naci\u00f3n que conduce Bullrich hicieron un trabajo de inteligencia.<\/p>\n<\/div>\n<div class=\"sc-80531b6b-0 chRIGJ container-text text-embed\">\n<p>Por eso le hab\u00edan advertido a <strong>Clar\u00edn<\/strong> el d\u00eda previo que habr\u00eda violencia. Lo ten\u00edan claro. &#8220;Estuvo heavy, pero lo llevamos bien&#8221;, fue la frase que se escuch\u00f3 en el centro de monitoreo. Y agreg\u00f3: &#8220;Tenemos un compromiso con la erradicaci\u00f3n de la violencia en el f\u00fatbol y en cualquier \u00e1mbito de concurrencia masiva. No se tolerar\u00e1n conductas que atenten contra el orden p\u00fablico y la seguridad de los ciudadanos. La presencia de barrabravas en manifestaciones violentas es una amenaza para la paz social y ser\u00e1 abordada con medidas firmes y concretas&#8221;.<\/p>\n<\/div>\n<div class=\"sc-80531b6b-0 chRIGJ container-text text-embed\">\n<p>Durante la madrugada, en el Bolet\u00edn Oficial, se public\u00f3 el endurecimiento del derecho de admisi\u00f3n en el f\u00fatbol. A trav\u00e9s de la Resoluci\u00f3n 301\/2025, se facult\u00f3 al Ministerio de Seguridad a &#8220;restringir la concurrencia a espect\u00e1culos futbol\u00edsticos a toda persona que considere que puede generar un riesgo para la seguridad p\u00fablica&#8221;.<\/p>\n<\/div>\n<div class=\"sc-80531b6b-0 chRIGJ container-text text-embed\">\n<p>De esta manera, se podr\u00e1 prohibir el ingreso a toda persona que se encuentre &#8220;imputada, procesada o condenada&#8221; por delitos que hayan sido cometidos en el marco de la Ley N\u00b0 23.184 y sus modificatorias.<\/p>\n<\/div>\n<div class=\"sc-80531b6b-0 chRIGJ container-text text-embed\">\n<p>La medida tambi\u00e9n se extiende a aquellos &#8220;procesados o condenados por delitos dolosos con pena de reclusi\u00f3n o prisi\u00f3n y que la Autoridad de Aplicaci\u00f3n entienda que razonablemente pueda crear un riesgo concreto en el espect\u00e1culo futbol\u00edstico&#8221;.<\/p>\n<\/div>\n<div class=\"sc-80531b6b-0 chRIGJ container-text text-embed\">\n<p>En el documento, que lleva la firma de Bullrich, adem\u00e1s se incluy\u00f3 a quienes se encuentren imputados en cualquier actuaci\u00f3n contravencional o hayan tenido conductas violentas en el marco de un espect\u00e1culo futbol\u00edstico, ya sea antes, &#8220;durante o despu\u00e9s de la disputa del encuentro, durante las concentraciones o entrenamientos de los equipos, as\u00ed como tambi\u00e9n durante los traslados de las parcialidades hacia o desde el estadio deportivo donde se desarrolle el espect\u00e1culo&#8221;.<\/p>\n<\/div>\n<\/div>\n<p><br \/>\n<br \/><a href=\"https:\/\/www.clarin.com\/deportes\/trama-movilizacion-barrabravas-congreso-clubes-presentes-llamado-chiqui-tapia-bullrich_0_uMx6NqyaL3.html\">Fuente Clarin.com <\/a><\/p>\n","protected":false},"excerpt":{"rendered":"<p>Camisetas de Chacarita Juniors, la hinchada que se transform\u00f3 en la punta de lanza de la movilizaci\u00f3n del f\u00fatbol. Gente de Rosario Central, que viaj\u00f3 300 kil\u00f3metros. Nueva Chicago y All Boys, antag\u00f3nicos pero unidos este mi\u00e9rcoles ca\u00f3tico. Hombres de Independiente y Racing, que por un rato dejaron la rivalidad, muy a pesar del inminente [&hellip;]<\/p>\n","protected":false},"author":1,"featured_media":11425,"comment_status":"open","ping_status":"open","sticky":false,"template":"","format":"standard","meta":{"footnotes":""},"categories":[2],"tags":[584,6329,1613,10985,688,6262,286,6330],"class_list":["post-11424","post","type-post","status-publish","format-standard","has-post-thumbnail","hentry","category-ultimas-noticias","tag-bullrich","tag-chiqui","tag-clubes","tag-estuvieron","tag-llamado","tag-presentes","tag-que","tag-tapia"],"_links":{"self":[{"href":"https:\/\/13.com.ar\/index.php\/wp-json\/wp\/v2\/posts\/11424","targetHints":{"allow":["GET"]}}],"collection":[{"href":"https:\/\/13.com.ar\/index.php\/wp-json\/wp\/v2\/posts"}],"about":[{"href":"https:\/\/13.com.ar\/index.php\/wp-json\/wp\/v2\/types\/post"}],"author":[{"embeddable":true,"href":"https:\/\/13.com.ar\/index.php\/wp-json\/wp\/v2\/users\/1"}],"replies":[{"embeddable":true,"href":"https:\/\/13.com.ar\/index.php\/wp-json\/wp\/v2\/comments?post=11424"}],"version-history":[{"count":0,"href":"https:\/\/13.com.ar\/index.php\/wp-json\/wp\/v2\/posts\/11424\/revisions"}],"wp:featuredmedia":[{"embeddable":true,"href":"https:\/\/13.com.ar\/index.php\/wp-json\/wp\/v2\/media\/11425"}],"wp:attachment":[{"href":"https:\/\/13.com.ar\/index.php\/wp-json\/wp\/v2\/media?parent=11424"}],"wp:term":[{"taxonomy":"category","embeddable":true,"href":"https:\/\/13.com.ar\/index.php\/wp-json\/wp\/v2\/categories?post=11424"},{"taxonomy":"post_tag","embeddable":true,"href":"https:\/\/13.com.ar\/index.php\/wp-json\/wp\/v2\/tags?post=11424"}],"curies":[{"name":"wp","href":"https:\/\/api.w.org\/{rel}","templated":true}]}}