{"id":11422,"date":"2025-03-12T22:25:55","date_gmt":"2025-03-13T01:25:55","guid":{"rendered":"https:\/\/13.com.ar\/index.php\/el-video-con-el-que-firmenich-convoco-desde-espana-a-los-barras-para-la-violenta-marcha-frente-al-congreso\/"},"modified":"2025-03-12T22:25:55","modified_gmt":"2025-03-13T01:25:55","slug":"el-video-con-el-que-firmenich-convoco-desde-espana-a-los-barras-para-la-violenta-marcha-frente-al-congreso","status":"publish","type":"post","link":"https:\/\/13.com.ar\/index.php\/el-video-con-el-que-firmenich-convoco-desde-espana-a-los-barras-para-la-violenta-marcha-frente-al-congreso\/","title":{"rendered":"El video con el que Firmenich convoc\u00f3, desde Espa\u00f1a, a los barras para la violenta marcha frente al Congreso"},"content":{"rendered":"<p> <br \/>\n<br \/><img decoding=\"async\" src=\"https:\/\/13.com.ar\/wp-content\/uploads\/2025\/03\/El-video-con-el-que-Firmenich-convoco-desde-Espana-a.jpg\" \/><\/p>\n<div>\n<p>Luego de que la C\u00e1mara Federal de Casaci\u00f3n Penal revocara su sobreseimiento, <strong>Mario Firmenich<\/strong> reapareci\u00f3 en un video que se difundi\u00f3 por redes sociales. En esas im\u00e1genes, grabadas en Espa\u00f1a, <strong>convoc\u00f3 a la marcha que se realiz\u00f3 este mi\u00e9rcoles<\/strong> frente al Congreso y que termin\u00f3 con graves incidentes protagonizados por manifestantes, barras y las fuerzas policiales.<\/p>\n<\/div>\n<div>\n<p>&#8220;Los jubilados son uno de los sectores de nuestro pueblo m\u00e1s desprotegidos&#8221;. Con estas palabras, el exjefe de Montoneros comenz\u00f3, desde Espa\u00f1a, un corto discurso, de menos de un minuto, con el que se sum\u00f3 a la convocatoria para la movilizaci\u00f3n de  este mi\u00e9rcoles, que termin\u00f3 con unos 150 detenidos.<\/p>\n<\/div>\n<div>\n<p>Firmenich se pronunci\u00f3 en l\u00ednea con las consignas lanzadas para esta manifestaci\u00f3n, dirigida a hinchas y barras de f\u00fatbol. Hablando en car\u00e1cter de <strong>&#8220;hincha de Racing Club de Avellaneda&#8221;,<\/strong> mostr\u00f3 su apoyo a la manifestaci\u00f3n y afirm\u00f3: &#8220;Las hinchadas de f\u00fatbol se est\u00e1n pronunciando solidariamente con la defensa de nuestros jubilados&#8221;.<\/p>\n<\/div>\n<div>\n<p>En el video, el exjefe de Montoneros expres\u00f3 tambi\u00e9n: &#8220;Los hinchas de nuestros clubes sociales y deportivos unidos somos el pueblo argentino&#8221;. Y reclam\u00f3 por el derecho de los &#8220;compatriotas&#8221; a una &#8220;jubilaci\u00f3n digna, al acceso a sus remedios y a una buena atenci\u00f3n m\u00e9dica&#8221;.<\/p>\n<\/div>\n<div>\n<p>&#8220;Como hincha de Racing Club de Avellaneda me solidarizo con el acompa\u00f1amiento de todas las hinchadas a los jubilados el pr\u00f3ximo mi\u00e9rcoles 12 de marzo frente al Congreso Nacional a las 17 horas&#8221;, cerraba su convocatoria Firmenich.<\/p>\n<\/div>\n<div>\n<p>El exl\u00edder de Montoneros est\u00e1 imputado en la causa en la que se investiga el atentado al comedor de la Polic\u00eda Federal de julio de 1976 durante la dictadura, que dej\u00f3 23 muertos y 100 heridos.<\/p>\n<\/div>\n<div>\n<p>Actualmente, Firmenich vive en Espa\u00f1a. En diciembre, la C\u00e1mara Federal porte\u00f1a orden\u00f3 su indagatoria. El viernes pasado, apel\u00f3 su llamado a declaraci\u00f3n indagatoria.<\/p>\n<\/div>\n<p><br \/>\n<br \/><a href=\"https:\/\/www.clarin.com\/politica\/video-firmenich-convoco-espana-barras-violenta-marcha-frente-congreso_0_ssU2Eso8j6.html\">Fuente Clarin.com <\/a><\/p>\n","protected":false},"excerpt":{"rendered":"<p>Luego de que la C\u00e1mara Federal de Casaci\u00f3n Penal revocara su sobreseimiento, Mario Firmenich reapareci\u00f3 en un video que se difundi\u00f3 por redes sociales. En esas im\u00e1genes, grabadas en Espa\u00f1a, convoc\u00f3 a la marcha que se realiz\u00f3 este mi\u00e9rcoles frente al Congreso y que termin\u00f3 con graves incidentes protagonizados por manifestantes, barras y las fuerzas [&hellip;]<\/p>\n","protected":false},"author":1,"featured_media":11423,"comment_status":"open","ping_status":"open","sticky":false,"template":"","format":"standard","meta":{"footnotes":""},"categories":[2],"tags":[6781,18,2010,753,2184,2785,11504,802,28,1126,16,200,11395],"class_list":["post-11422","post","type-post","status-publish","format-standard","has-post-thumbnail","hentry","category-ultimas-noticias","tag-barras","tag-con","tag-congreso","tag-convoco","tag-desde","tag-espana","tag-firmenich","tag-frente","tag-los","tag-marcha","tag-para","tag-video","tag-violenta"],"_links":{"self":[{"href":"https:\/\/13.com.ar\/index.php\/wp-json\/wp\/v2\/posts\/11422","targetHints":{"allow":["GET"]}}],"collection":[{"href":"https:\/\/13.com.ar\/index.php\/wp-json\/wp\/v2\/posts"}],"about":[{"href":"https:\/\/13.com.ar\/index.php\/wp-json\/wp\/v2\/types\/post"}],"author":[{"embeddable":true,"href":"https:\/\/13.com.ar\/index.php\/wp-json\/wp\/v2\/users\/1"}],"replies":[{"embeddable":true,"href":"https:\/\/13.com.ar\/index.php\/wp-json\/wp\/v2\/comments?post=11422"}],"version-history":[{"count":0,"href":"https:\/\/13.com.ar\/index.php\/wp-json\/wp\/v2\/posts\/11422\/revisions"}],"wp:featuredmedia":[{"embeddable":true,"href":"https:\/\/13.com.ar\/index.php\/wp-json\/wp\/v2\/media\/11423"}],"wp:attachment":[{"href":"https:\/\/13.com.ar\/index.php\/wp-json\/wp\/v2\/media?parent=11422"}],"wp:term":[{"taxonomy":"category","embeddable":true,"href":"https:\/\/13.com.ar\/index.php\/wp-json\/wp\/v2\/categories?post=11422"},{"taxonomy":"post_tag","embeddable":true,"href":"https:\/\/13.com.ar\/index.php\/wp-json\/wp\/v2\/tags?post=11422"}],"curies":[{"name":"wp","href":"https:\/\/api.w.org\/{rel}","templated":true}]}}