{"id":1139,"date":"2025-02-01T07:01:28","date_gmt":"2025-02-01T10:01:28","guid":{"rendered":"https:\/\/13.com.ar\/index.php\/uno-de-ellos-es-el-padre-de-los-dos-nenes-argentinos-secuestrados-en-gaza\/"},"modified":"2025-02-01T07:01:28","modified_gmt":"2025-02-01T10:01:28","slug":"uno-de-ellos-es-el-padre-de-los-dos-nenes-argentinos-secuestrados-en-gaza","status":"publish","type":"post","link":"https:\/\/13.com.ar\/index.php\/uno-de-ellos-es-el-padre-de-los-dos-nenes-argentinos-secuestrados-en-gaza\/","title":{"rendered":"uno de ellos es el padre de los dos nenes argentinos secuestrados en Gaza"},"content":{"rendered":"<p> <br \/>\n<br \/><img decoding=\"async\" src=\"https:\/\/13.com.ar\/wp-content\/uploads\/2025\/02\/uno-de-ellos-es-el-padre-de-los-dos-nenes.jpg\" \/><\/p>\n<div>\n<p>El grupo terrorista Hamas liber\u00f3 este s\u00e1bado <strong>a otros tres rehenes<\/strong> en el marco de la tregua acordada con Israel en la Franja de Gaza. Entre ellos se encuentra <strong>Yarden Bibas<\/strong>, el pap\u00e1 de los dos nenes argentinos Ariel y Kfir, de los que se desconoce su paradero al igual que su madre Shiri Silberman.<\/p>\n<\/div>\n<div>\n<p>Junto a Bibas, de 35 a\u00f1os, fueron puestos en libertad otros dos secuestrados, el francoisrael\u00ed Ofer Kalderon (54) y el estadounidense Keith Siegel (65). Al igual que lo ocurrido anteriormente, su puesta en libertad tuvo como paso un <strong>acto multitudinario<\/strong> organizado por el grupo terrorista, que incluy\u00f3 su aparici\u00f3n en un escenario en medio de<strong> milicianos armados y encapuchados<\/strong>.<\/p>\n<\/div>\n<div>\n<p>Sin embargo, y a diferencia de las escenas de caos y desorden del jueves durante la entrega de dos rehenes civiles israel\u00edes y cinco trabajadores tailandeses, el traspaso de los rehenes a la Cruz Roja se produjo <strong>de manera r\u00e1pida y ordenada<\/strong>. Israel hab\u00eda exigido a los pa\u00edses mediadores en la tregua (Estados Unidos, Egipto y Qatar) que a su vez presionen a Hamas para que garantice la seguridad de los cautivos durante su puesta en libertad.<\/p>\n<\/div>\n<div>\n<p>Yarden Bibas es el padre de los <strong>dos rehenes m\u00e1s j\u00f3venes<\/strong> tomados por Hamas el 7 de octubre de 2023 durante su ataque sorpresa en territorio israel\u00ed: Kfir y Ariel, que ten\u00edan respectivamente ocho meses y medio y cuatro a\u00f1os de edad.<\/p>\n<\/div>\n<div>\n<p>El padre de familia fue liberado <strong>sin su esposa Shiri ni sus dos hijos<\/strong>, de los que se desconoce el paradero. Todos fueron tomados cautivos en el kibutz Nir Oz.<\/p>\n<\/div>\n<div>\n<p>En noviembre de 2023, la Yihad Isl\u00e1mica asegur\u00f3 que Shiri y los dos ni\u00f1os hab\u00edan muerto en un ataque israel\u00ed, pero el Ej\u00e9rcito nunca pudo confirmar esa informaci\u00f3n, aunque fueron los \u00fanicos menores que no fueron liberados durante la tregua que se alcanz\u00f3 ese mes, lo que despert\u00f3 dudas.<\/p>\n<\/div>\n<div>\n<p>Shiri y sus dos hijos forman parte de la lista de los primeros 33 rehenes que las milicias palestinas tienen que liberar en esta primera fase de 42 d\u00edas pactada con Israel en el acuerdo de alto fuego.<\/p>\n<\/div>\n<p><br \/>\n<br \/><a href=\"https:\/\/www.clarin.com\/mundo\/hamas-libero-rehenes-padre-nenes-argentinos-secuestrados-gaza_0_V5VibhEysf.html\">Fuente Clarin.com <\/a><\/p>\n","protected":false},"excerpt":{"rendered":"<p>El grupo terrorista Hamas liber\u00f3 este s\u00e1bado a otros tres rehenes en el marco de la tregua acordada con Israel en la Franja de Gaza. Entre ellos se encuentra Yarden Bibas, el pap\u00e1 de los dos nenes argentinos Ariel y Kfir, de los que se desconoce su paradero al igual que su madre Shiri Silberman. [&hellip;]<\/p>\n","protected":false},"author":1,"featured_media":1140,"comment_status":"open","ping_status":"open","sticky":false,"template":"","format":"standard","meta":{"footnotes":""},"categories":[2],"tags":[671,59,2606,1542,28,2158,2157,2159,1013],"class_list":["post-1139","post","type-post","status-publish","format-standard","has-post-thumbnail","hentry","category-ultimas-noticias","tag-argentinos","tag-dos","tag-ellos","tag-gaza","tag-los","tag-nenes","tag-padre","tag-secuestrados","tag-uno"],"_links":{"self":[{"href":"https:\/\/13.com.ar\/index.php\/wp-json\/wp\/v2\/posts\/1139","targetHints":{"allow":["GET"]}}],"collection":[{"href":"https:\/\/13.com.ar\/index.php\/wp-json\/wp\/v2\/posts"}],"about":[{"href":"https:\/\/13.com.ar\/index.php\/wp-json\/wp\/v2\/types\/post"}],"author":[{"embeddable":true,"href":"https:\/\/13.com.ar\/index.php\/wp-json\/wp\/v2\/users\/1"}],"replies":[{"embeddable":true,"href":"https:\/\/13.com.ar\/index.php\/wp-json\/wp\/v2\/comments?post=1139"}],"version-history":[{"count":0,"href":"https:\/\/13.com.ar\/index.php\/wp-json\/wp\/v2\/posts\/1139\/revisions"}],"wp:featuredmedia":[{"embeddable":true,"href":"https:\/\/13.com.ar\/index.php\/wp-json\/wp\/v2\/media\/1140"}],"wp:attachment":[{"href":"https:\/\/13.com.ar\/index.php\/wp-json\/wp\/v2\/media?parent=1139"}],"wp:term":[{"taxonomy":"category","embeddable":true,"href":"https:\/\/13.com.ar\/index.php\/wp-json\/wp\/v2\/categories?post=1139"},{"taxonomy":"post_tag","embeddable":true,"href":"https:\/\/13.com.ar\/index.php\/wp-json\/wp\/v2\/tags?post=1139"}],"curies":[{"name":"wp","href":"https:\/\/api.w.org\/{rel}","templated":true}]}}