{"id":1137,"date":"2025-02-01T06:38:28","date_gmt":"2025-02-01T09:38:28","guid":{"rendered":"https:\/\/13.com.ar\/index.php\/la-selfie-del-infierno\/"},"modified":"2025-02-01T06:38:28","modified_gmt":"2025-02-01T09:38:28","slug":"la-selfie-del-infierno","status":"publish","type":"post","link":"https:\/\/13.com.ar\/index.php\/la-selfie-del-infierno\/","title":{"rendered":"La selfie del infierno"},"content":{"rendered":"<p> <br \/>\n<br \/><img decoding=\"async\" src=\"https:\/\/13.com.ar\/wp-content\/uploads\/2025\/02\/La-selfie-del-infierno.jpg\" \/><\/p>\n<div id=\"cuerpo\">\n<div class=\"sc-80531b6b-0 chRIGJ container-text text-embed\">\n<p>Torturaron a una mujer de 92 a\u00f1os para robarle, y por el gozo infamante de flagelarla se tomaron una selfie endemoniada.<\/p>\n<\/div>\n<div class=\"sc-80531b6b-0 chRIGJ container-text text-embed\">\n<p>Las caras parcialmente cubiertas, las manos de uno de ellos enguantadas y gestos de armas con los dedos violentamente tontos, mirando a c\u00e1mara, poni\u00e9ndole ojos \u201ctriunfantes\u201d a su horror, a su desaf\u00edo p\u00fablico y macabro, a su ilimitada maldad.<\/p>\n<\/div>\n<div class=\"sc-80531b6b-0 chRIGJ container-text text-embed\">\n<p>Las manos de la selfie son las manos que fustigaron minuciosamente a la mujer.<\/p>\n<\/div>\n<div class=\"sc-80531b6b-0 chRIGJ container-text text-embed\">\n<p><strong>Es el crimen como espect\u00e1culo<\/strong>.<\/p>\n<\/div>\n<div class=\"sc-80531b6b-0 chRIGJ container-text text-embed\">\n<p>Pas\u00f3 hace algunos d\u00edas pero la foto queda como <strong>testimonio de un fen\u00f3meno de exhibicionismo tan brutal, como arrogante<\/strong>. Una evidencia de una cultura ahuecada de cerebros. Descerebrados, perdidos en la noche, pero no por perdidos impunes.<\/p>\n<\/div>\n<div class=\"sc-80531b6b-0 chRIGJ container-text text-embed\">\n<p>Al contrario. Son inmensamente culpables.<\/p>\n<\/div>\n<div class=\"sc-80531b6b-0 chRIGJ container-text text-embed\">\n<p>La anciana agredida, golpeada, burlada, y con intensidad ominosa despreciada en sus a\u00f1os y en su historia, aparece en segundo plano, con el sufrimiento y el terror en su rostro, con la impotencia en las facciones apretadas y aterradas, con la cabeza enfundada en lo que parece un pa\u00f1uelo p\u00e1lido, sola, fr\u00e1gil, intrusada en su vida por el terror m\u00e1s burdo y m\u00e1s da\u00f1ino.<\/p>\n<\/div>\n<div class=\"sc-80531b6b-0 chRIGJ container-text text-embed\">\n<p><strong>La selfie inaugura una fase m\u00e1s horrible, si cabe, de la ola delincuencial y demencial<\/strong>.<\/p>\n<\/div>\n<div class=\"sc-80531b6b-0 chRIGJ container-text text-embed\">\n<p>\u00bfPor qu\u00e9 se sacaron esa foto a s\u00ed mismos exhibiendo su sed de maldad ilimitada?<\/p>\n<\/div>\n<div class=\"sc-80531b6b-0 chRIGJ container-text text-embed\">\n<p>Hay un narcisismo a sangre fr\u00eda que quisieron mostrar.<\/p>\n<\/div>\n<div class=\"sc-80531b6b-0 chRIGJ container-text text-embed\">\n<p>De hecho,<strong> tres de los cuatro martirizadores son menores y fueron liberados.<\/strong><\/p>\n<\/div>\n<div class=\"sc-80531b6b-0 chRIGJ container-text text-embed\">\n<p>Los verdugos como gatos salvajes con una v\u00edctima mucho m\u00e1s que indefensa, indefensa s\u00ed, claro, pero atrapada entre verdugos que jugaron con ella incisionando su ancianidad hasta pisotear todo respeto.<\/p>\n<\/div>\n<div class=\"sc-80531b6b-0 chRIGJ container-text text-embed\">\n<p>Es torturar al respeto. Y publicarlo, <strong>como si el dolor f\u00edsico y emocional de la v\u00edctima fuera un trofeo<\/strong>, un campeonato, una victoria.<\/p>\n<\/div>\n<div class=\"sc-80531b6b-0 chRIGJ container-text text-embed\">\n<p>Es la derrota de las derrotas.<\/p>\n<\/div>\n<div class=\"sc-80531b6b-0 chRIGJ container-text text-embed\">\n<p>Algunos oficiantes del odio en las redes, se definen como oficialistas, imputan a los ancianos de todos los males argentinos, y difunden y propagandizan una impiadosa guerra del cerdo.<\/p>\n<\/div>\n<div class=\"sc-80531b6b-0 chRIGJ container-text text-embed\">\n<p>Escribi\u00f3 Adolfo Bioy Casares en su brillante y tr\u00e1gica profec\u00eda: <em>\u201cEn esta guerra los chicos matan por odio contra el viejo que van a ser\u2026\u201d<\/em><\/p>\n<\/div>\n<div class=\"sc-80531b6b-0 chRIGJ container-text text-embed\">\n<p>Pero a\u00fan hay algo m\u00e1s en esta selfie. Es un estandarte expuesto de un modelo vigente e insoportable: l<strong>os prestigios del matador, del abusador, de la cobard\u00eda m\u00e1s profunda, m\u00e1s repudiable<\/strong>.<\/p>\n<\/div>\n<div class=\"sc-80531b6b-0 chRIGJ container-text text-embed\">\n<p>Se r\u00eden con su mirada en la selfie.<\/p>\n<\/div>\n<div class=\"sc-80531b6b-0 chRIGJ container-text text-embed\">\n<p>Se cachondean en su poder mal\u00e9fico.<\/p>\n<\/div>\n<div class=\"sc-80531b6b-0 chRIGJ container-text text-embed\">\n<p><strong>Se presentan como justicieros del mal. <\/strong>Son gendarmes que cuidan y contaminan con lo peor ostentando su perversi\u00f3n con orgullo.<\/p>\n<\/div>\n<div class=\"sc-80531b6b-0 chRIGJ container-text text-embed\">\n<p>Esa selfie fue un gatillazo y una admonici\u00f3n contra todos.<\/p>\n<\/div>\n<div class=\"sc-80531b6b-0 chRIGJ container-text text-embed\">\n<p><strong>Los ancianos ser\u00e1n sacrificados.<\/strong><\/p>\n<\/div>\n<div class=\"sc-80531b6b-0 chRIGJ container-text text-embed\">\n<p>En las \u00faltimas semanas hay im\u00e1genes de guerra, sobre todo en el conurbano.<\/p>\n<\/div>\n<div class=\"sc-80531b6b-0 chRIGJ container-text text-embed\">\n<p>Las c\u00e1maras de seguridad mostraron balazos de ida y vuelta.<\/p>\n<\/div>\n<div class=\"sc-80531b6b-0 chRIGJ container-text text-embed\">\n<p>Una invasi\u00f3n de langostas armadas y en moto.<\/p>\n<\/div>\n<div class=\"sc-80531b6b-0 chRIGJ container-text text-embed\">\n<p>Tambi\u00e9n cayeron delincuentes juveniles.<\/p>\n<\/div>\n<div class=\"sc-80531b6b-0 chRIGJ container-text text-embed\">\n<p>No todo anciano es indefenso, cuando a la vez ataca precisamente en defensa propia<\/p>\n<\/div>\n<div class=\"sc-80531b6b-0 chRIGJ container-text text-embed\">\n<p><strong>El Estado, mientras tanto, no se ve.<\/strong><\/p>\n<\/div>\n<div class=\"sc-80531b6b-0 chRIGJ container-text text-embed\">\n<p>Pero se ve la selfie que se toman los criminales.<\/p>\n<\/div>\n<div class=\"sc-80531b6b-0 chRIGJ container-text text-embed\">\n<p>Es un contraste tremendo.<\/p>\n<\/div>\n<div class=\"sc-80531b6b-0 chRIGJ container-text text-embed\">\n<p><strong>Colonizaron con su selfie el panorama en disputa<\/strong>. El paisaje lo toman los facinerosos.<\/p>\n<\/div>\n<div class=\"sc-80531b6b-0 chRIGJ container-text text-embed\">\n<p>Los rufianes ostentosos emitieron un mensaje general.<\/p>\n<\/div>\n<div class=\"sc-80531b6b-0 chRIGJ container-text text-embed\">\n<p>\u201cAqu\u00ed estamos y hacemos lo que queremos\u201d.<\/p>\n<\/div>\n<div class=\"sc-80531b6b-0 chRIGJ container-text text-embed\">\n<p>Reclaman ser vistos como un ej\u00e9rcito, una soldadesca deshumanizada.<\/p>\n<\/div>\n<div class=\"sc-80531b6b-0 chRIGJ container-text text-embed\">\n<p><strong>Como una avanzada de una est\u00e9tica que se viene dise\u00f1ando en una especie de exaltaci\u00f3n de la marginalidad delincuencial, como si fuera un modo de vida.<\/strong><\/p>\n<\/div>\n<div class=\"sc-80531b6b-0 chRIGJ container-text text-embed\">\n<p>La selfie de esos cuatro literales guerreros del apocalipsis anuncia una declaraci\u00f3n hostil.<\/p>\n<\/div>\n<div class=\"sc-80531b6b-0 chRIGJ container-text text-embed\">\n<p>Subieron la im\u00e1gen a Instagram y la ornamentaron con fondo de m\u00fasica electr\u00f3nica, una cr\u00edptica leyenda: \u201cLa chispa es una, fue\u201d.<\/p>\n<\/div>\n<div class=\"sc-80531b6b-0 chRIGJ container-text text-embed\">\n<p>\u00bfQu\u00e9 tienen en la cabeza? Ninguna chispa iluminada, solo oscuridad. Su moralidad fue, o nunca fue.<\/p>\n<\/div>\n<div class=\"sc-80531b6b-0 chRIGJ container-text text-embed\">\n<p><strong>Es una batalla ganada por la ferocidad y perdida por todo el resto.<\/strong><\/p>\n<\/div>\n<div class=\"sc-80531b6b-0 chRIGJ container-text text-embed\">\n<p>Hay un terrorismo cuenta propista.<\/p>\n<\/div>\n<div class=\"sc-80531b6b-0 chRIGJ container-text text-embed\">\n<p>Opera como una coacci\u00f3n, distribuyendo un miedo garantizado para todos.<\/p>\n<\/div>\n<div class=\"sc-80531b6b-0 chRIGJ container-text text-embed\">\n<p>Son flagrantes chantajistas a sabiendas de que el confinamiento que merecen es inexistente o leve, como si las cicatrices f\u00edsicas, emocionales desde la sa\u00f1a de la sinraz\u00f3n, implantaran una escena lacerante, pero anestesiante a la vez.<\/p>\n<\/div>\n<div class=\"sc-80531b6b-0 chRIGJ container-text text-embed\">\n<p><strong>La impiedad como m\u00e9todo<\/strong>, reiterada hasta la escenificaci\u00f3n autoportante de los cr\u00edmenes, como una admonici\u00f3n en donde lo totalmente anormal se considere en natural.<\/p>\n<\/div>\n<div class=\"sc-80531b6b-0 chRIGJ container-text text-embed\">\n<p>Se repiten los cr\u00edmenes y crece el imperio de la crueldad.<\/p>\n<\/div>\n<div class=\"sc-80531b6b-0 chRIGJ container-text text-embed\">\n<p>El eje de la selfie del infierno est\u00e1 en un flanco de la misma, a un costado, como si fuera una nader\u00eda. Es la mujer, la anciana, la v\u00edctima, al margen, como si fuera un objeto tangencial, pero est\u00e1 all\u00ed. Su sufrimiento y humillaci\u00f3n son expuestos e ignorados a la vez.<\/p>\n<\/div>\n<div class=\"sc-80531b6b-0 chRIGJ container-text text-embed\">\n<p>Los torturadores inauguraron un nuevo g\u00e9nero argentino.<\/p>\n<\/div>\n<div class=\"sc-80531b6b-0 chRIGJ container-text text-embed\">\n<p>El crimen no se oculta, se manifiesta.<\/p>\n<\/div>\n<div class=\"sc-80531b6b-0 chRIGJ container-text text-embed\">\n<p><strong>A mayor sufrimiento del atormento, mayor poder escenogr\u00e1fico.<\/strong><\/p>\n<\/div>\n<div class=\"sc-80531b6b-0 chRIGJ container-text text-embed\">\n<p>Los agresores se colocan en el centro de la escena.<\/p>\n<\/div>\n<div class=\"sc-80531b6b-0 chRIGJ container-text text-embed\">\n<p>Es el centro mismo del infierno.<\/p>\n<\/div>\n<div class=\"sc-80531b6b-0 chRIGJ container-text text-embed\">\n<p>Y la mujer en el margen, es la imagen misma<\/p>\n<\/div>\n<div class=\"sc-80531b6b-0 chRIGJ container-text text-embed\">\n<p>Para Persona, persona, persona<\/p>\n<\/div>\n<div class=\"sc-80531b6b-0 chRIGJ container-text text-embed\">\n<p>Asunto de una vida transcurrida con sus trabajos y sus d\u00edas a cuestas, con los a\u00f1os en la espalda, con la agon\u00eda de un secuestro fotografiado por el delirio del disfrute que les produce a los captores de los que no puede defenderse.<\/p>\n<\/div>\n<div class=\"sc-80531b6b-0 chRIGJ container-text text-embed\">\n<p>Hacer sufrir es su \u00e9xtasis.<\/p>\n<\/div>\n<div class=\"sc-80531b6b-0 chRIGJ container-text text-embed\">\n<p>Son los nuevos, y a la vez tan arcaicos y b\u00e1rbaramente vanidosos manufactureros de la vileza.<\/p>\n<\/div>\n<div class=\"sc-80531b6b-0 chRIGJ container-text text-embed\">\n<p><strong>El suplicio de la anciana es el mensaje.<\/strong><\/p>\n<\/div>\n<div class=\"sc-80531b6b-0 chRIGJ container-text text-embed\">\n<p>A esa selfie del infierno habr\u00eda que borrarla.<\/p>\n<\/div>\n<\/div>\n<p><br \/>\n<br \/><a href=\"https:\/\/www.clarin.com\/opinion\/selfie-infierno_0_azjp7ClOMt.html\">Fuente Clarin.com <\/a><\/p>\n","protected":false},"excerpt":{"rendered":"<p>Torturaron a una mujer de 92 a\u00f1os para robarle, y por el gozo infamante de flagelarla se tomaron una selfie endemoniada. Las caras parcialmente cubiertas, las manos de uno de ellos enguantadas y gestos de armas con los dedos violentamente tontos, mirando a c\u00e1mara, poni\u00e9ndole ojos \u201ctriunfantes\u201d a su horror, a su desaf\u00edo p\u00fablico y [&hellip;]<\/p>\n","protected":false},"author":1,"featured_media":1138,"comment_status":"open","ping_status":"open","sticky":false,"template":"","format":"standard","meta":{"footnotes":""},"categories":[2],"tags":[100,2605,2604],"class_list":["post-1137","post","type-post","status-publish","format-standard","has-post-thumbnail","hentry","category-ultimas-noticias","tag-del","tag-infierno","tag-selfie"],"_links":{"self":[{"href":"https:\/\/13.com.ar\/index.php\/wp-json\/wp\/v2\/posts\/1137","targetHints":{"allow":["GET"]}}],"collection":[{"href":"https:\/\/13.com.ar\/index.php\/wp-json\/wp\/v2\/posts"}],"about":[{"href":"https:\/\/13.com.ar\/index.php\/wp-json\/wp\/v2\/types\/post"}],"author":[{"embeddable":true,"href":"https:\/\/13.com.ar\/index.php\/wp-json\/wp\/v2\/users\/1"}],"replies":[{"embeddable":true,"href":"https:\/\/13.com.ar\/index.php\/wp-json\/wp\/v2\/comments?post=1137"}],"version-history":[{"count":0,"href":"https:\/\/13.com.ar\/index.php\/wp-json\/wp\/v2\/posts\/1137\/revisions"}],"wp:featuredmedia":[{"embeddable":true,"href":"https:\/\/13.com.ar\/index.php\/wp-json\/wp\/v2\/media\/1138"}],"wp:attachment":[{"href":"https:\/\/13.com.ar\/index.php\/wp-json\/wp\/v2\/media?parent=1137"}],"wp:term":[{"taxonomy":"category","embeddable":true,"href":"https:\/\/13.com.ar\/index.php\/wp-json\/wp\/v2\/categories?post=1137"},{"taxonomy":"post_tag","embeddable":true,"href":"https:\/\/13.com.ar\/index.php\/wp-json\/wp\/v2\/tags?post=1137"}],"curies":[{"name":"wp","href":"https:\/\/api.w.org\/{rel}","templated":true}]}}