{"id":1131,"date":"2025-02-01T06:27:07","date_gmt":"2025-02-01T09:27:07","guid":{"rendered":"https:\/\/13.com.ar\/index.php\/la-increible-historia-de-tomas-nasif-la-promesa-que-river-dejo-ir\/"},"modified":"2025-02-01T06:27:07","modified_gmt":"2025-02-01T09:27:07","slug":"la-increible-historia-de-tomas-nasif-la-promesa-que-river-dejo-ir","status":"publish","type":"post","link":"https:\/\/13.com.ar\/index.php\/la-increible-historia-de-tomas-nasif-la-promesa-que-river-dejo-ir\/","title":{"rendered":"la incre\u00edble historia de Tom\u00e1s Nasif, la promesa que River dej\u00f3 ir"},"content":{"rendered":"<p> <br \/>\n<\/p>\n<div id=\"cuerpo\">\n<div class=\"sc-80531b6b-0 chRIGJ container-text text-embed\">\n<p>Su nombre apareci\u00f3 por todos lados cuando en septiembre del a\u00f1o pasado hizo <strong>el gol del triunfo a Boca por 1 a 0 en un Supercl\u00e1sico de Reserva <\/strong>disputado en el Boca Predio. Tambi\u00e9n, llam\u00f3 la atenci\u00f3n que, con 20 a\u00f1os, no tuviera todav\u00eda firmado su primer contrato, algo que reci\u00e9n se concret\u00f3 a fin de 2024 luego de ser dos veces campe\u00f3n (el t\u00edtulo del Torneo Proyecci\u00f3n m\u00e1s la final del Trofeo de Campeones) con el equipo de Marcelo Escudero. <strong>Sin embargo, no tuvo lugar en la Primera que conduce Marcelo Gallardo y fue a pr\u00e9stamo a Banfield para ganar experiencia<\/strong>. Y en las primeras fechas del Torneo Apertura empez\u00f3 a mostrar sus condiciones: hizo tres goles en dos partidos y es la gran revelaci\u00f3n de este inicio del campeonato.<\/p>\n<\/div>\n<div class=\"sc-80531b6b-0 chRIGJ container-text text-embed\">\n<p><strong>Tom\u00e1s Nasif<\/strong>, de 21 a\u00f1os (los cumpli\u00f3 el 2 de enero), gener\u00f3 un gran revuelo en las \u00faltimas horas. En Banfield, que ven\u00eda de capa ca\u00edda, despert\u00f3 el entusiasmo de sus hinchas.<strong> Y en River, muchos se preguntan -y se expresan en las redes sociales- por qu\u00e9 no se qued\u00f3 en N\u00fa\u00f1ez<\/strong>. <em>&#8220;Fue una decisi\u00f3n junto con mi familia. La ilusi\u00f3n de quedarme siempre estuvo, pero entendible por la cantidad de jugadores que hab\u00eda. Salir era una buena opci\u00f3n, y m\u00e1s a Banfield&#8221;<\/em>, cont\u00f3. Y agreg\u00f3: <em>\u201c<\/em><strong><em>No habl\u00e9 con Gallardo.<\/em><\/strong><em> Pero el club est\u00e1 lleno de figuras. Venir a Banfield fue una gran elecci\u00f3n para sumar minutos y estoy feliz de estar ac\u00e1&#8221;<\/em>.<\/p>\n<\/div>\n<div class=\"sc-80531b6b-0 chRIGJ container-text text-embed\">\n<p>El Mu\u00f1eco explic\u00f3 la semana pasada el tema de los juveniles en River: <em>\u201c<\/em><strong><em>No confundamos a la gente de que no hay chicos que tengan minutos, que no se les da la oportunidad, no, no es por ah\u00ed. <\/em><\/strong><em>Si yo considerara que estuvieran en condiciones para hacerlo, estar\u00edan tranquilamente. Tengo la precisi\u00f3n de que los futbolistas van adoptando situaciones y van creciendo de acuerdo a sus comportamientos. Soy un entrenador que les ha dado muchas posibilidades a los jugadores de la casa\u201d<\/em>.<\/p>\n<\/div>\n<div class=\"sc-198be8ec-0 cynXbu image-embed  image-embed \"><picture class=\"sc-198be8ec-1 kOjRiQ\"><source media=\"(min-width: 975px)\" width=\"720\" height=\"480\" \/><img alt=\"Tom\u00e1s Nasif, la figura de Banfield que pertenece a River. Foto: CAB_oficial\" loading=\"lazy\" width=\"720\" height=\"480\" decoding=\"async\" data-nimg=\"1\" style=\"color:transparent\" src=\"https:\/\/13.com.ar\/wp-content\/uploads\/2025\/02\/la-increible-historia-de-Tomas-Nasif-la-promesa-que-River.jpg\"\/><span class=\"epigraphe\">Tom\u00e1s Nasif, la figura de Banfield que pertenece a River. Foto: CAB_oficial<\/span><span class=\"bkg\"\/><span class=\"picture-open\"><button class=\"open-image\" aria-label=\"Open Image\"\/><\/span><\/picture><\/div>\n<div class=\"sc-80531b6b-0 chRIGJ container-text text-embed\">\n<p>Al igual que pas\u00f3 con otros jugadores que despu\u00e9s explotaron y volvieron al club, <strong>como Enzo Fern\u00e1ndez o Lucas Beltr\u00e1n<\/strong>, River apuesta a un gran desempe\u00f1o de Nasif en Banfield para luego tenerlo listo. De hecho, se fue a pr\u00e9stamo sin cargo por un a\u00f1o, luego de que le firmaran un contrato hasta diciembre de 2026 y una cl\u00e1usula de rescisi\u00f3n de 35 millones de euros que ascender\u00e1 a 40 millones de euros en los \u00faltimos d\u00edas del mercado de pases.<\/p>\n<\/div>\n<div class=\"sc-80531b6b-0 chRIGJ container-text text-embed\">\n<p><strong>La historia de Nasif es de pel\u00edcula.<\/strong> Empieza en el club Juventud Sportiva de Villa del Totoral, su lugar natal, ubicado a 80 kil\u00f3metros al norte de la capital cordobesa, pasando Jes\u00fas Mar\u00eda. El presidente y creador de ese club, Nicol\u00e1s Vergara, que llevaba pibes a probar a las instituciones cordobesas, decidi\u00f3 en un momento hacer lo mismo pero en Buenos Aires. Era 2014, Nasif ten\u00eda 10 a\u00f1os y lo trajo a \u00e9l, que jugaba de \u201c9\u201d y a Rodrigo Curletto, defensor, para probarse en Banfield. S\u00ed, justo en el club en el que ahora Nasif hace goles.<\/p>\n<\/div>\n<div class=\"sc-80531b6b-0 chRIGJ container-text text-embed\">\n<p>\u00bfC\u00f3mo fue a parar al Sur del Gran Buenos Aires? El propio Vergara se lo cont\u00f3 a <strong>Clar\u00edn<\/strong>. <em>\u201cFuimos a Banfield por un amigo m\u00edo que a su vez ten\u00eda un amigo que estaba vinculado a Banfield. Y fui de parte de \u00e9l. Hern\u00e1n, de la jugueter\u00eda. As\u00ed me dijeron que me presentara. Y hasta el d\u00eda de hoy no conozco a ese Hern\u00e1n, solo sab\u00eda que en ese momento ayudaba econ\u00f3micamente al club\u201d<\/em>, relat\u00f3 Vergara con la tonada cordobesa al mango y recordando cada detalles.<\/p>\n<\/div>\n<div class=\"sc-80531b6b-0 chRIGJ container-text text-embed\">\n<p>Llegaron a Buenos Aires en vacaciones de invierno y se fueron directamente al predio de Luis Guill\u00f3n. All\u00ed, en la puerta del predio de Banfield les dijeron que la 2004 se entrenaba al d\u00eda siguiente. Fueron 24 horas despu\u00e9s y cuando lo vieron jugar a Tom\u00e1s, le dijeron que quer\u00edan que siguiera yendo. Estaba citado para dos d\u00edas despu\u00e9s. <strong>Era un martes y como el mi\u00e9rcoles iban a tener libre Vergara llev\u00f3 a los peque\u00f1os a conocer el Monumental.<\/strong><\/p>\n<\/div>\n<div class=\"sc-80531b6b-0 chRIGJ container-text text-embed\">\n<p>Ya en el estadio, el relato para ingresar es desopilante. <em>\u201cMedio que enga\u00f1\u00e9 a los de seguridad en la entrada dici\u00e9ndoles que tra\u00eda a los dos chicos para hacer una prueba. Pudimos pasar y fuimos a la confiter\u00eda. <\/em><strong><em>Yo buscaba por todos lados a Gabriel Rodr\u00edguez, el coordinador de Inferiores. <\/em><\/strong><em>Hasta que en un momento vamos a la cancha auxiliar y me paro al lado de de una persona canosa. Empiezo a hablarle y no me da pelota. Hasta que le digo que era el presidente de un club de C\u00f3rdoba. Esa persona era el Tano Nan\u00eda, con quien hasta el d\u00eda de hoy me sigo hablando. Y a trav\u00e9s de \u00e9l di con Gabriel Rodr\u00edguez. Y el Tano hizo que prob\u00e1ramos a los chicos\u201d<\/em>.<\/p>\n<\/div>\n<div class=\"sc-80531b6b-0 chRIGJ container-text text-embed\">\n<p>En la primera prueba, Nasif deslumbr\u00f3. Y eso que no hicieron f\u00fatbol. Solo ejercicios de defensa y ataque. <strong>Hasta que en la prueba final la rompi\u00f3 con 3 goles. Lo ficharon al a\u00f1o siguiente para Infantiles, le dieron pensi\u00f3n y se anot\u00f3 en un colegio en Buenos Aires.<\/strong> Villa del Totoral quedaba atr\u00e1s&#8230;<\/p>\n<\/div>\n<div class=\"sc-198be8ec-0 cynXbu image-embed  image-embed \"><picture class=\"sc-198be8ec-1 kOjRiQ\"><source media=\"(min-width: 975px)\" width=\"720\" height=\"480\" \/><img alt=\"Tom\u00e1s Nasif fue clave en el t\u00edtulo de Reserva de River.\" loading=\"lazy\" width=\"720\" height=\"480\" decoding=\"async\" data-nimg=\"1\" style=\"color:transparent\" src=\"https:\/\/13.com.ar\/wp-content\/uploads\/2025\/02\/1738402027_696_la-increible-historia-de-Tomas-Nasif-la-promesa-que-River.jpg\"\/><span class=\"epigraphe\">Tom\u00e1s Nasif fue clave en el t\u00edtulo de Reserva de River.<\/span><span class=\"bkg\"\/><span class=\"picture-open\"><button class=\"open-image\" aria-label=\"Open Image\"\/><\/span><\/picture><\/div>\n<div class=\"sc-80531b6b-0 chRIGJ container-text text-embed\">\n<p>Como siempre sucede en estos casos, el camino no est\u00e1 hecho de rosas, sino que hay espinas. <strong>Nasif se rompi\u00f3 los ligamentos cruzados dos veces.<\/strong> Una, durante la pandemia. La otra, cuando ya se entrenaba con Primera junto al selectivo que dirig\u00eda Edgardo Sbrissa, con Mart\u00edn Demichelis al mando. El baj\u00f3n era tal que al pibe le costaba volver al ruedo de los entrenamientos una vez recuperado.<strong> Incluso hasta pens\u00f3 en dejar todo&#8230;<\/strong><\/p>\n<\/div>\n<div class=\"sc-80531b6b-0 chRIGJ container-text text-embed\">\n<p>Entonces, apareci\u00f3 nuevamente Vergara. Era julio de 2023 y el descubridor se reuni\u00f3 con la joven promesa en una estaci\u00f3n de servicio de Villa del Totoral y le habl\u00f3 con dureza, mientras com\u00edan. <em>&#8220;Si segu\u00eds as\u00ed, a fin de a\u00f1o te dejan libre eh&#8221;<\/em>, le tir\u00f3. Con su apoyo y el de la familia del chico, <strong>Nasif hizo un click<\/strong>. Llegaron los goles y los t\u00edtulos en Reserva. Lleg\u00f3 el primer contrato con River. Lleg\u00f3 la posibilidad de ser titular en Banfield. Y de empezar a romper redes en la Primera Divisi\u00f3n.<\/p>\n<\/div>\n<\/div>\n<p><br \/>\n<br \/><a href=\"https:\/\/www.clarin.com\/deportes\/villa-totoral-brillar-banfield-increible-historia-tomas-nasif-promesa-river-dejo-ir_0_dbmQiXoV2p.html\">Fuente Clarin.com <\/a><\/p>\n","protected":false},"excerpt":{"rendered":"<p>Su nombre apareci\u00f3 por todos lados cuando en septiembre del a\u00f1o pasado hizo el gol del triunfo a Boca por 1 a 0 en un Supercl\u00e1sico de Reserva disputado en el Boca Predio. Tambi\u00e9n, llam\u00f3 la atenci\u00f3n que, con 20 a\u00f1os, no tuviera todav\u00eda firmado su primer contrato, algo que reci\u00e9n se concret\u00f3 a fin [&hellip;]<\/p>\n","protected":false},"author":1,"featured_media":1132,"comment_status":"open","ping_status":"open","sticky":false,"template":"","format":"standard","meta":{"footnotes":""},"categories":[2],"tags":[647,1329,2589,2591,2592,595,2590],"class_list":["post-1131","post","type-post","status-publish","format-standard","has-post-thumbnail","hentry","category-ultimas-noticias","tag-dejo","tag-historia","tag-increible","tag-nasif","tag-promesa","tag-river","tag-tomas"],"_links":{"self":[{"href":"https:\/\/13.com.ar\/index.php\/wp-json\/wp\/v2\/posts\/1131","targetHints":{"allow":["GET"]}}],"collection":[{"href":"https:\/\/13.com.ar\/index.php\/wp-json\/wp\/v2\/posts"}],"about":[{"href":"https:\/\/13.com.ar\/index.php\/wp-json\/wp\/v2\/types\/post"}],"author":[{"embeddable":true,"href":"https:\/\/13.com.ar\/index.php\/wp-json\/wp\/v2\/users\/1"}],"replies":[{"embeddable":true,"href":"https:\/\/13.com.ar\/index.php\/wp-json\/wp\/v2\/comments?post=1131"}],"version-history":[{"count":0,"href":"https:\/\/13.com.ar\/index.php\/wp-json\/wp\/v2\/posts\/1131\/revisions"}],"wp:featuredmedia":[{"embeddable":true,"href":"https:\/\/13.com.ar\/index.php\/wp-json\/wp\/v2\/media\/1132"}],"wp:attachment":[{"href":"https:\/\/13.com.ar\/index.php\/wp-json\/wp\/v2\/media?parent=1131"}],"wp:term":[{"taxonomy":"category","embeddable":true,"href":"https:\/\/13.com.ar\/index.php\/wp-json\/wp\/v2\/categories?post=1131"},{"taxonomy":"post_tag","embeddable":true,"href":"https:\/\/13.com.ar\/index.php\/wp-json\/wp\/v2\/tags?post=1131"}],"curies":[{"name":"wp","href":"https:\/\/api.w.org\/{rel}","templated":true}]}}