{"id":1129,"date":"2025-02-01T06:24:11","date_gmt":"2025-02-01T09:24:11","guid":{"rendered":"https:\/\/13.com.ar\/index.php\/un-escenario-cada-vez-mas-riesgoso-y-la-falta-de-respuestas-de-la-politica\/"},"modified":"2025-02-01T06:24:11","modified_gmt":"2025-02-01T09:24:11","slug":"un-escenario-cada-vez-mas-riesgoso-y-la-falta-de-respuestas-de-la-politica","status":"publish","type":"post","link":"https:\/\/13.com.ar\/index.php\/un-escenario-cada-vez-mas-riesgoso-y-la-falta-de-respuestas-de-la-politica\/","title":{"rendered":"un escenario cada vez m\u00e1s riesgoso y la falta de respuestas de la pol\u00edtica"},"content":{"rendered":"<p> <br \/>\n<\/p>\n<div id=\"cuerpo\">\n<div class=\"sc-80531b6b-0 chRIGJ container-text text-embed\">\n<p><strong>La violencia en el conurbano va en pleno ascenso,<\/strong> como una monta\u00f1a rusa que est\u00e1 en subida, directo a la pendiente m\u00e1s alta. Los violentos robos y muertos que se produjeron durante todo enero tuvieron su epicentro en el Gran Buenos Aires, y m\u00e1s precisamente en partidos como<strong> La Matanza, Mor\u00f3n y Moreno.<\/strong><\/p>\n<\/div>\n<div class=\"sc-80531b6b-0 chRIGJ container-text text-embed\">\n<p>La muerte de Lucas Aguilar, un joven delivery de 20 a\u00f1os asesinado de siete pu\u00f1aladas en Moreno, provoc\u00f3 este viernes una reacci\u00f3n de compa\u00f1eros de trabajo, familiares y vecinos contra la municipalidad de ese partido del oeste.<\/p>\n<\/div>\n<div class=\"sc-80531b6b-0 chRIGJ container-text text-embed\">\n<p>En enero fueron <strong>atacados m\u00e1s de 30 polic\u00edas de la Ciudad en territorio bonaerense.<\/strong> Tambi\u00e9n adultos mayores fueron v\u00edctimas de ladrones adolescentes, que en algunos casos les sacaron fotos como una especie de recuerdo o trofeo.<\/p>\n<\/div>\n<div class=\"sc-80531b6b-0 chRIGJ container-text text-embed\">\n<p>El historiador Jorge Ossona le asegur\u00f3 a <strong>Clar\u00edn <\/strong>que la violencia est\u00e1 instalada en el conurbano bonaerense hace ya varios a\u00f1os, pero que en este momento existe <strong>\u201cuna suerte de detonaci\u00f3n\u201d<\/strong> con violentos episodios que ven a diario.<\/p>\n<\/div>\n<div class=\"sc-80531b6b-0 chRIGJ container-text text-embed\">\n<p>\u201cHay una ola de violencia con un <strong>trasfondo pol\u00edtico y sociocultural.<\/strong> Un proceso de ebullici\u00f3n que nos conduce un escenario riesgoso. Hay un problema estructural: la fractura de las clases trabajadoras entre los sectores marginales end\u00e9micos, y formal o informal que se expandi\u00f3 durante la cuarentena para sobrevivir dada la mala gesti\u00f3n y la penuria concomitante de la administraci\u00f3n de la pobreza. Desempe\u00f1an m\u00faltiples trabajos con una calificaci\u00f3n b\u00e1sica procedente de cursos cortos o saberes familiares potenciados por la emergencia. Y lo interesante es que se trata <strong>en su mayor\u00eda de j\u00f3venes\u201d<\/strong>, dijo.<\/p>\n<\/div>\n<div class=\"sc-198be8ec-0 cynXbu image-embed  image-embed \"><picture class=\"sc-198be8ec-1 kOjRiQ\"><source media=\"(min-width: 975px)\" width=\"720\" height=\"480\" \/><img alt=\"La marcha para pedir Justicia por el delivery asesinado en Moreno termin\u00f3 con incidentes entre los manifestantes y la Polic\u00eda bonaerense.  Foto Enrique Garc\u00eda Medina\" loading=\"lazy\" width=\"720\" height=\"480\" decoding=\"async\" data-nimg=\"1\" style=\"color:transparent\" src=\"https:\/\/13.com.ar\/wp-content\/uploads\/2025\/02\/un-escenario-cada-vez-mas-riesgoso-y-la-falta-de.jpg\"\/><span class=\"epigraphe\">La marcha para pedir Justicia por el delivery asesinado en Moreno termin\u00f3 con incidentes entre los manifestantes y la Polic\u00eda bonaerense.  Foto Enrique Garc\u00eda Medina<\/span><span class=\"bkg\"\/><span class=\"picture-open\"><button class=\"open-image\" aria-label=\"Open Image\"\/><\/span><\/picture><\/div>\n<div class=\"sc-80531b6b-0 chRIGJ container-text text-embed\">\n<p>\u201cEl conurbano es el n\u00facleo metropolitano de la Argentina y uno de los agregados urbano m\u00e1s grandes del mundo. <strong>Viven 14 millones de personas,<\/strong> familias ricas en barrios privados, los nuevos pobres de los asentamientos marginales y en el medio distintas gradientes de las clases medias\u201d, detall\u00f3.<\/p>\n<\/div>\n<div class=\"sc-80531b6b-0 chRIGJ container-text text-embed\">\n<p>Para el historiador, los trabajadores que por necesidad transitan por la calle son blanco de los que denomina \u201cla vagancia\u201d.<\/p>\n<\/div>\n<div class=\"sc-80531b6b-0 chRIGJ container-text text-embed\">\n<p>\u201cSon j\u00f3venes, algunos casi ni\u00f1os, que fueron desafiliados y reafiliados por distintos agregados: empresarios delictivos que abarcan desde robacoches o desarmaderos hasta narcotraficantes. La desafiliaci\u00f3n a veces es capitalizada por pares caudillitos con experiencia en c\u00e1rceles o centros de rehabilitaci\u00f3n social que despliegan una pedagog\u00eda a trav\u00e9s de las redes sociales. Es notable su capacidad de aprendizaje para producir <strong>asaltos, robos de camionetas, autos y otros delitos&#8221;,<\/strong> sostuvo.<\/p>\n<\/div>\n<div class=\"sc-80531b6b-0 chRIGJ container-text text-embed\">\n<p>Ossona sostiene que en los vecinos de los barrios del conurbano esta situaci\u00f3n esta generando efectos ps\u00edquicos devastadores como <strong>angustia, miedo, ataques de p\u00e1nico y una violencia implosiva dentro del mismo marco familiar.<\/strong> Lo peligroso, aunque predecible, es que los vecinos se empiezan a organizar ante la ausencia legal del Estado, y eso es peligros\u00edsimo porque es jugar con fuego. No un estallido al estilo 1989 o 2001, sino otro implosivo, que puede comprometer muy seriamente la gobernabilidad\u201d, explic\u00f3.<\/p>\n<\/div>\n<p><h2>La pol\u00edtica en el conurbano<\/h2>\n<\/p>\n<div class=\"sc-80531b6b-0 chRIGJ container-text text-embed\">\n<p>El docente e investigador de la facultad de Ciencias Econ\u00f3micas de la UBA asegur\u00f3 que la ola de inseguridad admite una lectura pol\u00edtica entre intendentes o facciones comunales cercanos al gobernador Axel Kicillof, enfrentados con los kirchneristas. Un juego de presiones y mensajes velados entre s\u00ed y respecto del gobierno nacional en torno del desdoblamiento electoral. Pero el<strong> desacople entre la dirigencia y la sociedad<\/strong> termina perjudicando a vecinos y trabajadores v\u00edctimas de este delito capilar pero en ascenso&#8221;<\/p>\n<\/div>\n<div class=\"sc-80531b6b-0 chRIGJ container-text text-embed\">\n<p>\u201cNo es fortuito que la zona m\u00e1s caliente sea el corredor oeste, en municipios como <strong>Merlo, Moreno o La Matanza\u201d<\/strong>, se\u00f1al\u00f3.<\/p>\n<\/div>\n<div class=\"sc-80531b6b-0 chRIGJ container-text text-embed\">\n<p>&#8220;El dise\u00f1o de las pol\u00edticas de seguridad ampliando las cuadriculas de distritos y zonas m\u00e1s conflictivas ha terminado de ser contraproducente generando, por acci\u00f3n u omisi\u00f3n, <strong>\u201czonas liberadas\u201d <\/strong>en las que las bandas hacen su negocio movilizando a estas falanges de j\u00f3venes y ascendiendo sus dividendos hacia los costados y arriba\u201d, afirm\u00f3.<\/p>\n<\/div>\n<div class=\"sc-80531b6b-0 chRIGJ container-text text-embed\">\n<p>Otro punto que destac\u00f3 el historiador fue que <strong>antes el funcionario viv\u00eda en el mismo barrio que su vecino y palpaba en carne propia la situaci\u00f3n social<\/strong>. Ahora, en cambio, los dirigentes viven en barrios privados, aislados de la realidad diaria de los trabajadores y jubilados y delegando su autoridad en operadores de base a veces aquiescentes con el delito&#8221;.<\/p>\n<\/div>\n<p><h2>La cultura de la marginalidad<\/h2>\n<\/p>\n<div class=\"sc-80531b6b-0 chRIGJ container-text text-embed\">\n<p>Las redes sociales tomaron protagonismo en el \u00e1mbito de la delincuencia. Los j\u00f3venes ladrones no solo publican fotos con armas, dinero y joyas que fueron robadas, sino que tambi\u00e9n son despedidos en ceremonias de balaceras desde sus ruidosas motos robadas cuando mueren en un enfrentamiento. &#8220;<strong>Punto de partida de redoblados raids de robos cargados de violencia vengativa\u201d, <\/strong>asegur\u00f3 Ossona.<\/p>\n<\/div>\n<div class=\"sc-80531b6b-0 chRIGJ container-text text-embed\">\n<p>Fotografiarse con las v\u00edctimas, como pas\u00f3 en la localidad de Munro, cuando tres adolescentes se retrataron con una jubilada de 92 a\u00f1os amordazada y maniatada, sentada en su cama, pasa a ser algo visto en el \u00faltimo tiempo.<\/p>\n<\/div>\n<div class=\"sc-80531b6b-0 chRIGJ container-text text-embed\">\n<p>\u201cAtacar a una persona indefensa como un anciano o a un jubilado es un m\u00e9rito, cuya validacion cuenta cuando se trata de un efectivo de seguridad. <strong>Son los c\u00f3digos de la cultura de la marginalidad importada de las mafias latinoamericanas\u201d<\/strong>, afirm\u00f3 Ossona.<\/p>\n<\/div>\n<div class=\"sc-80531b6b-0 chRIGJ container-text text-embed\">\n<p>&#8220;La exhibici\u00f3n cotiza para ser para su cooptaci\u00f3n por bandas profesionales organizadas&#8221;, explic\u00f3 el profesor.<\/p>\n<\/div>\n<p><h2>La defensa propia y el uso de armas<\/h2>\n<\/p>\n<div class=\"sc-80531b6b-0 chRIGJ container-text text-embed\">\n<p>La escalada de violencia se replica en acciones autodefensivas en las que <strong>los ciudadanos respondieron a los tiros<\/strong>. Es el caso del jubilado que mat\u00f3 a un ladron de 15 a\u00f1os que intent\u00f3 robarle la camioneta cuando llegaba a su casa en La Matanza.<\/p>\n<\/div>\n<div class=\"sc-80531b6b-0 chRIGJ container-text text-embed\">\n<p>\u201cEstos reflejos pueden terminar fraguando en acciones vecinales planificadas de consecuencias impredecibles, pues suelen conocer a los delincuentes, saben d\u00f3nde viven\u201d, afirm\u00f3.<\/p>\n<\/div>\n<p><h2>La falta de pol\u00edtica de seguridad<\/h2>\n<\/p>\n<div class=\"sc-80531b6b-0 chRIGJ container-text text-embed\">\n<p>Ossona cuestion\u00f3 que no haya una mesa de trabajo interjurisdiccional que arribe a acuerdos sobre c\u00f3mo abordar esta escalada de inseguridad. &#8220;Lo tr\u00e1gico es que esto resulte de prejuicios ideol\u00f3gicos o de <strong>un juego de presiones pol\u00edticas rec\u00edprocas&#8221;,<\/strong> afirm\u00f3.<\/p>\n<\/div>\n<div class=\"sc-80531b6b-0 chRIGJ container-text text-embed\">\n<p>&#8220;En vistas a las pr\u00f3ximas elecciones, una esgrima verdaderamente macabra porque se estar\u00eda jugando con la vida y la muerte de los ciudadanos que trabajan y eventualmente manipulado a los marginados en vez de perge\u00f1ar politicas de reintegraci\u00f3n\u201d.<\/p>\n<\/div>\n<div class=\"sc-80531b6b-0 chRIGJ container-text text-embed\">\n<p>\u201cLa secuela an\u00f3mica se acelera todos los d\u00edas, al punto que casos ocurridos hace 15 d\u00edas parecen de hace 15 a\u00f1os. Por caso, ya nos hemos olvidado del chico asesinado desde un b\u00fanker en Mor\u00f3n a principios de enero en medio de una puja de territorios. Todo el mundo sab\u00eda lo que all\u00ed pasaba, el v\u00ednculo de los transas con la barravabra local, las largas filas comprando drogas&#8230; <strong>pero no se denunciaba por inutilidad e incluso por temor a las represalias\u201d<\/strong>, concluy\u00f3.<\/p>\n<\/div>\n<\/div>\n<p><br \/>\n<br \/><a href=\"https:\/\/www.clarin.com\/policiales\/ola-violencia-inseguridad-conrubano-escenario-vez-riesgoso-falta-respuestas-politica_0_R6JM6MLSa6.html\">Fuente Clarin.com <\/a><\/p>\n","protected":false},"excerpt":{"rendered":"<p>La violencia en el conurbano va en pleno ascenso, como una monta\u00f1a rusa que est\u00e1 en subida, directo a la pendiente m\u00e1s alta. Los violentos robos y muertos que se produjeron durante todo enero tuvieron su epicentro en el Gran Buenos Aires, y m\u00e1s precisamente en partidos como La Matanza, Mor\u00f3n y Moreno. La muerte [&hellip;]<\/p>\n","protected":false},"author":1,"featured_media":1130,"comment_status":"open","ping_status":"open","sticky":false,"template":"","format":"standard","meta":{"footnotes":""},"categories":[2],"tags":[1153,1548,943,155,208,2588,2587,111],"class_list":["post-1129","post","type-post","status-publish","format-standard","has-post-thumbnail","hentry","category-ultimas-noticias","tag-cada","tag-escenario","tag-falta","tag-mas","tag-politica","tag-respuestas","tag-riesgoso","tag-vez"],"_links":{"self":[{"href":"https:\/\/13.com.ar\/index.php\/wp-json\/wp\/v2\/posts\/1129","targetHints":{"allow":["GET"]}}],"collection":[{"href":"https:\/\/13.com.ar\/index.php\/wp-json\/wp\/v2\/posts"}],"about":[{"href":"https:\/\/13.com.ar\/index.php\/wp-json\/wp\/v2\/types\/post"}],"author":[{"embeddable":true,"href":"https:\/\/13.com.ar\/index.php\/wp-json\/wp\/v2\/users\/1"}],"replies":[{"embeddable":true,"href":"https:\/\/13.com.ar\/index.php\/wp-json\/wp\/v2\/comments?post=1129"}],"version-history":[{"count":0,"href":"https:\/\/13.com.ar\/index.php\/wp-json\/wp\/v2\/posts\/1129\/revisions"}],"wp:featuredmedia":[{"embeddable":true,"href":"https:\/\/13.com.ar\/index.php\/wp-json\/wp\/v2\/media\/1130"}],"wp:attachment":[{"href":"https:\/\/13.com.ar\/index.php\/wp-json\/wp\/v2\/media?parent=1129"}],"wp:term":[{"taxonomy":"category","embeddable":true,"href":"https:\/\/13.com.ar\/index.php\/wp-json\/wp\/v2\/categories?post=1129"},{"taxonomy":"post_tag","embeddable":true,"href":"https:\/\/13.com.ar\/index.php\/wp-json\/wp\/v2\/tags?post=1129"}],"curies":[{"name":"wp","href":"https:\/\/api.w.org\/{rel}","templated":true}]}}