{"id":1125,"date":"2025-02-01T06:17:55","date_gmt":"2025-02-01T09:17:55","guid":{"rendered":"https:\/\/13.com.ar\/index.php\/saer-el-autor-que-dejo-de-hacerse-el-dificil\/"},"modified":"2025-02-01T06:17:55","modified_gmt":"2025-02-01T09:17:55","slug":"saer-el-autor-que-dejo-de-hacerse-el-dificil","status":"publish","type":"post","link":"https:\/\/13.com.ar\/index.php\/saer-el-autor-que-dejo-de-hacerse-el-dificil\/","title":{"rendered":"Saer, el autor que dej\u00f3 de hacerse el dif\u00edcil"},"content":{"rendered":"<p> <br \/>\n<br \/><img decoding=\"async\" src=\"https:\/\/13.com.ar\/wp-content\/uploads\/2025\/02\/Saer-el-autor-que-dejo-de-hacerse-el-dificil.jpg\" \/><\/p>\n<div>\n<p>&#8211; M\u00e1, \u00bfcu\u00e1ndo vas a leer a Saer?<\/p>\n<\/div>\n<div>\n<p>&#8211; Cuando vos leas a Mujica Lainez.<\/p>\n<\/div>\n<div>\n<p>\u00bfEn qu\u00e9 momento los hijos empiezan a recomendarte libros? O, mejor dicho, <strong>a obligarte a leer a tal o cual autor.<\/strong><\/p>\n<\/div>\n<div>\n<p>Hace unos d\u00edas, apareci\u00f3 sobre mi mesita de luz el libro<em> Cicatrices<\/em>, del \u201cm\u00e1s grande escritor argentino, despu\u00e9s de Borges\u201d, seg\u00fan la notita en tinta azul que encontr\u00e9 dentro de la solapa. Su t\u00edtulo me interpel\u00f3 \u00bfCicatrices? Fui al diccionario: cicatriz significa se\u00f1al o marca que queda en la piel despu\u00e9s de cerrarse una herida. Impresi\u00f3n profunda y duradera que deja un hecho doloroso. <strong>\u00bfDe qu\u00e9 heridas estar\u00e1 hablando el autor? \u00bfTendr\u00e1 esto algo que ver con mi hijo?<\/strong><\/p>\n<\/div>\n<div>\n<p>Lo le\u00ed en dos noches y las preguntas siguieron latiendo entre las costuras de los renglones, pero no me import\u00f3: la inmersi\u00f3n obligada al mundo de Juan Jos\u00e9 Saer fue un camino de ida. Reconozco que le hab\u00eda escapado durante todos estos a\u00f1os por tener fama de \u201cdif\u00edcil\u201d, aunque sus fans siempre lo han considerado m\u00e1s bien como un<strong> autor exigente con su lector.<\/strong><\/p>\n<\/div>\n<div>\n<p>\u201cUna vez que entr\u00e1s a su obra no vas a salir m\u00e1s, m\u00e1, creeme\u201d, insisti\u00f3 mi hijo. Record\u00e9 entonces que Beatriz Sarlo tambi\u00e9n hab\u00eda recomendado acercarse a Saer con <em>Cicatrices<\/em>, una de sus primeras novelas, publicada en 1969, un a\u00f1o despu\u00e9s de dejar Santa Fe para radicarse en Par\u00eds, donde muri\u00f3 hace 20 a\u00f1os. El libro trata sobre un joven que intenta dar sus primeros pasos en el periodismo y en la vida. Son cuatro relatos que se conectan y cada episodio se cuenta desde la perspectiva de un personaje distinto: lo que importa no es lo sucedido (un asesinato), sino lo dicho acerca de eso.<\/p>\n<\/div>\n<div>\n<p>La primera vez que mi hijo me recomend\u00f3 un libro fue hace 10 a\u00f1os, cuando lleg\u00f3 de la escuela con <em>Tokio Blues<\/em> en la mochila:<\/p>\n<\/div>\n<div>\n<p>-No puedo creer que todav\u00eda no hayas le\u00eddo a Murakami- me ret\u00f3.<\/p>\n<\/div>\n<div>\n<p>Lo del autor japon\u00e9s sacudi\u00f3 aquella tarde de invierno todos los estantes de la estructura familiar, y escolar.<strong> \u00bfC\u00f3mo la profesora de Literatura les pide a chicos de 14 a\u00f1os que lean un libro sobre suicidios y sexo?<\/strong> El grupo de Whatsapp de padres se mantuvo agitado por aquellos d\u00edas, pero nada impidi\u00f3 que el alumno siguiera adelante con la defensa del autor y de su \u201crelato maravilloso\u201d sobre<strong> el camino del protagonista hacia la madurez.<\/strong><\/p>\n<\/div>\n<div>\n<p>Lo mismo ocurri\u00f3 a\u00f1os m\u00e1s tarde con<em> Canad\u00e1, <\/em>un libro de Richard Ford. El personaje principal tambi\u00e9n es un chico que se ve obligado a salir al mundo, solo y como puede, huyendo de un delito que cometieron sus padres. Hasta que llega a Canad\u00e1 para abrirse una nueva vida,<strong> una vida de adulto<\/strong>. El libro del autor estadounidense permaneci\u00f3 durante varias noches cerrado sobre mi mesa de luz hasta que finalmente fue le\u00eddo por insistencia de mi hijo que, <strong>como un predicador sin iglesia, <\/strong>baja y comparte textos del altar de su biblioteca. Tal y como lo hizo con Saer, un autor que transmite el placer de escribir y que injustamente hab\u00eda permanecido dormido en el estante de los \u201cdif\u00edciles\u201d.<\/p>\n<\/div>\n<p><br \/>\n<br \/><a href=\"https:\/\/www.clarin.com\/opinion\/saer-autor-dejo-hacerse-dificil_0_gnPFjdZtrp.html\">Fuente Clarin.com <\/a><\/p>\n","protected":false},"excerpt":{"rendered":"<p>&#8211; M\u00e1, \u00bfcu\u00e1ndo vas a leer a Saer? &#8211; Cuando vos leas a Mujica Lainez. \u00bfEn qu\u00e9 momento los hijos empiezan a recomendarte libros? O, mejor dicho, a obligarte a leer a tal o cual autor. Hace unos d\u00edas, apareci\u00f3 sobre mi mesita de luz el libro Cicatrices, del \u201cm\u00e1s grande escritor argentino, despu\u00e9s de [&hellip;]<\/p>\n","protected":false},"author":1,"featured_media":1126,"comment_status":"open","ping_status":"open","sticky":false,"template":"","format":"standard","meta":{"footnotes":""},"categories":[2],"tags":[1534,647,2584,1139,2583],"class_list":["post-1125","post","type-post","status-publish","format-standard","has-post-thumbnail","hentry","category-ultimas-noticias","tag-autor","tag-dejo","tag-dificil","tag-hacerse","tag-saer"],"_links":{"self":[{"href":"https:\/\/13.com.ar\/index.php\/wp-json\/wp\/v2\/posts\/1125","targetHints":{"allow":["GET"]}}],"collection":[{"href":"https:\/\/13.com.ar\/index.php\/wp-json\/wp\/v2\/posts"}],"about":[{"href":"https:\/\/13.com.ar\/index.php\/wp-json\/wp\/v2\/types\/post"}],"author":[{"embeddable":true,"href":"https:\/\/13.com.ar\/index.php\/wp-json\/wp\/v2\/users\/1"}],"replies":[{"embeddable":true,"href":"https:\/\/13.com.ar\/index.php\/wp-json\/wp\/v2\/comments?post=1125"}],"version-history":[{"count":0,"href":"https:\/\/13.com.ar\/index.php\/wp-json\/wp\/v2\/posts\/1125\/revisions"}],"wp:featuredmedia":[{"embeddable":true,"href":"https:\/\/13.com.ar\/index.php\/wp-json\/wp\/v2\/media\/1126"}],"wp:attachment":[{"href":"https:\/\/13.com.ar\/index.php\/wp-json\/wp\/v2\/media?parent=1125"}],"wp:term":[{"taxonomy":"category","embeddable":true,"href":"https:\/\/13.com.ar\/index.php\/wp-json\/wp\/v2\/categories?post=1125"},{"taxonomy":"post_tag","embeddable":true,"href":"https:\/\/13.com.ar\/index.php\/wp-json\/wp\/v2\/tags?post=1125"}],"curies":[{"name":"wp","href":"https:\/\/api.w.org\/{rel}","templated":true}]}}