{"id":1114,"date":"2025-02-01T02:30:20","date_gmt":"2025-02-01T05:30:20","guid":{"rendered":"https:\/\/13.com.ar\/index.php\/masiva-convocatoria-cultural-a-la-marcha-antifascista-y-antirracial\/"},"modified":"2025-02-01T02:30:20","modified_gmt":"2025-02-01T05:30:20","slug":"masiva-convocatoria-cultural-a-la-marcha-antifascista-y-antirracial","status":"publish","type":"post","link":"https:\/\/13.com.ar\/index.php\/masiva-convocatoria-cultural-a-la-marcha-antifascista-y-antirracial\/","title":{"rendered":"Masiva convocatoria cultural a la marcha &#8220;antifascista y antirracial&#8221;"},"content":{"rendered":"<p> <br \/>\n<br \/><img decoding=\"async\" src=\"https:\/\/13.com.ar\/wp-content\/uploads\/2025\/01\/Contra-Alperovich-Espinoza-y-Alberto-no-marcharon.jpg\" \/><\/p>\n<div>\n<p>M\u00e1s de mil firmas de representantes de la cultura argentina en todas sus expresiones adhirieron a la convocatoria de la concentraci\u00f3n y marcha desde el Congreso de la Naci\u00f3n hacia la Casa Rosada bajo el lema \u201cEn contra de la ofensiva reaccionaria, en defensa de la democracia y la libertad\u201d. No es casual, la batalla contra instituciones de cultura y sociales es una obsesi\u00f3n de parte de los adherentes visibles y de <strong>quienes circulan en las sombras de las redes sociales<\/strong> identificados con los postulados de <strong>La Libertad Avanza<\/strong>.<\/p>\n<\/div>\n<div>\n<p>Inicialmente, la marcha \u201cantifascista y antirracista\u201d hab\u00eda sido convocada por colectivos LGTBI+ argentinos para responderle masivamente al presidente Javier Milei por sus<strong> expresiones de odio en el Foro Econ\u00f3mico Mundial de Davos<\/strong>. No solo se marchar\u00e1 en la ciudad de Buenos Aires, tambi\u00e9n se reproducir\u00e1 la protesta en un centenar de ciudades de todo el pa\u00eds y ser\u00e1 respaldada con protestas en ciudades de toda Europa y Am\u00e9rica. La iniciativa se ampli\u00f3 y se nutri\u00f3 de distintas expresiones pol\u00edticas, sindicales y sociales de todo el pa\u00eds que est\u00e1n sufriendo los embates de los planes econ\u00f3micos y culturales del gobierno nacional.<\/p>\n<\/div>\n<div>\n<p><strong>La Marcha Federal del Orgullo Antifascista y Antirracista ha recibido el apoyo de incontables organizaciones sociales del pa\u00eds,<\/strong> entre las que se destacan las del campo de la cultura. Ser\u00e1 la primera protesta masiva contra las pol\u00edticas de Milei desde su llegada a la Presidencia en diciembre de 2023. Desde el gobierno se teme que puedan participar votantes de la LLA descontentos con estas l\u00edneas ideol\u00f3gicas extremas.<\/p>\n<\/div>\n<div>\n<p>Durante aquel discurso en Davos, Milei atac\u00f3 tambi\u00e9n al &#8220;feminismo radical&#8221;, describi\u00f3 al aborto como una &#8220;aberraci\u00f3n&#8221; y vincul\u00f3 a la homosexualidad con la pedofilia. &#8220;Este accionar tiene un nombre: FASCISMO&#8221;, se\u00f1alaron los organizadores de la movilizaci\u00f3n en respuesta al presidente a todos quienes repiten sus consignas.<\/p>\n<\/div>\n<div>\n<p>La convocatoria cuenta con el respaldo de sindicatos, organizaciones sociales y pol\u00edticas y agrupaciones como Madres de Plaza de Mayo y Abuelas de Plaza de Mayo, y llama a luchar tambi\u00e9n contra cuestiones como el vaciamiento de la salud p\u00fablica, el cierre de sitios de memoria y derechos humanos, el desfinanciamiento de comedores populares y de universidades y en defensa de los jubilados, la educaci\u00f3n p\u00fablica, los trabajadores y los recursos naturales del pa\u00eds.<\/p>\n<\/div>\n<div>\n<p>Seg\u00fan los organizadores, adem\u00e1s de las m\u00e1s de 100 manifestaciones previstas en todo el pa\u00eds, se esperan tambi\u00e9n concentraciones en ciudades como Santiago de Chile, Lisboa, Londres, Granada, Barcelona, Madrid, Amsterdam, Berl\u00edn, Ginebra, Ciudad de M\u00e9xico, Montevideo, Nueva York, Par\u00eds, Roma, Rio de Janeiro y S\u00e3o Paulo, entre otras.<\/p>\n<\/div>\n<div>\n<p>El gobierno anunci\u00f3 que<strong> planea eliminar la figura de feminicidio del C\u00f3digo Penal<\/strong> y que impulsar\u00e1 la eliminaci\u00f3n de los cupos para mujeres y personas trans en las instituciones, como parte de un proyecto que califica como igualdad ante la ley, frente a las tradicionales leyes de igualdad que buscan proteger los derechos de las mujeres y los colectivos LGTBI+.<\/p>\n<\/div>\n<div>\n<p>Figuras clave de las ciencias sociales, la literatura, el arte, cine, teatro adhirieron y apoyaron con su firma en un documento. Entre ellos se encuentran: Ezequiel Adamovsky, Gonzalo Aguilar, Pablo Alabarces, Selva Almada, Cristina Banegas, Maitena Burundarena, Gabriela Cabez\u00f3n C\u00e1mara, Manuel Callau, Albertina Carri, Julieta Diaz, Carlos Gamerro, N\u00e9stor Garc\u00eda Canclini, Roberto Gargarella, Andrea Giunta, Abel Gilbert, Adri\u00e1n Gorelik, Sonia Budassi, Rub\u00e9n Lo Vuolo, Mercedes Moran, Cristina Mucci, Alan Pauls, Claudia Pi\u00f1eiro, Marcelo Pi\u00f1eyro, Tomas Saraceno, Dardo Scavino, Samanta Schweblin, Ruben Suchmacher, Reynaldo Sietecase, Maristella Svampa, Horacio Tarcus, Hugo Vezzetti, Eugenia Zicavo, sigue la enorme lista de apoyos activos.<\/p>\n<\/div>\n<div>\n<p>El documento subraya: \u201cEl ataque del actual gobierno a las pol\u00edticas de la memoria, de inclusi\u00f3n social, contra la diversidad, contra lxs trabajadorxs de la salud y la educaci\u00f3n p\u00fablica, contra los feminismos, contra la investigaci\u00f3n cient\u00edfica p\u00fablica, contra el movimiento socioambiental y contra los pueblos originarios, es central en su estrategia de construcci\u00f3n pol\u00edtica. No nos enga\u00f1emos, la destrucci\u00f3n de la diferencia y la diversidad, la criminalizaci\u00f3n y demonizaci\u00f3n de nuestros derechos, es un \u201cpiso\u201d en una peligrosa din\u00e1mica de acumulaci\u00f3n de poder pol\u00edtico, cuyo \u201ctecho\u201d no es otro que la instalaci\u00f3n de un modelo antipluralista y autocr\u00e1tico\u201d.<\/p>\n<\/div>\n<p><br \/>\n<br \/><a href=\"https:\/\/www.clarin.com\/revista-n\/masiva-convocatoria-cultural-marcha-antifascista-antirracial_0_iDO8K8vM9q.html\">Fuente Clarin.com <\/a><\/p>\n","protected":false},"excerpt":{"rendered":"<p>M\u00e1s de mil firmas de representantes de la cultura argentina en todas sus expresiones adhirieron a la convocatoria de la concentraci\u00f3n y marcha desde el Congreso de la Naci\u00f3n hacia la Casa Rosada bajo el lema \u201cEn contra de la ofensiva reaccionaria, en defensa de la democracia y la libertad\u201d. No es casual, la batalla [&hellip;]<\/p>\n","protected":false},"author":1,"featured_media":955,"comment_status":"open","ping_status":"open","sticky":false,"template":"","format":"standard","meta":{"footnotes":""},"categories":[2],"tags":[2569,2570,2568,1602,1126,2567],"class_list":["post-1114","post","type-post","status-publish","format-standard","has-post-thumbnail","hentry","category-ultimas-noticias","tag-antifascista","tag-antirracial","tag-convocatoria","tag-cultural","tag-marcha","tag-masiva"],"_links":{"self":[{"href":"https:\/\/13.com.ar\/index.php\/wp-json\/wp\/v2\/posts\/1114","targetHints":{"allow":["GET"]}}],"collection":[{"href":"https:\/\/13.com.ar\/index.php\/wp-json\/wp\/v2\/posts"}],"about":[{"href":"https:\/\/13.com.ar\/index.php\/wp-json\/wp\/v2\/types\/post"}],"author":[{"embeddable":true,"href":"https:\/\/13.com.ar\/index.php\/wp-json\/wp\/v2\/users\/1"}],"replies":[{"embeddable":true,"href":"https:\/\/13.com.ar\/index.php\/wp-json\/wp\/v2\/comments?post=1114"}],"version-history":[{"count":0,"href":"https:\/\/13.com.ar\/index.php\/wp-json\/wp\/v2\/posts\/1114\/revisions"}],"wp:featuredmedia":[{"embeddable":true,"href":"https:\/\/13.com.ar\/index.php\/wp-json\/wp\/v2\/media\/955"}],"wp:attachment":[{"href":"https:\/\/13.com.ar\/index.php\/wp-json\/wp\/v2\/media?parent=1114"}],"wp:term":[{"taxonomy":"category","embeddable":true,"href":"https:\/\/13.com.ar\/index.php\/wp-json\/wp\/v2\/categories?post=1114"},{"taxonomy":"post_tag","embeddable":true,"href":"https:\/\/13.com.ar\/index.php\/wp-json\/wp\/v2\/tags?post=1114"}],"curies":[{"name":"wp","href":"https:\/\/api.w.org\/{rel}","templated":true}]}}