{"id":1105,"date":"2025-01-31T23:44:31","date_gmt":"2025-02-01T02:44:31","guid":{"rendered":"https:\/\/13.com.ar\/index.php\/me-repugna-verlo-lucrar-politicamente-con-la-muerte-de-un-bonaerense\/"},"modified":"2025-01-31T23:44:31","modified_gmt":"2025-02-01T02:44:31","slug":"me-repugna-verlo-lucrar-politicamente-con-la-muerte-de-un-bonaerense","status":"publish","type":"post","link":"https:\/\/13.com.ar\/index.php\/me-repugna-verlo-lucrar-politicamente-con-la-muerte-de-un-bonaerense\/","title":{"rendered":"Me repugna verlo lucrar pol\u00edticamente con la muerte de un bonaerense"},"content":{"rendered":"<p> <br \/>\n<br \/><img decoding=\"async\" src=\"https:\/\/13.com.ar\/wp-content\/uploads\/2025\/01\/Me-repugna-verlo-lucrar-politicamente-con-la-muerte-de-un.jpg\" \/><\/p>\n<div>\n<p>Axel Kicillof acus\u00f3 a Javier Milei de &#8220;hacer marketing con el dolor&#8221;, luego de que el presidente se expresara, con cr\u00edticas al gobierno de la provincia de Buenos Aires, por el crimen del repartidor en Moreno.<\/p>\n<\/div>\n<div>\n<p>&#8220;Usted tiene derecho a hacer campa\u00f1a electoral pero no a hacer marketing con el dolor y la tragedia. Desde que asumi\u00f3 como primer mandatario, decidi\u00f3 desertar de las obligaciones que le impone nuestra Constituci\u00f3n. En nombre del ajuste salvaje que est\u00e1 realizando, est\u00e1 pulverizando los ingresos, la producci\u00f3n y el trabajo nacional agravando as\u00ed -y con sus agresiones, descalificaciones e insultos- la violencia social. Saludo que ahora el tema empiece a preocuparlo&#8221;, escribi\u00f3 el gobernador provincial desde su cuenta de X. <\/p>\n<\/div>\n<div>\n<p>Y continu\u00f3: &#8220;Si realmente quiere colaborar con nuestra provincia podr\u00eda empezar por devolver los 749 mil millones de pesos del Fondo de Seguridad de los que se apropi\u00f3 ilegalmente, respaldando as\u00ed los esfuerzos que estamos haciendo para proteger a los bonaerenses en condiciones muy complejas&#8221;. <\/p>\n<\/div>\n<div>\n<p>&#8220;Y si quiere discutir con seriedad, responsabilidad y sin oportunismos las estrategias de seguridad, lo invito a mi despacho o espero su invitaci\u00f3n&#8221;, plante\u00f3. <\/p>\n<\/div>\n<div>\n<p>&#8220;Por una vez act\u00fae como Presidente de todos los argentinos; no todo vale por un voto. La motosierra no lleva paz a los hogares. Hay que cuidar al pueblo sin caer en demagogias baratas salidas de la imaginaci\u00f3n de su consultor estrella. Por \u00faltimo, en lo personal, me repugna verlo lucrar pol\u00edticamente con la muerte de un bonaerense, de un ciudadano argentino&#8221;, concluy\u00f3.<\/p>\n<\/div>\n<p><br \/>\n<br \/><a href=\"https:\/\/www.clarin.com\/politica\/dura-respuesta-kicillof-milei-repugna-verlo-lucrar-politicamente-muerte-bonaerense_0_30iwKIDq4x.html\">Fuente Clarin.com <\/a><\/p>\n","protected":false},"excerpt":{"rendered":"<p>Axel Kicillof acus\u00f3 a Javier Milei de &#8220;hacer marketing con el dolor&#8221;, luego de que el presidente se expresara, con cr\u00edticas al gobierno de la provincia de Buenos Aires, por el crimen del repartidor en Moreno. &#8220;Usted tiene derecho a hacer campa\u00f1a electoral pero no a hacer marketing con el dolor y la tragedia. Desde [&hellip;]<\/p>\n","protected":false},"author":1,"featured_media":1106,"comment_status":"open","ping_status":"open","sticky":false,"template":"","format":"standard","meta":{"footnotes":""},"categories":[2],"tags":[375,18,2555,1506,2556,2553,2554],"class_list":["post-1105","post","type-post","status-publish","format-standard","has-post-thumbnail","hentry","category-ultimas-noticias","tag-bonaerense","tag-con","tag-lucrar","tag-muerte","tag-politicamente","tag-repugna","tag-verlo"],"_links":{"self":[{"href":"https:\/\/13.com.ar\/index.php\/wp-json\/wp\/v2\/posts\/1105","targetHints":{"allow":["GET"]}}],"collection":[{"href":"https:\/\/13.com.ar\/index.php\/wp-json\/wp\/v2\/posts"}],"about":[{"href":"https:\/\/13.com.ar\/index.php\/wp-json\/wp\/v2\/types\/post"}],"author":[{"embeddable":true,"href":"https:\/\/13.com.ar\/index.php\/wp-json\/wp\/v2\/users\/1"}],"replies":[{"embeddable":true,"href":"https:\/\/13.com.ar\/index.php\/wp-json\/wp\/v2\/comments?post=1105"}],"version-history":[{"count":0,"href":"https:\/\/13.com.ar\/index.php\/wp-json\/wp\/v2\/posts\/1105\/revisions"}],"wp:featuredmedia":[{"embeddable":true,"href":"https:\/\/13.com.ar\/index.php\/wp-json\/wp\/v2\/media\/1106"}],"wp:attachment":[{"href":"https:\/\/13.com.ar\/index.php\/wp-json\/wp\/v2\/media?parent=1105"}],"wp:term":[{"taxonomy":"category","embeddable":true,"href":"https:\/\/13.com.ar\/index.php\/wp-json\/wp\/v2\/categories?post=1105"},{"taxonomy":"post_tag","embeddable":true,"href":"https:\/\/13.com.ar\/index.php\/wp-json\/wp\/v2\/tags?post=1105"}],"curies":[{"name":"wp","href":"https:\/\/api.w.org\/{rel}","templated":true}]}}