{"id":1099,"date":"2025-01-31T23:01:52","date_gmt":"2025-02-01T02:01:52","guid":{"rendered":"https:\/\/13.com.ar\/index.php\/otra-provincia-anuncio-que-adelanta-las-elecciones-y-se-separa-de-los-comicios-nacionales\/"},"modified":"2025-01-31T23:01:52","modified_gmt":"2025-02-01T02:01:52","slug":"otra-provincia-anuncio-que-adelanta-las-elecciones-y-se-separa-de-los-comicios-nacionales","status":"publish","type":"post","link":"https:\/\/13.com.ar\/index.php\/otra-provincia-anuncio-que-adelanta-las-elecciones-y-se-separa-de-los-comicios-nacionales\/","title":{"rendered":"Otra provincia anunci\u00f3 que adelanta las elecciones y se separa de los comicios nacionales"},"content":{"rendered":"<p> <br \/>\n<br \/><img decoding=\"async\" src=\"https:\/\/13.com.ar\/wp-content\/uploads\/2025\/01\/Otra-provincia-anuncio-que-adelanta-las-elecciones-y-se-separa.jpg\" \/><\/p>\n<div>\n<p><strong>Jujuy se sum\u00f3 a las provincias que decidieron adelantar las elecciones <\/strong>y separarlas de los comicios nacionales. De acuerdo al decreto publicado este viernes por el gobierno de Carlos Sadir, las elecciones medio t\u00e9rmino se realizar\u00e1n el pr\u00f3ximo 11 de mayo. <\/p>\n<\/div>\n<div>\n<p>Ese d\u00eda, la provincia<strong> elegir\u00e1 24 diputados provinciales titulares<\/strong> y 10 suplentes,adem\u00e1s de concejales y miembros de comisiones municipales.<\/p>\n<\/div>\n<div>\n<p>De esta forma, <strong>Jujuy se separa de las elecciones legislativas nacionales que se realizar\u00e1n el domingo 27 de octubre.<\/strong> En esa jornada, se renovar\u00e1 la mitad de la C\u00e1mara Diputados: 127 bancas. Mientras que tambi\u00e9n renovar\u00e1 un tercio del Senado: 24 bancas.<\/p>\n<\/div>\n<div>\n<p>Jujuy no es la \u00fanica provincia que desdobl\u00f3 sus elecciones: tambi\u00e9n las adelantaron en Salta, que las realizar\u00e1 el 4 de mayo; en Chaco, el 11 mayo; en San Luis, el 11 mayo; en Santa Fe, el 29 junio y en la Ciudad de Buenos Aires, el 6 de julio.<\/p>\n<\/div>\n<div>\n<p>La propuesta, que desde la Casa Rosada, tendr\u00edan m\u00e1s de<strong> 140 votos en Diputados superando la mayor\u00eda absoluta de 129 apoyos<\/strong> que se requieren por tratarse de una reforma electoral. De acuerdo a los n\u00fameros que hacen en la Rosada.<\/p>\n<\/div>\n<div>\n<p>Los votos a favor de la suspensi\u00f3n los aportar\u00edan los 39 de La Libertad Avanza, 37 del PRO, 4 ex libertarios (3 MID y Lourdes Arrieta) y los 5 radicales que vienen acompa\u00f1ando al Gobierno: Mart\u00edn Arjol, Luis Picat, Mariano Campero, Mario Pablo Cervi y Jos\u00e9 Federico Tournier. <\/p>\n<\/div>\n<div>\n<p>A ellos se suman las dos sanjuaninas Nancy Pic\u00f3n Mart\u00ednez y Mar\u00eda de los Angeles Moreno, que responden al gobernador Marcelo Orrego, la tucumana Paula Amodeo y Osvaldo Llancafilo del Movimiento Popular Neuquino.<\/p>\n<\/div>\n<p><br \/>\n<br \/><a href=\"https:\/\/www.clarin.com\/politica\/provincia-anuncio-adelanta-elecciones-separa-comicios-nacionales_0_M87bUXcQDz.html\">Fuente Clarin.com <\/a><\/p>\n","protected":false},"excerpt":{"rendered":"<p>Jujuy se sum\u00f3 a las provincias que decidieron adelantar las elecciones y separarlas de los comicios nacionales. De acuerdo al decreto publicado este viernes por el gobierno de Carlos Sadir, las elecciones medio t\u00e9rmino se realizar\u00e1n el pr\u00f3ximo 11 de mayo. Ese d\u00eda, la provincia elegir\u00e1 24 diputados provinciales titulares y 10 suplentes,adem\u00e1s de concejales [&hellip;]<\/p>\n","protected":false},"author":1,"featured_media":1100,"comment_status":"open","ping_status":"open","sticky":false,"template":"","format":"standard","meta":{"footnotes":""},"categories":[2],"tags":[2540,324,2542,404,48,28,2543,305,490,2541],"class_list":["post-1099","post","type-post","status-publish","format-standard","has-post-thumbnail","hentry","category-ultimas-noticias","tag-adelanta","tag-anuncio","tag-comicios","tag-elecciones","tag-las","tag-los","tag-nacionales","tag-otra","tag-provincia","tag-separa"],"_links":{"self":[{"href":"https:\/\/13.com.ar\/index.php\/wp-json\/wp\/v2\/posts\/1099","targetHints":{"allow":["GET"]}}],"collection":[{"href":"https:\/\/13.com.ar\/index.php\/wp-json\/wp\/v2\/posts"}],"about":[{"href":"https:\/\/13.com.ar\/index.php\/wp-json\/wp\/v2\/types\/post"}],"author":[{"embeddable":true,"href":"https:\/\/13.com.ar\/index.php\/wp-json\/wp\/v2\/users\/1"}],"replies":[{"embeddable":true,"href":"https:\/\/13.com.ar\/index.php\/wp-json\/wp\/v2\/comments?post=1099"}],"version-history":[{"count":0,"href":"https:\/\/13.com.ar\/index.php\/wp-json\/wp\/v2\/posts\/1099\/revisions"}],"wp:featuredmedia":[{"embeddable":true,"href":"https:\/\/13.com.ar\/index.php\/wp-json\/wp\/v2\/media\/1100"}],"wp:attachment":[{"href":"https:\/\/13.com.ar\/index.php\/wp-json\/wp\/v2\/media?parent=1099"}],"wp:term":[{"taxonomy":"category","embeddable":true,"href":"https:\/\/13.com.ar\/index.php\/wp-json\/wp\/v2\/categories?post=1099"},{"taxonomy":"post_tag","embeddable":true,"href":"https:\/\/13.com.ar\/index.php\/wp-json\/wp\/v2\/tags?post=1099"}],"curies":[{"name":"wp","href":"https:\/\/api.w.org\/{rel}","templated":true}]}}