{"id":10983,"date":"2025-03-11T18:05:29","date_gmt":"2025-03-11T21:05:29","guid":{"rendered":"https:\/\/13.com.ar\/index.php\/mauricio-macri-en-un-llamativo-dialogo-reservado-con-guillermo-francos\/"},"modified":"2025-03-11T18:05:29","modified_gmt":"2025-03-11T21:05:29","slug":"mauricio-macri-en-un-llamativo-dialogo-reservado-con-guillermo-francos","status":"publish","type":"post","link":"https:\/\/13.com.ar\/index.php\/mauricio-macri-en-un-llamativo-dialogo-reservado-con-guillermo-francos\/","title":{"rendered":"Mauricio Macri, en un llamativo di\u00e1logo reservado con Guillermo Francos"},"content":{"rendered":"<p> <br \/>\n<br \/><img decoding=\"async\" src=\"https:\/\/13.com.ar\/wp-content\/uploads\/2025\/03\/Mauricio-Macri-en-un-llamativo-dialogo-reservado-con-Guillermo-Francos.jpg\" \/><\/p>\n<div>\n<p>A la hora en que el ex presidente Mauricio Macri terminaba su almuerzo este martes en una enorme carpa levantada en el coraz\u00f3n de Expoagro, y cuando ya se hab\u00eda levantando con su equipo de la mesa, apareci\u00f3 el jefe de Gabinete, Guillermo Francos, que llegaba al lugar con su propia gente.<\/p>\n<\/div>\n<div>\n<p>Tanto el l\u00edder del PRO como el jefe de los ministros en el Gabinete libertario <strong>hab\u00edan compartido el corte de cintas que inaugur\u00f3 la emblem\u00e1tica feria del agro y la industria en su edici\u00f3n de 2025.<\/strong> Pero este otro encuentro que mantuvieron en el espacio gastron\u00f3mico los encontr\u00f3 frente a frente y a los dos se los vio muy serios.<\/p>\n<\/div>\n<div>\n<p>Macri avanz\u00f3 hacia Francos y se encontr\u00f3 con el funcionario. La charla dur\u00f3 entre cinco y diez minutos, en los que casi solo habl\u00f3 el ex Presidente. Uno de los asistentes que pudo escuchar el di\u00e1logo le dijo a Clar\u00edn que Macri le mand\u00f3 un mensaje a trav\u00e9s de Francos al Presidente de la naci\u00f3n: pidi\u00f3 <strong>&#8220;volver a la normalidad&#8221;<\/strong>.<\/p>\n<\/div>\n<div>\n<p>Un rato antes de hablar con Francos en el restaurante de Expoagro, adonde estaba la &#8220;crema&#8221; pol\u00edtica y empresaria que visit\u00f3 la feria del agro y la industria este martes, Macri le dijo a los periodistas que consideraba que haber recurrido al Decreto de Necesidad y Urgencia para firmar un nuevo acuerdo con el Fondo Monetario Institucional mostraba &#8220;la debilidad institucional en la que estamos&#8221; y tambi\u00e9n consider\u00f3 -haciendo hincapi\u00e9 en la tragedia que atraviesa Bahia Blanca y poniendo como ejemplo lo que hizo en la ciudad cuando era jefe de Gobierno para que no se inundara m\u00e1s- que es el <strong>Estado es el debe encargarse de hacer obras p\u00fablicas, en contraste con lo que postula el gobierno de Javier Milei, que predica destruir al Estado.<\/strong><\/p>\n<\/div>\n<div>\n<p>Adem\u00e1s, el ex mandatario envi\u00f3 otro mensaje al Gobierno -que amenaza con irse del Acuerdo de Par\u00eds siguiendo a Donald Trump- al encontrar causas en el cambio clim\u00e1tico en lo que ocurri\u00f3 en Bahia Blanca. <strong> &#8220;Escucho a veces que el cambio clim\u00e1tico es un invento, digo, se\u00f1ores, cuidado, \u00bfno?&#8221;, lanz\u00f3 el l\u00edder del partido amarillo.<\/strong><\/p>\n<\/div>\n<div>\n<p>Las mesas que centralizaron Macri y Francos eran distintas, ambas muy grandes. Abundaban los costillares y el vac\u00edo, ensaladas y un helado de higo al que pocos resist\u00edan. El ex presidente recib\u00eda los saludos del campo, estaba &#8220;custodiado&#8221; por su vocero, Gustavo G\u00f3mez Repetto, y con el ex ministro de Producci\u00f3n, Francisco &#8220;Pancho&#8221; Cabrera. Se le unieron algunos hombres de los medios de comunicaci\u00f3n, el ex n\u00famero uno de la Rural, Luis Miguel Etchevehere, mientras que Francos estuvo junto a su vicejefe de Gabinete, <strong>Lisandro Catal\u00e1n que se sent\u00f3 a un lado, y del otro, el gobernador entrerriano Rogelio Frigerio,<\/strong> ex ministro del Interior de Macri. A esa hora los otros gobernadores recorrieron los stands de sus provincias<strong>, Mart\u00edn Llaryora, Maxi Pullaro, Nacho Torres, Gustavo Vald\u00e9s. <\/strong><\/p>\n<\/div>\n<p><br \/>\n<br \/><a href=\"https:\/\/www.clarin.com\/politica\/mauricio-macri-llamativo-dialogo-reservado-guillermo-francos_0_yqF5cY21lS.html\">Fuente Clarin.com <\/a><\/p>\n","protected":false},"excerpt":{"rendered":"<p>A la hora en que el ex presidente Mauricio Macri terminaba su almuerzo este martes en una enorme carpa levantada en el coraz\u00f3n de Expoagro, y cuando ya se hab\u00eda levantando con su equipo de la mesa, apareci\u00f3 el jefe de Gabinete, Guillermo Francos, que llegaba al lugar con su propia gente. Tanto el l\u00edder [&hellip;]<\/p>\n","protected":false},"author":1,"featured_media":10984,"comment_status":"open","ping_status":"open","sticky":false,"template":"","format":"standard","meta":{"footnotes":""},"categories":[2],"tags":[18,2468,5190,3520,7974,1109,1253,9925],"class_list":["post-10983","post","type-post","status-publish","format-standard","has-post-thumbnail","hentry","category-ultimas-noticias","tag-con","tag-dialogo","tag-francos","tag-guillermo","tag-llamativo","tag-macri","tag-mauricio","tag-reservado"],"_links":{"self":[{"href":"https:\/\/13.com.ar\/index.php\/wp-json\/wp\/v2\/posts\/10983","targetHints":{"allow":["GET"]}}],"collection":[{"href":"https:\/\/13.com.ar\/index.php\/wp-json\/wp\/v2\/posts"}],"about":[{"href":"https:\/\/13.com.ar\/index.php\/wp-json\/wp\/v2\/types\/post"}],"author":[{"embeddable":true,"href":"https:\/\/13.com.ar\/index.php\/wp-json\/wp\/v2\/users\/1"}],"replies":[{"embeddable":true,"href":"https:\/\/13.com.ar\/index.php\/wp-json\/wp\/v2\/comments?post=10983"}],"version-history":[{"count":0,"href":"https:\/\/13.com.ar\/index.php\/wp-json\/wp\/v2\/posts\/10983\/revisions"}],"wp:featuredmedia":[{"embeddable":true,"href":"https:\/\/13.com.ar\/index.php\/wp-json\/wp\/v2\/media\/10984"}],"wp:attachment":[{"href":"https:\/\/13.com.ar\/index.php\/wp-json\/wp\/v2\/media?parent=10983"}],"wp:term":[{"taxonomy":"category","embeddable":true,"href":"https:\/\/13.com.ar\/index.php\/wp-json\/wp\/v2\/categories?post=10983"},{"taxonomy":"post_tag","embeddable":true,"href":"https:\/\/13.com.ar\/index.php\/wp-json\/wp\/v2\/tags?post=10983"}],"curies":[{"name":"wp","href":"https:\/\/api.w.org\/{rel}","templated":true}]}}