{"id":10977,"date":"2025-03-11T17:56:44","date_gmt":"2025-03-11T20:56:44","guid":{"rendered":"https:\/\/13.com.ar\/index.php\/la-oposicion-no-logra-articular-un-rechazo-y-el-oficialismo-quiere-blindarlo-en-diputados\/"},"modified":"2025-03-11T17:56:44","modified_gmt":"2025-03-11T20:56:44","slug":"la-oposicion-no-logra-articular-un-rechazo-y-el-oficialismo-quiere-blindarlo-en-diputados","status":"publish","type":"post","link":"https:\/\/13.com.ar\/index.php\/la-oposicion-no-logra-articular-un-rechazo-y-el-oficialismo-quiere-blindarlo-en-diputados\/","title":{"rendered":"la oposici\u00f3n no logra articular un rechazo y el oficialismo quiere blindarlo en Diputados"},"content":{"rendered":"<p> <br \/>\n<br \/><img decoding=\"async\" src=\"https:\/\/13.com.ar\/wp-content\/uploads\/2025\/03\/la-oposicion-no-logra-articular-un-rechazo-y-el-oficialismo.jpg\" \/><\/p>\n<div id=\"cuerpo\">\n<div class=\"sc-80531b6b-0 chRIGJ container-text text-embed\">\n<p>Todo el arco opositor, incluido el propio l\u00edder del PRO, <strong>Mauricio Macri<\/strong>, critic\u00f3 que <strong>Javier Milei<\/strong> apruebe un acuerdo con el Fondo Monetario Internacional (FMI) mediante un decreto de necesidad y urgencia (DNU). Sin embargo,<strong> los bloques todav\u00eda est\u00e1n lejos de articular una estrategia para voltearlo<\/strong>, mientras que el oficialismo -confiado- ya envi\u00f3 el texto al Congreso y buscar\u00e1 blindarlo en Diputados.<\/p>\n<\/div>\n<div class=\"sc-80531b6b-0 chRIGJ container-text text-embed\">\n<p>El kirchnerismo y los otros legisladores m\u00e1s cr\u00edticos del Ejecutivo tambi\u00e9n aseguran que apenas se cumpla el plazo de 10 d\u00edas que estipula la ley para poder llevarlo al recinto <strong>pedir\u00e1n una sesi\u00f3n para tratarlo.<\/strong><\/p>\n<\/div>\n<div class=\"sc-80531b6b-0 chRIGJ container-text text-embed\">\n<p>Lo cierto es que para que un DNU pierda vigencia<strong> ambas C\u00e1maras lo tienen que rechazar. Mientras tanto, seguir\u00e1 vigente.<\/strong><\/p>\n<\/div>\n<div class=\"sc-80531b6b-0 chRIGJ container-text text-embed\">\n<p>El oficialismo, por su parte, buscar\u00e1 ratificarlo con el aval de Diputados. La Casa Rosada, que ten\u00eda diez d\u00edas para mandarlo al Congreso, ya lo envi\u00f3, <strong>un gesto que indica que quieren acelerar el tr\u00e1mite<\/strong>. &#8220;Primero tiene que pasar por la Bicameral de Tr\u00e1mite Legislativo&#8221;, se\u00f1alaron desde LLA de la C\u00e1mara Baja. Esa comisi\u00f3n la preside el libertario Juan Carlos Pagotto, quien a\u00fan no dio pistas de si convocar\u00e1 ni para cu\u00e1ndo.<\/p>\n<\/div>\n<div class=\"sc-80531b6b-0 chRIGJ container-text text-embed\">\n<p>Esa<strong> Bicameral qued\u00f3 con una composici\u00f3n desfavorable para el oficialismo<\/strong>. Tal vez no se arriesguen a reunirla y dejen pasar los 10 d\u00edas para buscar un triunfo directo en el recinto con apoyo de aliados y legisladores que responden a los gobernadores. <strong>Hoy los n\u00fameros no est\u00e1n claros porque las bancadas deben primero fijar postura puertas adentro<\/strong>. Entrada la noche habr\u00e1 m\u00faltiples reuniones de bloques por este y otros temas.<\/p>\n<\/div>\n<div class=\"sc-80531b6b-0 chRIGJ container-text text-embed\">\n<p>&#8220;<strong>Es un tema que demuestra la debilidad institucional en la que estamos y que no ayuda a generar confianza<\/strong>&#8220;, critic\u00f3 Macri este martes desde Expoagro. Sin embargo, el bloque del PRO en Diputados se muestra tendiente a &#8220;acompa\u00f1ar&#8221; al oficialismo.<\/p>\n<\/div>\n<div class=\"sc-80531b6b-0 chRIGJ container-text text-embed\">\n<p>&#8220;El DNU 179\/2025 con el que el presidente Milei se autoriza a s\u00ed mismo a endeudarse con el FMI es ilegal, un peligro, un enga\u00f1o y, adem\u00e1s, un error&#8221;, plante\u00f3 el senador y presidente de la UCR, <strong>Mart\u00edn Lousteau, uno de los pocos por ahora abiertamente dispuestos a votar en contra del decreto si llega al recinto.<\/strong><\/p>\n<\/div>\n<div class=\"sc-80531b6b-0 chRIGJ container-text text-embed\">\n<p>En el Senado -donde el kirchnerismo tiene 34 legisladores- es donde la oposici\u00f3n tiene m\u00e1s chances de conseguir un rechazo. Solo necesitan conquistar tres voluntades m\u00e1s. Con Lousteau y dos m\u00e1s llegar\u00edan. As\u00ed lo hicieron con con el DNU 70, que igualmente sigui\u00f3 en pie porque Diputados nunca consigui\u00f3 votarlo.<\/p>\n<\/div>\n<div class=\"sc-80531b6b-0 chRIGJ container-text text-embed\">\n<p>&#8220;El Congreso no puede ser c\u00f3mplice. Los que firman estos decretos y los que en el Parlamento los avalan ser\u00e1n los responsables de esta estafa hist\u00f3rica. O frenamos esto ahora, o la Rep\u00fablica se convierte en una entelequia. Lo que alguna vez fue un sistema de derechos, equilibrio de poderes y representaci\u00f3n popular queda reducido a una farsa si se convalida este saqueo&#8221;, sentenci\u00f3 el senador K, Mart\u00edn Do\u00f1ate.<\/p>\n<\/div>\n<div class=\"sc-80531b6b-0 chRIGJ container-text text-embed\">\n<p>Sin embargo, el bloque de UP del Senado esta semana est\u00e1 concentrado en otra batalla: <strong>rechazar los pliegos de los jueces de la Corte Suprema<\/strong> designados por decreto, Ariel Lijo y Manuel Garc\u00eda Mansilla.<\/p>\n<\/div>\n<div class=\"sc-80531b6b-0 chRIGJ container-text text-embed\">\n<p>En Diputados, m\u00e1s all\u00e1 del kirchnerismo -que hasta denunci\u00f3 por este tema a Milei en la Justicia- hay otros bloques dispuestos a llevar el tema al recinto, incluso a riesgo de perder. &#8220;No la tiene f\u00e1cil el Gobierno&#8221;, conf\u00edan y en los pr\u00f3ximos d\u00edas van a trabajar para lograr consensos.<\/p>\n<\/div>\n<div class=\"sc-80531b6b-0 chRIGJ container-text text-embed\">\n<p>&#8220;El Gobierno ya se apropi\u00f3 de la fijaci\u00f3n de prioridades de gasto al no tratar el Presupuesto dos a\u00f1os seguidos. Ahora, tambi\u00e9n se apropia de las autorizaciones de deuda. Es un avance inadmisible sobre las facultades del Congreso. No estoy m\u00e1s dispuesto a hacer la vista gorda. No es en contra del acuerdo, es a favor del Congreso\u201d, plante\u00f3 Nicol\u00e1s Massot del bloque Encuentro Federal que conduce Miguel Pichetto, y agreg\u00f3: &#8220;El decreto carece de un elemento fundamental para cualquier autorizaci\u00f3n legislativa de toma de deuda que es el tope o monto m\u00e1ximo. Sin eso es invisible avanzar&#8221;.<\/p>\n<\/div>\n<div class=\"sc-80531b6b-0 chRIGJ container-text text-embed\">\n<p>En esa bancada, hay varios dispuestos a presionar a Milei por este tema. &#8220;El FMI exige \u201camplio consenso\u201d en sus programas, m\u00e1s a\u00fan en acuerdos de facilidades extendidas. \u00bfPero <strong>c\u00f3mo los funcionarios del FMI lo justificar\u00e1n si todo se maneja en secreto y sin debate parlamentario? Si avanzan sin garant\u00edas, quedar\u00e1n expuestos a denuncias<\/strong>&#8220;, plante\u00f3  el cordob\u00e9s Oscar Agost Carre\u00f1o.<\/p>\n<\/div>\n<div class=\"sc-80531b6b-0 chRIGJ container-text text-embed\">\n<p>En la UCR de Rodrigo De Loredo hay fuertes cr\u00edticas pero a\u00fan no fijaron postura conjunta. Tampoco en la Coalici\u00f3n C\u00edvica. <\/p>\n<\/div>\n<div class=\"sc-80531b6b-0 chRIGJ container-text text-embed\">\n<p>Desde Democracia para Siempre, discuten cu\u00e1l es la mejor estrategia y advierten que <strong>no se puede votar a favor ni en contra de un acuerdo sobre el que no se conoce las condiciones<\/strong>.<\/p>\n<\/div>\n<div class=\"sc-80531b6b-0 chRIGJ container-text text-embed\">\n<p>&#8220;El DNU ya est\u00e1 en vigencia. Que vaya con ese DNU al Fondo y firme el acuerdo. Cuando sepamos en qu\u00e9 consiste dicho acuerdo, cu\u00e1l es el monto y las condiciones, entonces lo analizaremos en el recinto. Personalmente creo que no hay que apurarse en darle un cheque en blanco al Gobierno&#8221;, afirm\u00f3 Fernando Carbajal.<\/p>\n<\/div>\n<div class=\"sc-80531b6b-0 chRIGJ container-text text-embed\">\n<p>D\u00edas atr\u00e1s la radical Danya Tavela mencion\u00f3 la incapacidad de aprobar algo que desconocen. &#8220;Sin saber las condiciones \u00bfpor qu\u00e9 un diputado o senador lo aprobar\u00eda?&#8221;, se pregunt\u00f3.<\/p>\n<\/div>\n<\/div>\n<p><br \/>\n<br \/><a href=\"https:\/\/www.clarin.com\/politica\/acuerdo-fmi-dnu-oposicion-logra-articular-rechazo-oficialismo-quiere-blindarlo-diputados_0_S0Az6H7BBI.html\">Fuente Clarin.com <\/a><\/p>\n","protected":false},"excerpt":{"rendered":"<p>Todo el arco opositor, incluido el propio l\u00edder del PRO, Mauricio Macri, critic\u00f3 que Javier Milei apruebe un acuerdo con el Fondo Monetario Internacional (FMI) mediante un decreto de necesidad y urgencia (DNU). Sin embargo, los bloques todav\u00eda est\u00e1n lejos de articular una estrategia para voltearlo, mientras que el oficialismo -confiado- ya envi\u00f3 el texto [&hellip;]<\/p>\n","protected":false},"author":1,"featured_media":10978,"comment_status":"open","ping_status":"open","sticky":false,"template":"","format":"standard","meta":{"footnotes":""},"categories":[2],"tags":[11279,11280,350,3394,3658,7019,1273,3353],"class_list":["post-10977","post","type-post","status-publish","format-standard","has-post-thumbnail","hentry","category-ultimas-noticias","tag-articular","tag-blindarlo","tag-diputados","tag-logra","tag-oficialismo","tag-oposicion","tag-quiere","tag-rechazo"],"_links":{"self":[{"href":"https:\/\/13.com.ar\/index.php\/wp-json\/wp\/v2\/posts\/10977","targetHints":{"allow":["GET"]}}],"collection":[{"href":"https:\/\/13.com.ar\/index.php\/wp-json\/wp\/v2\/posts"}],"about":[{"href":"https:\/\/13.com.ar\/index.php\/wp-json\/wp\/v2\/types\/post"}],"author":[{"embeddable":true,"href":"https:\/\/13.com.ar\/index.php\/wp-json\/wp\/v2\/users\/1"}],"replies":[{"embeddable":true,"href":"https:\/\/13.com.ar\/index.php\/wp-json\/wp\/v2\/comments?post=10977"}],"version-history":[{"count":0,"href":"https:\/\/13.com.ar\/index.php\/wp-json\/wp\/v2\/posts\/10977\/revisions"}],"wp:featuredmedia":[{"embeddable":true,"href":"https:\/\/13.com.ar\/index.php\/wp-json\/wp\/v2\/media\/10978"}],"wp:attachment":[{"href":"https:\/\/13.com.ar\/index.php\/wp-json\/wp\/v2\/media?parent=10977"}],"wp:term":[{"taxonomy":"category","embeddable":true,"href":"https:\/\/13.com.ar\/index.php\/wp-json\/wp\/v2\/categories?post=10977"},{"taxonomy":"post_tag","embeddable":true,"href":"https:\/\/13.com.ar\/index.php\/wp-json\/wp\/v2\/tags?post=10977"}],"curies":[{"name":"wp","href":"https:\/\/api.w.org\/{rel}","templated":true}]}}