{"id":10975,"date":"2025-03-11T17:53:37","date_gmt":"2025-03-11T20:53:37","guid":{"rendered":"https:\/\/13.com.ar\/index.php\/la-agresion-del-neurocirujano-luque-a-un-camarografo-durante-un-cuarto-intermedio\/"},"modified":"2025-03-11T17:53:37","modified_gmt":"2025-03-11T20:53:37","slug":"la-agresion-del-neurocirujano-luque-a-un-camarografo-durante-un-cuarto-intermedio","status":"publish","type":"post","link":"https:\/\/13.com.ar\/index.php\/la-agresion-del-neurocirujano-luque-a-un-camarografo-durante-un-cuarto-intermedio\/","title":{"rendered":"la agresi\u00f3n del neurocirujano Luque a un camar\u00f3grafo durante un cuarto intermedio"},"content":{"rendered":"<p> <br \/>\n<br \/><img decoding=\"async\" src=\"https:\/\/13.com.ar\/wp-content\/uploads\/2025\/03\/la-agresion-del-neurocirujano-Luque-a-un-camarografo-durante-un.jpg\" \/><\/p>\n<div>\n<p>El neurocirujano Leopoldo Luque<strong> (44)<\/strong>, uno de los principales acusados por la<strong> muerte de Diego Armando Maradona<\/strong> junto a la psiquiatra Agustina Cosachov (40), agredi\u00f3 a un camar\u00f3grafo de la agencia AFP que cubr\u00eda la primera jornada del juicio oral en los Tribunales de San Isidro.<\/p>\n<\/div>\n<div>\n<p>El violento episodio se registr\u00f3 durante el cuarto receso que hubo en la audiencia. El reportero tomaba im\u00e1genes de Luque y el psic\u00f3logo Carlos \u00c1ngel D\u00edaz (33), otro de los acusados por homicidio, en un pasillo cuando el m\u00e9dico lo empez\u00f3 a mirar fijo. La escena termin\u00f3 con un manotazo a la c\u00e1mara y un insulto.<\/p>\n<\/div>\n<div>\n<p>En un momento, el neurocirujano, que termin\u00f3 siendo el m\u00e9dico de cabecera de Maradona, se acerc\u00f3 al camar\u00f3grafo y le pregunt\u00f3 de manera prepotente: <strong>&#8220;\u00bfMe est\u00e1s filmando?&#8221;.<\/strong><\/p>\n<\/div>\n<div>\n<p>Ante la respuesta afirmativa, Luque sigui\u00f3: &#8220;\u00bfPor qu\u00e9? \u00bfTe autorizaron a vos para hacer eso?&#8221;. Cuando el camar\u00f3grafo intentaba explicar su trabajo, el m\u00e9dico acusado por homicidio sigui\u00f3: &#8220;\u00bfDe d\u00f3nde sos?&#8221;.<\/p>\n<\/div>\n<div>\n<p>&#8220;De la agencia France Press&#8221;, respondi\u00f3 el c\u00e1mara. &#8220;Pero me ten\u00e9s que pedir permiso&#8221;, arremeti\u00f3 Luque, visiblemente alterado, y acompa\u00f1\u00f3 la frase con <strong>un arrebato a la c\u00e1mara con la mano, en el que tapa la lente. Las im\u00e1genes dejan de verse pero se siguen escuchando ruidos producto de la agresi\u00f3n.<\/strong><\/p>\n<\/div>\n<div>\n<p>En el final del video se alcanza a escuchar que el m\u00e9dico termin\u00f3 el ataque con un insulto: &#8220;Pelotudo&#8221;.<\/p>\n<\/div>\n<p><br \/>\n<br \/><a href=\"https:\/\/www.clarin.com\/policiales\/juicio-muerte-diego-maradona-agresion-neurocirujano-luque-camarografo-cuarto-intermedio_0_fBJrI1q3Fs.html\">Fuente Clarin.com <\/a><\/p>\n","protected":false},"excerpt":{"rendered":"<p>El neurocirujano Leopoldo Luque (44), uno de los principales acusados por la muerte de Diego Armando Maradona junto a la psiquiatra Agustina Cosachov (40), agredi\u00f3 a un camar\u00f3grafo de la agencia AFP que cubr\u00eda la primera jornada del juicio oral en los Tribunales de San Isidro. El violento episodio se registr\u00f3 durante el cuarto receso [&hellip;]<\/p>\n","protected":false},"author":1,"featured_media":10976,"comment_status":"open","ping_status":"open","sticky":false,"template":"","format":"standard","meta":{"footnotes":""},"categories":[2],"tags":[3233,8009,11277,100,1549,11278,11188,11276],"class_list":["post-10975","post","type-post","status-publish","format-standard","has-post-thumbnail","hentry","category-ultimas-noticias","tag-agresion","tag-camarografo","tag-cuarto","tag-del","tag-durante","tag-intermedio","tag-luque","tag-neurocirujano"],"_links":{"self":[{"href":"https:\/\/13.com.ar\/index.php\/wp-json\/wp\/v2\/posts\/10975","targetHints":{"allow":["GET"]}}],"collection":[{"href":"https:\/\/13.com.ar\/index.php\/wp-json\/wp\/v2\/posts"}],"about":[{"href":"https:\/\/13.com.ar\/index.php\/wp-json\/wp\/v2\/types\/post"}],"author":[{"embeddable":true,"href":"https:\/\/13.com.ar\/index.php\/wp-json\/wp\/v2\/users\/1"}],"replies":[{"embeddable":true,"href":"https:\/\/13.com.ar\/index.php\/wp-json\/wp\/v2\/comments?post=10975"}],"version-history":[{"count":0,"href":"https:\/\/13.com.ar\/index.php\/wp-json\/wp\/v2\/posts\/10975\/revisions"}],"wp:featuredmedia":[{"embeddable":true,"href":"https:\/\/13.com.ar\/index.php\/wp-json\/wp\/v2\/media\/10976"}],"wp:attachment":[{"href":"https:\/\/13.com.ar\/index.php\/wp-json\/wp\/v2\/media?parent=10975"}],"wp:term":[{"taxonomy":"category","embeddable":true,"href":"https:\/\/13.com.ar\/index.php\/wp-json\/wp\/v2\/categories?post=10975"},{"taxonomy":"post_tag","embeddable":true,"href":"https:\/\/13.com.ar\/index.php\/wp-json\/wp\/v2\/tags?post=10975"}],"curies":[{"name":"wp","href":"https:\/\/api.w.org\/{rel}","templated":true}]}}