{"id":10973,"date":"2025-03-11T17:47:37","date_gmt":"2025-03-11T20:47:37","guid":{"rendered":"https:\/\/13.com.ar\/index.php\/formaciones-a-que-hora-juegan-donde-y-como-verlo\/"},"modified":"2025-03-11T17:47:37","modified_gmt":"2025-03-11T20:47:37","slug":"formaciones-a-que-hora-juegan-donde-y-como-verlo","status":"publish","type":"post","link":"https:\/\/13.com.ar\/index.php\/formaciones-a-que-hora-juegan-donde-y-como-verlo\/","title":{"rendered":"formaciones, a qu\u00e9 hora juegan, d\u00f3nde y c\u00f3mo verlo"},"content":{"rendered":"<p> <br \/>\n<br \/><img decoding=\"async\" src=\"https:\/\/13.com.ar\/wp-content\/uploads\/2025\/03\/formaciones-a-que-hora-juegan-donde-y-como-verlo.jpg\" \/><\/p>\n<div>\n<p>Lille recibe a Borussia Dortmund en el Estadio Pierre-Mauroy por la vuelta de los octavos de final de la UEFA Champions League. En la ida no se sacaron ventajas, empataron 1-1 y prometen dar un buen espect\u00e1culo este mi\u00e9rcoles desde las 14.45, hora de Argentina, cuando abran la jornada de f\u00fatbol. El partido tendr\u00e1 transmisi\u00f3n de ESPN y Disney + Premium y contar\u00e1 con el arbitraje principal del suizo Sandro Scharer.<\/p>\n<\/div>\n<div>\n<p>Luego del empate en Alemania por 1-1 ante su rival en Champions, <em>Les Dogues<\/em> vencieron 1-0 a Montpellier por la Ligue 1. Dicho triunfo lo ubic\u00f3 quinto en la liga francesa a 21 puntos del l\u00edder del certamen, Par\u00eds Saint-Germain.<\/p>\n<\/div>\n<div>\n<p>Los \ufeffDie Schwarzgelben viven una realidad irregular. Siendo uno de los equipos sensaci\u00f3n en Europa, llegando a fases definitorias en Champions, En Alemania est\u00e1 10\u00b0, fuera de todas las competencias del viejo continente. Tras empatar en la ida con Lille, el Dortmund cay\u00f3 por 1-0 ante el Augsburg.<\/p>\n<\/div>\n<div>\n<p>Lucas Chevalier; Thomas Meunier, Bafod\u00e9 Diakit\u00e9, Alexsandro, Ismaily; Ngal ayel Mukau, Benjamin Andr\u00e9, Ayyoub Bouaddi; H\u00e1kon Haraldsson, Jonathan David y Ethan Mbapp\u00e9. DT: Bruno G\u00e9n\u00e9sio<\/p>\n<\/div>\n<div>\n<p>Gregor Kobel; Julian Ryerson, Emre Can, Nico Schlotterbeck, Daniel Svensson; Marcel Sabitzer, Pascal Gross; Karim Adeyemi, Julian Brandt, Jamie Bynoe-Gittens y Serhou Guirassy. DT: Niko Kovac.<\/p>\n<\/div>\n<p><br \/>\n<br \/><a href=\"https:\/\/www.clarin.com\/deportes\/lille-vs-borussia-dortmund-octavos-final-champions-league-formaciones-hora-juegan-verlo_0_gMoVS6m0aJ.html\">Fuente Clarin.com <\/a><\/p>\n","protected":false},"excerpt":{"rendered":"<p>Lille recibe a Borussia Dortmund en el Estadio Pierre-Mauroy por la vuelta de los octavos de final de la UEFA Champions League. En la ida no se sacaron ventajas, empataron 1-1 y prometen dar un buen espect\u00e1culo este mi\u00e9rcoles desde las 14.45, hora de Argentina, cuando abran la jornada de f\u00fatbol. El partido tendr\u00e1 transmisi\u00f3n [&hellip;]<\/p>\n","protected":false},"author":1,"featured_media":10974,"comment_status":"open","ping_status":"open","sticky":false,"template":"","format":"standard","meta":{"footnotes":""},"categories":[2],"tags":[66,743,909,713,907,286,2554],"class_list":["post-10973","post","type-post","status-publish","format-standard","has-post-thumbnail","hentry","category-ultimas-noticias","tag-como","tag-donde","tag-formaciones","tag-hora","tag-juegan","tag-que","tag-verlo"],"_links":{"self":[{"href":"https:\/\/13.com.ar\/index.php\/wp-json\/wp\/v2\/posts\/10973","targetHints":{"allow":["GET"]}}],"collection":[{"href":"https:\/\/13.com.ar\/index.php\/wp-json\/wp\/v2\/posts"}],"about":[{"href":"https:\/\/13.com.ar\/index.php\/wp-json\/wp\/v2\/types\/post"}],"author":[{"embeddable":true,"href":"https:\/\/13.com.ar\/index.php\/wp-json\/wp\/v2\/users\/1"}],"replies":[{"embeddable":true,"href":"https:\/\/13.com.ar\/index.php\/wp-json\/wp\/v2\/comments?post=10973"}],"version-history":[{"count":0,"href":"https:\/\/13.com.ar\/index.php\/wp-json\/wp\/v2\/posts\/10973\/revisions"}],"wp:featuredmedia":[{"embeddable":true,"href":"https:\/\/13.com.ar\/index.php\/wp-json\/wp\/v2\/media\/10974"}],"wp:attachment":[{"href":"https:\/\/13.com.ar\/index.php\/wp-json\/wp\/v2\/media?parent=10973"}],"wp:term":[{"taxonomy":"category","embeddable":true,"href":"https:\/\/13.com.ar\/index.php\/wp-json\/wp\/v2\/categories?post=10973"},{"taxonomy":"post_tag","embeddable":true,"href":"https:\/\/13.com.ar\/index.php\/wp-json\/wp\/v2\/tags?post=10973"}],"curies":[{"name":"wp","href":"https:\/\/api.w.org\/{rel}","templated":true}]}}