{"id":1097,"date":"2025-01-31T22:49:59","date_gmt":"2025-02-01T01:49:59","guid":{"rendered":"https:\/\/13.com.ar\/index.php\/helicoptero-bajo-la-lluvia-y-una-multitud-para-recibir-al-principe-que-volvio-como-o-rei\/"},"modified":"2025-01-31T22:49:59","modified_gmt":"2025-02-01T01:49:59","slug":"helicoptero-bajo-la-lluvia-y-una-multitud-para-recibir-al-principe-que-volvio-como-o-rei","status":"publish","type":"post","link":"https:\/\/13.com.ar\/index.php\/helicoptero-bajo-la-lluvia-y-una-multitud-para-recibir-al-principe-que-volvio-como-o-rei\/","title":{"rendered":"helic\u00f3ptero bajo la lluvia y una multitud para recibir al &#8220;pr\u00edncipe&#8221; que volvi\u00f3 como &#8220;O Rei&#8221;"},"content":{"rendered":"<p> <br \/>\n<\/p>\n<div id=\"cuerpo\">\n<div class=\"sc-80531b6b-0 chRIGJ container-text text-embed\">\n<p>Un d\u00eda volvi\u00f3. Pasaron apenas 12 a\u00f1os y parece que fueron mil, o todos los que se necesitan para apreciar el paso del tiempo. Se fue joven, con los pelos fuertes y parados, como una promesa que reubicaba al <strong>Santos<\/strong> en el nuevo milenio, despu\u00e9s de<strong> O Rei Pel\u00e9<\/strong> en el siglo pasado.<\/p>\n<\/div>\n<div class=\"sc-80531b6b-0 chRIGJ container-text text-embed\">\n<p>Volvi\u00f3 con el rostro distinto, curtido por esos <em>miles<\/em> de a\u00f1os y muchas camisetas y una vincha que le marcaba la frontera entre el rostro y la cabellera. Igual que cuando se fue, <strong>se reverenci\u00f3 ante el p\u00fablico<\/strong>, que era distinto pero tanto como el que lo despidi\u00f3. Faltaban los que ya no est\u00e1n y estaban los que nunca imaginaron que pod\u00edan volver a tener en su equipo a un crack de su talla.<\/p>\n<\/div>\n<div class=\"sc-80531b6b-0 chRIGJ container-text text-embed\">\n<p>El que se fue y el que volvi\u00f3 no es el mismo. <strong>Aquel que se despidi\u00f3 en 2013 parti\u00f3 para fagocitarse el mundo y el que volvi\u00f3, se empach\u00f3 de f\u00fatbol y no tiene cuentas pendientes<\/strong> en su terru\u00f1o: gan\u00f3 tres Campeonatos Paulistas seguidos, una Copa de Brasil, y una Libertadores. Lleg\u00f3 porque prometi\u00f3 volver alg\u00fan d\u00eda.<\/p>\n<\/div>\n<div class=\"sc-198be8ec-0 cynXbu image-embed  image-embed \"><picture class=\"sc-198be8ec-1 kOjRiQ\"><source media=\"(min-width: 975px)\" width=\"720\" height=\"480\" \/><img alt=\"Ney, bajo la lluvia, en su regreso a Santos. EFE\/ Sebastiao Moreira\" loading=\"lazy\" width=\"720\" height=\"480\" decoding=\"async\" data-nimg=\"1\" style=\"color:transparent\" src=\"https:\/\/13.com.ar\/wp-content\/uploads\/2025\/01\/helicoptero-bajo-la-lluvia-y-una-multitud-para-recibir-al.jpg\"\/><span class=\"epigraphe\">Ney, bajo la lluvia, en su regreso a Santos. EFE\/ Sebastiao Moreira<\/span><span class=\"bkg\"\/><span class=\"picture-open\"><button class=\"open-image\" aria-label=\"Open Image\"\/><\/span><\/picture><\/div>\n<div class=\"sc-80531b6b-0 chRIGJ container-text text-embed\">\n<p>En todo caso, le quedar\u00e1 la espina con la Selecci\u00f3n. Su apellido no est\u00e1 entre los campeones, pero s\u00ed tiene la medalla de goleador: <strong>79 goles en 128 partidos para superar nada menos que, otra vez, a Pel\u00e9.<\/strong> Podr\u00edan haber sido m\u00e1s -goles y partidos- si no fuese por las lesiones recurrentes.<\/p>\n<\/div>\n<div class=\"sc-80531b6b-0 chRIGJ container-text text-embed\">\n<p>Su esplendor fuera de Brasil fue en Barcelona, donde forj\u00f3 una dupla y una amistad con <strong>Lionel Messi<\/strong> que continu\u00f3 brevemente en el <strong>Paris Saint-Germain<\/strong>. Luego, el <strong>Al-Hilal Saudi<\/strong>, desde donde lleg\u00f3 y jug\u00f3 poco, algo que no le interesa a nadie en Santos, ya que lleg\u00f3 porque es Neymar y punto.<\/p>\n<\/div>\n<div class=\"sc-198be8ec-0 cynXbu image-embed  image-embed \"><picture class=\"sc-198be8ec-1 kOjRiQ\"><source media=\"(min-width: 975px)\" width=\"720\" height=\"480\" \/><img alt=\"Neymar le agradeci\u00f3 al p\u00fablico que llen\u00f3 el Vila Belmiro. EFE\/ Guilherme Dionizio\" loading=\"lazy\" width=\"720\" height=\"480\" decoding=\"async\" data-nimg=\"1\" style=\"color:transparent\" src=\"https:\/\/13.com.ar\/wp-content\/uploads\/2025\/01\/1738374598_334_helicoptero-bajo-la-lluvia-y-una-multitud-para-recibir-al.jpg\"\/><span class=\"epigraphe\">Neymar le agradeci\u00f3 al p\u00fablico que llen\u00f3 el Vila Belmiro. EFE\/ Guilherme Dionizio<\/span><span class=\"bkg\"\/><span class=\"picture-open\"><button class=\"open-image\" aria-label=\"Open Image\"\/><\/span><\/picture><\/div>\n<div class=\"sc-80531b6b-0 chRIGJ container-text text-embed\">\n<p><strong><em>&#8220;Estoy muy contento, estoy muy feliz&#8221;<\/em><\/strong>, fue lo que le sali\u00f3 decir a Neymar tras secarse las l\u00e1grimas, en el centro de la cancha, con la camiseta albinegra y la vincha con la sentencia <em>&#8220;100 % Jes\u00fas&#8221;<\/em>.<\/p>\n<\/div>\n<div class=\"sc-80531b6b-0 chRIGJ container-text text-embed\">\n<p>Prometi\u00f3 <strong>&#8220;fuerza, garra, determinaci\u00f3n, fe y osad\u00eda&#8221;<\/strong> mientras miles de personas coreaban su nombre. Junto al escenario, una camiseta enorme del Santos y la frase &#8220;me voy, pero volver\u00e9&#8221; que hab\u00eda pronunciado al momento de la despedida.<\/p>\n<\/div>\n<div class=\"sc-198be8ec-0 cynXbu image-embed  image-embed \"><picture class=\"sc-198be8ec-1 kOjRiQ\"><source media=\"(min-width: 975px)\" width=\"720\" height=\"480\" \/><img alt=\"Neymar, en su regreso a Santos. REUTERS\/Carla Carniel\" loading=\"lazy\" width=\"720\" height=\"480\" decoding=\"async\" data-nimg=\"1\" style=\"color:transparent\" src=\"https:\/\/13.com.ar\/wp-content\/uploads\/2025\/01\/1738374599_180_helicoptero-bajo-la-lluvia-y-una-multitud-para-recibir-al.jpg\"\/><span class=\"epigraphe\">Neymar, en su regreso a Santos. REUTERS\/Carla Carniel<\/span><span class=\"bkg\"\/><span class=\"picture-open\"><button class=\"open-image\" aria-label=\"Open Image\"\/><\/span><\/picture><\/div>\n<div class=\"sc-80531b6b-0 chRIGJ container-text text-embed\">\n<p>Neymar lleg\u00f3 el viernes a Brasil desde Arabia Saudita tras rescindir su contrato con el Al-Hilal y se entreg\u00f3 a las masas. Entr\u00f3 al estadio acompa\u00f1ado por Edinho, hijo de Pel\u00e9, de sus amigos y su familia. Rez\u00f3 y sali\u00f3 a la cancha. Pero desde que pis\u00f3 su pa\u00eds, todo fue un homenaje constante. Y publicidad.<\/p>\n<\/div>\n<div class=\"sc-80531b6b-0 chRIGJ container-text text-embed\">\n<p>Al bajar las escalinatas del avi\u00f3n privado recibi\u00f3 un paquete de una plataforma de comercio electr\u00f3nico. Eran los botines de su auspiciante. Esa fue la primera imagen de Neymar en el d\u00eda de su presentaci\u00f3n. <strong>Despu\u00e9s subi\u00f3 a su helic\u00f3ptero con las iniciales &#8220;NJR&#8221; dibujadas en la cola<\/strong> y, al final de la tarde, aterriz\u00f3 sobre el c\u00e9sped de un campo de entrenamiento del Santos para firmar el contrato. Luego, la fiesta en el Vila Belmiro.<\/p>\n<\/div>\n<div class=\"sc-80531b6b-0 chRIGJ container-text text-embed\">\n<p>Ni el aguacero desincentiv\u00f3 a los hinchas m\u00e1s incondicionales que suspiran por revivir los tiempos de oro del<strong> Santos de Neymar<\/strong>. Tampoco a los dirigentes, que esperan un empuj\u00f3n econ\u00f3mico para sanear las maltrechas arcas del club.<\/p>\n<\/div>\n<div class=\"sc-198be8ec-0 cynXbu image-embed  image-embed \"><picture class=\"sc-198be8ec-1 kOjRiQ\"><source media=\"(min-width: 975px)\" width=\"720\" height=\"480\" \/><img alt=\"Neymar y su reverencia ante los hinchas de Santos. Foto: AP \/ Andre Penner\" loading=\"lazy\" width=\"720\" height=\"480\" decoding=\"async\" data-nimg=\"1\" style=\"color:transparent\" src=\"https:\/\/13.com.ar\/wp-content\/uploads\/2025\/01\/1738374599_68_helicoptero-bajo-la-lluvia-y-una-multitud-para-recibir-al.jpg\"\/><span class=\"epigraphe\">Neymar y su reverencia ante los hinchas de Santos. Foto: AP \/ Andre Penner<\/span><span class=\"bkg\"\/><span class=\"picture-open\"><button class=\"open-image\" aria-label=\"Open Image\"\/><\/span><\/picture><\/div>\n<div class=\"sc-80531b6b-0 chRIGJ container-text text-embed\">\n<p>El &#8216;efecto Neymar&#8217; ya se nota. En pocos d\u00edas se multiplic\u00f3 el n\u00famero de socios. La tienda del club se desbord\u00f3 de clientes. Se vende como pan caliente la camiseta su nombre y el 10 a la espalda a 440 reales (unos 75 d\u00f3lares), que casi representan un tercio del salario m\u00ednimo en Brasil. <\/p>\n<\/div>\n<\/div>\n<p><br \/>\n<br \/><a href=\"https:\/\/www.clarin.com\/deportes\/emotivo-regreso-neymar-santos-helicoptero-lluvia-multitud-recibir-principe-volvio-rei_0_6oYHIeCsy4.html\">Fuente Clarin.com <\/a><\/p>\n","protected":false},"excerpt":{"rendered":"<p>Un d\u00eda volvi\u00f3. Pasaron apenas 12 a\u00f1os y parece que fueron mil, o todos los que se necesitan para apreciar el paso del tiempo. Se fue joven, con los pelos fuertes y parados, como una promesa que reubicaba al Santos en el nuevo milenio, despu\u00e9s de O Rei Pel\u00e9 en el siglo pasado. Volvi\u00f3 con [&hellip;]<\/p>\n","protected":false},"author":1,"featured_media":1098,"comment_status":"open","ping_status":"open","sticky":false,"template":"","format":"standard","meta":{"footnotes":""},"categories":[2],"tags":[1063,66,1420,2536,2537,16,2538,1907,2539,73,504],"class_list":["post-1097","post","type-post","status-publish","format-standard","has-post-thumbnail","hentry","category-ultimas-noticias","tag-bajo","tag-como","tag-helicoptero","tag-lluvia","tag-multitud","tag-para","tag-principe","tag-recibir","tag-rei","tag-una","tag-volvio"],"_links":{"self":[{"href":"https:\/\/13.com.ar\/index.php\/wp-json\/wp\/v2\/posts\/1097","targetHints":{"allow":["GET"]}}],"collection":[{"href":"https:\/\/13.com.ar\/index.php\/wp-json\/wp\/v2\/posts"}],"about":[{"href":"https:\/\/13.com.ar\/index.php\/wp-json\/wp\/v2\/types\/post"}],"author":[{"embeddable":true,"href":"https:\/\/13.com.ar\/index.php\/wp-json\/wp\/v2\/users\/1"}],"replies":[{"embeddable":true,"href":"https:\/\/13.com.ar\/index.php\/wp-json\/wp\/v2\/comments?post=1097"}],"version-history":[{"count":0,"href":"https:\/\/13.com.ar\/index.php\/wp-json\/wp\/v2\/posts\/1097\/revisions"}],"wp:featuredmedia":[{"embeddable":true,"href":"https:\/\/13.com.ar\/index.php\/wp-json\/wp\/v2\/media\/1098"}],"wp:attachment":[{"href":"https:\/\/13.com.ar\/index.php\/wp-json\/wp\/v2\/media?parent=1097"}],"wp:term":[{"taxonomy":"category","embeddable":true,"href":"https:\/\/13.com.ar\/index.php\/wp-json\/wp\/v2\/categories?post=1097"},{"taxonomy":"post_tag","embeddable":true,"href":"https:\/\/13.com.ar\/index.php\/wp-json\/wp\/v2\/tags?post=1097"}],"curies":[{"name":"wp","href":"https:\/\/api.w.org\/{rel}","templated":true}]}}