{"id":10969,"date":"2025-03-11T17:41:49","date_gmt":"2025-03-11T20:41:49","guid":{"rendered":"https:\/\/13.com.ar\/index.php\/un-preso-pidio-que-lo-llevaran-al-hospital-se-escapo-y-lo-recapturaron-tras-un-tiroteo\/"},"modified":"2025-03-11T17:41:49","modified_gmt":"2025-03-11T20:41:49","slug":"un-preso-pidio-que-lo-llevaran-al-hospital-se-escapo-y-lo-recapturaron-tras-un-tiroteo","status":"publish","type":"post","link":"https:\/\/13.com.ar\/index.php\/un-preso-pidio-que-lo-llevaran-al-hospital-se-escapo-y-lo-recapturaron-tras-un-tiroteo\/","title":{"rendered":"un preso pidi\u00f3 que lo llevaran al hospital, se escap\u00f3 y lo recapturaron tras un tiroteo"},"content":{"rendered":"<p> <br \/>\n<br \/><img decoding=\"async\" src=\"https:\/\/13.com.ar\/wp-content\/uploads\/2025\/03\/un-preso-pidio-que-lo-llevaran-al-hospital-se-escapo.jpg\" \/><\/p>\n<div>\n<p><strong>&#8220;Tengo una cucaracha en el o\u00eddo y me duele&#8221;,<\/strong> dijo Carlos Sa\u00fal Leguizam\u00f3n (34), preso en Bat\u00e1n. Su queja hizo que lo trataran dentro de la alcaid\u00eda, pero la situaci\u00f3n requer\u00eda asistencia m\u00e9dica espec\u00edfica. Con el supuesto insecto en la oreja, lo llevaron al hospital. Iba con custodia policial, pero la burl\u00f3 y logr\u00f3 escaparse. La huida dur\u00f3 algunas horas. Finalmente, lo recapturaron en la tarde de este martes, luego de tirotearse con la Polic\u00eda.<\/p>\n<\/div>\n<div>\n<p>Leguizam\u00f3n hizo su reclamo el lunes a la tarde en la Alcaid\u00eda Penitenciaria N\u00b044 de Bat\u00e1n, donde cumple detenci\u00f3n preventiva tal como lo hab\u00eda instruido el Juzgado de Garant\u00edas N\u00b06 de esa ciudad en una causa por encubrimiento y hurto. Ante el aparente malestar, las autoridades de la alcaid\u00eda resolvieron trasladarlo primero a la Comisar\u00eda 4ta y luego al Hospital Interzonal General de Agudos (HIGA) Oscar Alende, en el oeste de la ciudad.<\/p>\n<\/div>\n<div>\n<p>Lleg\u00f3 all\u00ed escoltado con custodia policial. Lo atendieron en la guardia de ese hospital, as\u00ed como en la Unidad de Pronta Atenci\u00f3n (UPA) N\u00b013, que est\u00e1 enfrente de la guardia. Lo derivaron consecutivamente de un centro de salud al otro hasta que, por negligencia o complicidad de los agentes que deb\u00edan custodiarlo, se escap\u00f3. <\/p>\n<\/div>\n<div>\n<p>Una versi\u00f3n sobre los hechos afirma que uno de los agentes sufri\u00f3 un ataque de asma mientras participaba del operativo de custodia. En ese momento, mientras la atenci\u00f3n de los otros agentes se repart\u00eda entre Leguizam\u00f3n y el agente, que requer\u00eda hospitalizaci\u00f3n, el preso se libr\u00f3 de sus esposas y comenz\u00f3 a correr por la avenida Juan B. Justo, ante la mirada de testigos y agentes. <\/p>\n<\/div>\n<div>\n<p>Lo cierto es que desde la noche del lunes Leguizam\u00f3n permaneci\u00f3 pr\u00f3fugo y fue intensamente buscado por la polic\u00eda hasta la tarde de este martes, cuando su paradero dej\u00f3 de ser una inc\u00f3gnita: lo encontraron <strong>a menos de 25 cuadras del hospital.<\/strong><\/p>\n<\/div>\n<div>\n<p>Vecinos del barrio Las Heras, de la calle Mac Gaul al 2000, notaron la presencia de patrulleros y agentes de la Polic\u00eda Bonaerense. Un llamado al 911 alert\u00f3 sobre el paradero exacto de Leguizam\u00f3n, que intentaba escabullirse entre las casas. Cercado por la polic\u00eda, inici\u00f3 un tiroteo y hasta hiri\u00f3 a un agente en uno de sus tobillos, por lo que debi\u00f3 ser hospitalizado. Pese al intento de seguir con su huida, a Leguizam\u00f3n lo recapturaron all\u00ed mismo.<\/p>\n<\/div>\n<div>\n<p>El fiscal Alejandro Pellegrinelli, de la Unidad Funcional de Instrucci\u00f3n N\u00b05 de Mar del Plata, dispuso que se comenzara un proceso de investigaci\u00f3n para determinar <strong>si hubo complicidad o negligencia <\/strong>de los agentes policiales que escoltaban a Leguizam\u00f3n mientras era trasladado al HIGA. Adem\u00e1s, formaliz\u00f3 el pedido para que se lo devolviera a la Alcaid\u00eda Penitenciaria N\u00b044 de Bat\u00e1n. Por lo pronto, se le labr\u00f3 un acta por evasi\u00f3n de la autoridad.<\/p>\n<\/div>\n<p><br \/>\n<br \/><a href=\"https:\/\/www.clarin.com\/policiales\/cucaracha-oido-preso-pidio-llevaran-hospital-escapo-recapturaron-tiroteo_0_uGrApprU5o.html\">Fuente Clarin.com <\/a><\/p>\n","protected":false},"excerpt":{"rendered":"<p>&#8220;Tengo una cucaracha en el o\u00eddo y me duele&#8221;, dijo Carlos Sa\u00fal Leguizam\u00f3n (34), preso en Bat\u00e1n. Su queja hizo que lo trataran dentro de la alcaid\u00eda, pero la situaci\u00f3n requer\u00eda asistencia m\u00e9dica espec\u00edfica. Con el supuesto insecto en la oreja, lo llevaron al hospital. Iba con custodia policial, pero la burl\u00f3 y logr\u00f3 escaparse. [&hellip;]<\/p>\n","protected":false},"author":1,"featured_media":10970,"comment_status":"open","ping_status":"open","sticky":false,"template":"","format":"standard","meta":{"footnotes":""},"categories":[2],"tags":[1410,154,11273,318,1909,8052,3572,312],"class_list":["post-10969","post","type-post","status-publish","format-standard","has-post-thumbnail","hentry","category-ultimas-noticias","tag-escapo","tag-hospital","tag-llevaran","tag-pidio","tag-preso","tag-recapturaron","tag-tiroteo","tag-tras"],"_links":{"self":[{"href":"https:\/\/13.com.ar\/index.php\/wp-json\/wp\/v2\/posts\/10969","targetHints":{"allow":["GET"]}}],"collection":[{"href":"https:\/\/13.com.ar\/index.php\/wp-json\/wp\/v2\/posts"}],"about":[{"href":"https:\/\/13.com.ar\/index.php\/wp-json\/wp\/v2\/types\/post"}],"author":[{"embeddable":true,"href":"https:\/\/13.com.ar\/index.php\/wp-json\/wp\/v2\/users\/1"}],"replies":[{"embeddable":true,"href":"https:\/\/13.com.ar\/index.php\/wp-json\/wp\/v2\/comments?post=10969"}],"version-history":[{"count":0,"href":"https:\/\/13.com.ar\/index.php\/wp-json\/wp\/v2\/posts\/10969\/revisions"}],"wp:featuredmedia":[{"embeddable":true,"href":"https:\/\/13.com.ar\/index.php\/wp-json\/wp\/v2\/media\/10970"}],"wp:attachment":[{"href":"https:\/\/13.com.ar\/index.php\/wp-json\/wp\/v2\/media?parent=10969"}],"wp:term":[{"taxonomy":"category","embeddable":true,"href":"https:\/\/13.com.ar\/index.php\/wp-json\/wp\/v2\/categories?post=10969"},{"taxonomy":"post_tag","embeddable":true,"href":"https:\/\/13.com.ar\/index.php\/wp-json\/wp\/v2\/tags?post=10969"}],"curies":[{"name":"wp","href":"https:\/\/api.w.org\/{rel}","templated":true}]}}