{"id":10959,"date":"2025-03-11T17:18:29","date_gmt":"2025-03-11T20:18:29","guid":{"rendered":"https:\/\/13.com.ar\/index.php\/que-hay-detras-de-la-convocatoria-de-hinchas-de-futbol-a-la-marcha-de-jubilados-y-la-advertencia-de-bullrich\/"},"modified":"2025-03-11T17:18:29","modified_gmt":"2025-03-11T20:18:29","slug":"que-hay-detras-de-la-convocatoria-de-hinchas-de-futbol-a-la-marcha-de-jubilados-y-la-advertencia-de-bullrich","status":"publish","type":"post","link":"https:\/\/13.com.ar\/index.php\/que-hay-detras-de-la-convocatoria-de-hinchas-de-futbol-a-la-marcha-de-jubilados-y-la-advertencia-de-bullrich\/","title":{"rendered":"Qu\u00e9 hay detr\u00e1s de la convocatoria de &#8220;hinchas&#8221; de f\u00fatbol a la marcha de jubilados y la advertencia de Bullrich"},"content":{"rendered":"<p> <br \/>\n<\/p>\n<div id=\"cuerpo\">\n<div class=\"sc-80531b6b-0 chRIGJ container-text text-embed\">\n<p>El f\u00fatbol se meti\u00f3 en la marcha de los jubilados y la presencia de los barras inquieta al Gobierno. Seg\u00fan pudo averiguar <strong>Clar\u00edn<\/strong>, creen que el objetivo es generar disturbios. Por eso desde el Ministerio de Seguridad de la Naci\u00f3n que conduce Patricia Bullrich ya se est\u00e1n preparando medidas de contingencia para la prevenci\u00f3n de la violencia: <strong>habr\u00e1 un operativo policial similar a un Supercl\u00e1sico con 1.000 agentes de las Fuerzas Federales. <\/strong>Asimismo, se le aplicar\u00e1n sanciones a los hinchas que infrinjan la ley. No s\u00f3lo ser\u00e1n identificados y detenidos si se comprueba que provocaron incidentes; adem\u00e1s, <strong>hasta podr\u00edan recibir una prohibici\u00f3n de concurrencia para asistir a la cancha.<\/strong><\/p>\n<\/div>\n<div class=\"sc-80531b6b-0 chRIGJ container-text text-embed\">\n<p>M\u00e1s de 15 hinchadas se autoconvocaron para acompa\u00f1ar este mi\u00e9rcoles al grupo de jubilados que se manifiesta cada mi\u00e9rcoles desde las 17 frente al Congreso. La situaci\u00f3n se repite desde que asumi\u00f3 Javier Milei, a pesar de que la clase pasiva arrastra importantes retrasos desde los gobiernos anteriores.<\/p>\n<\/div>\n<div class=\"sc-80531b6b-0 chRIGJ container-text text-embed\">\n<p>Habitualmente, el grupo de jubilados es secundado por el Polo Obrero y organizaciones de izquierda.<strong> La semana pasada estuvo parte de la barra de Chacarita Juniors, cuyo presidente es N\u00e9stor Di Pierro, hombre de Cristina Kirchner, ex director de YPF, ex concejal y diputado por Comodoro Rivadavia. <\/strong>Hubo cruces con la Polic\u00eda y agresiones a los uniformados que terminaron con el intento de restablecer el orden de parte de las autoridades y, como consecuencia, algunos heridos.<\/p>\n<\/div>\n<div class=\"sc-80531b6b-0 chRIGJ container-text text-embed\">\n<p>Hinchas de River, Boca, Independiente, Racing, San Lorenzo, V\u00e9lez, Hurac\u00e1n, Lan\u00fas, Banfield, Gimnasia La Plata, Chacarita, Chicago, Estudiantes de Caseros, Temperley, Almirante Brown, All Boys, Atlanta y Excursionistas, entre otros, aseguraron sus presencias a trav\u00e9s de redes sociales como X e Instagram, donde se exalt\u00f3 la idea de \u201cdefender a los jubilados\u201d de lo que se considera una \u201crepresi\u00f3n policial\u201d.<\/p>\n<\/div>\n<div class=\"sc-80531b6b-0 chRIGJ container-text text-embed\">\n<p>Bullrich fue contundente al respecto. \u201cEstamos trabajando en una resoluci\u00f3n que se conocer\u00e1 en las pr\u00f3ximas horas. Si infringen el art\u00edculo 194 del C\u00f3digo Penal (que establece que es un delito entorpecer el funcionamiento de los transportes o los servicios p\u00fablicos), si tocan la calle o intentan golpear a la Polic\u00eda, por supuesto que los podemos detener\u201d, manifest\u00f3. <\/p>\n<\/div>\n<div class=\"sc-80531b6b-0 chRIGJ container-text text-embed\">\n<p>La ministro ampli\u00f3: \u201cEs <strong>una provocaci\u00f3n total y absoluta<\/strong> que no vamos a aceptar de ninguna manera. Mi intenci\u00f3n era quedarme toda la semana en Bah\u00eda Blanca, pero estoy viendo si voy (a Capital) ma\u00f1ana (mi\u00e9rcoles) a la ma\u00f1ana o a la tarde porque <strong>la intenci\u00f3n de esa marcha es desestabilizadora<\/strong>. Est\u00e1n agitando y nosotros vamos a estar con toda la decisi\u00f3n\u201d. Y le mand\u00f3 un mensaje a los dirigentes: &#8220;Vamos a hablar con los presidentes de los clubes para que se pongan los pantalones&#8221;.<\/p>\n<\/div>\n<div class=\"sc-198be8ec-0 cynXbu image-embed  image-embed \"><picture class=\"sc-198be8ec-1 kOjRiQ\"><source media=\"(min-width: 975px)\" width=\"720\" height=\"480\" \/><img alt=\"Hinchas de Chacarita convocan a la marcha de jubilados\" loading=\"lazy\" width=\"720\" height=\"480\" decoding=\"async\" data-nimg=\"1\" style=\"color:transparent\" src=\"https:\/\/13.com.ar\/wp-content\/uploads\/2025\/03\/Que-hay-detras-de-la-convocatoria-de-hinchas-de-futbol.jpg\"\/><span class=\"epigraphe\">Hinchas de Chacarita convocan a la marcha de jubilados<\/span><span class=\"bkg\"\/><span class=\"picture-open\"><button class=\"open-image\" aria-label=\"Open Image\"\/><\/span><\/picture><\/div>\n<div class=\"sc-80531b6b-0 chRIGJ container-text text-embed\">\n<p><strong>En el Gobierno est\u00e1n convencidos de que se trata de una movilizaci\u00f3n desestabilizadora contra la administraci\u00f3n de Milei, como ocurri\u00f3 con las universidades y la marcha del movimiento LGBT.<\/strong> Y razones no les falta, teniendo en cuenta qui\u00e9nes est\u00e1n detr\u00e1s de la movida. Las barras, habitualmente, funcionan como <strong>punteros del PJ en el conurbano<\/strong>. Por eso mismo, se van a establecer controles en los puntos de acceso de la ciudad. Ser\u00e1 un operativo muy parecido al que custodia los micros cada vez que las hinchadas van a las canchas.<\/p>\n<\/div>\n<div class=\"sc-80531b6b-0 chRIGJ container-text text-embed\">\n<p>Llam\u00f3 la atenci\u00f3n, por ejemplo, el llamado a la convocatoria de Agust\u00edn Ramal, hijo de Marcelo, dirigente trotskista que pertenece al PO. Hincha de Argentinos Juniors, su mensaje se viraliz\u00f3 a trav\u00e9s de las redes sociales.<\/p>\n<\/div>\n<div class=\"sc-80531b6b-0 chRIGJ container-text text-embed\">\n<p>La Coordinadora de los DDHH del F\u00fatbol Argentino, presidida por el camporista Mariano Vignozzi; la Coordinadora de Hinchas que encabeza la Coordinadora de Hinchas de F\u00fatbol, que preside el izquierdista Sergio Smietniansky, una de las caras de la CADeP (Coordinadora Antirrepresiva por los derechos del Pueblo); y la Coordinadora sin Fronteras del F\u00fatbol Femenino llamaron autoconvocarse para este martes.<\/p>\n<\/div>\n<div class=\"sc-80531b6b-0 chRIGJ container-text text-embed\">\n<p>Desde estos organismos aclaran que la movida es espont\u00e1nea y tiene que ver con hinchas genuinos. El Gobierno sabe que habr\u00e1 barras, seg\u00fan la investigaci\u00f3n que realizaron por estas horas. \u201cMuchos son disidentes\u201d, apuntan. Un flyer que se le atribuye a<em> La Doce<\/em> con los colores de Boca, se viraliz\u00f3 en las redes sociales con una imagen y una frase de Diego Maradona en 1992: <em>&#8220;Yo defiendo a los jubilados, c\u00f3mo no los voy a defender. Tenemos que ser muy cagones para no defender a los jubilados\u201d.<\/em><\/p>\n<\/div>\n<div class=\"sc-80531b6b-0 chRIGJ container-text text-embed\">\n<p>\u201cVos pod\u00e9s ser socio de un club, mirar, estar o reclamar, pero no pod\u00e9s ni cortar el tr\u00e1nsito, ni pod\u00e9s tirarle una piedra a una polic\u00eda, como el otro d\u00eda que le rompieron la cabeza a una polic\u00eda, en la \u00faltima donde estaba la barra brava de Chacarita\u201d, enfatiz\u00f3 Bullrich, quien sentenci\u00f3:<strong> &#8220;Ya tenemos el derecho de admisi\u00f3n, le vamos a encontrar algo m\u00e1s si comienzan a ir&#8221;<\/strong>.<\/p>\n<\/div>\n<\/div>\n<p><br \/>\n<br \/><a href=\"https:\/\/www.clarin.com\/deportes\/detras-convocatoria-hinchas-futbol-marcha-jubilados-advertencia-bullrich_0_IPvCd9W852.html\">Fuente Clarin.com <\/a><\/p>\n","protected":false},"excerpt":{"rendered":"<p>El f\u00fatbol se meti\u00f3 en la marcha de los jubilados y la presencia de los barras inquieta al Gobierno. Seg\u00fan pudo averiguar Clar\u00edn, creen que el objetivo es generar disturbios. Por eso desde el Ministerio de Seguridad de la Naci\u00f3n que conduce Patricia Bullrich ya se est\u00e1n preparando medidas de contingencia para la prevenci\u00f3n de [&hellip;]<\/p>\n","protected":false},"author":1,"featured_media":10960,"comment_status":"open","ping_status":"open","sticky":false,"template":"","format":"standard","meta":{"footnotes":""},"categories":[2],"tags":[4431,584,2568,269,2964,942,3593,2560,1126,286],"class_list":["post-10959","post","type-post","status-publish","format-standard","has-post-thumbnail","hentry","category-ultimas-noticias","tag-advertencia","tag-bullrich","tag-convocatoria","tag-detras","tag-futbol","tag-hay","tag-hinchas","tag-jubilados","tag-marcha","tag-que"],"_links":{"self":[{"href":"https:\/\/13.com.ar\/index.php\/wp-json\/wp\/v2\/posts\/10959","targetHints":{"allow":["GET"]}}],"collection":[{"href":"https:\/\/13.com.ar\/index.php\/wp-json\/wp\/v2\/posts"}],"about":[{"href":"https:\/\/13.com.ar\/index.php\/wp-json\/wp\/v2\/types\/post"}],"author":[{"embeddable":true,"href":"https:\/\/13.com.ar\/index.php\/wp-json\/wp\/v2\/users\/1"}],"replies":[{"embeddable":true,"href":"https:\/\/13.com.ar\/index.php\/wp-json\/wp\/v2\/comments?post=10959"}],"version-history":[{"count":0,"href":"https:\/\/13.com.ar\/index.php\/wp-json\/wp\/v2\/posts\/10959\/revisions"}],"wp:featuredmedia":[{"embeddable":true,"href":"https:\/\/13.com.ar\/index.php\/wp-json\/wp\/v2\/media\/10960"}],"wp:attachment":[{"href":"https:\/\/13.com.ar\/index.php\/wp-json\/wp\/v2\/media?parent=10959"}],"wp:term":[{"taxonomy":"category","embeddable":true,"href":"https:\/\/13.com.ar\/index.php\/wp-json\/wp\/v2\/categories?post=10959"},{"taxonomy":"post_tag","embeddable":true,"href":"https:\/\/13.com.ar\/index.php\/wp-json\/wp\/v2\/tags?post=10959"}],"curies":[{"name":"wp","href":"https:\/\/api.w.org\/{rel}","templated":true}]}}