{"id":1087,"date":"2025-01-31T21:23:55","date_gmt":"2025-02-01T00:23:55","guid":{"rendered":"https:\/\/13.com.ar\/index.php\/el-bolson-de-pobreza-que-mas-crecio-en-el-conurbano-donde-la-vida-vale-poco-y-nada\/"},"modified":"2025-01-31T21:23:55","modified_gmt":"2025-02-01T00:23:55","slug":"el-bolson-de-pobreza-que-mas-crecio-en-el-conurbano-donde-la-vida-vale-poco-y-nada","status":"publish","type":"post","link":"https:\/\/13.com.ar\/index.php\/el-bolson-de-pobreza-que-mas-crecio-en-el-conurbano-donde-la-vida-vale-poco-y-nada\/","title":{"rendered":"el bols\u00f3n de pobreza que m\u00e1s creci\u00f3 en el Conurbano donde la vida vale poco y nada"},"content":{"rendered":"<p> <br \/>\n<br \/><img decoding=\"async\" src=\"https:\/\/13.com.ar\/wp-content\/uploads\/2025\/01\/el-bolson-de-pobreza-que-mas-crecio-en-el-Conurbano.jpg\" \/><\/p>\n<div>\n<p><strong>Moreno es el partido m\u00e1s pobre y postergado del Gran Buenos Aires<\/strong>, que es lo mismo que decir que es donde abuelos, adultos y chicos peor viven. El \u00faltimo Censo Nacional arroj\u00f3 que este partido gobernado casi siempre por el peronismo fue el municipio bonaerense con <strong>mayor crecimiento demogr\u00e1fic<\/strong>o desde 2010.<\/p>\n<\/div>\n<div>\n<p><strong>La cantidad de vecinos aument\u00f3 casi el 30% en 12 a\u00f1os. <\/strong>Las estad\u00edsticas actuales acusan 350.000 personas aproximadamente. &#8220;Ven\u00ed a recorrer Moreno y los bolsones de extrema pobreza y gente hacinada. Te asegur\u00f3 que ac\u00e1 vive un 50% m\u00e1s que esa cifra que public\u00f3 el Indec en 2022&#8221;, le asegura a <strong>Clar\u00edn<\/strong> un puntero del PJ nacido en este municipio del borde del Segundo Cord\u00f3n y criado en el barrio m\u00e1s picante: el Cuartel V.<\/p>\n<\/div>\n<div>\n<p>\u00bfM\u00e1s datos? <strong>Ocho de cada diez familias viven sin cloacas.<\/strong> Para que se entienda: la gente hace sus necesidades en un inodoro que al no estar conectado a una red cloacal<strong>, todo se va acumulando en pozos ciegos debajo de las casas.<\/strong> En muchos lugares inundables, donde hay napas subterr\u00e1neas, se lo lleva el agua. Cada seis u ocho meses pasa un cami\u00f3n atmosf\u00e9rico para que con grandes mangueras absorban la caca acumulada.<\/p>\n<\/div>\n<div>\n<p>Seguimos.<strong> Seis de cada diez no cuenta con gas de red<\/strong>. <strong>La gente compra garrafas (mucho m\u00e1s caras por m3 que lo que paga una familia en Recoleta) para cocinar o pegarse una ducha con agua caliente<\/strong>. No se hizo nada o casi nada en la d\u00e9cada ganada kirchnerista, tampoco con Mar\u00eda Eugenia Vidal y menos el cuarto gobierno K.<\/p>\n<\/div>\n<div>\n<p><strong>Entre el 60% y 70% de la calles de Moreno son de tierra. Cuando llueve, las ambulancias y los patrulleros no pueden acceder a los barrios.<\/strong> &#8220;Hace 40 a\u00f1os, Moreno era una zona de quintas, como General Rodriguez. <strong>Se conurbaniz\u00f3 en forma r\u00e1pida, descontrolada y ca\u00f3tica.<\/strong> Por necesidad de la gente y, sobre todo, aprovechamiento pol\u00edtico de los viejos barones del GBA. M\u00e1s pobres dependiendo de la ayuda del gobierno locales significa punteros, aparato y, en definitiva, votos&#8221;, explica un concejal oficialista que defiende la gesti\u00f3n municipal pero critica la represi\u00f3n que la policia provincial despleg\u00f3  este viernes enfrente del Municipio, ante una manifestaci\u00f3n de los deliverys debido al asesinato de un pibe para robarle su moto.<\/p>\n<\/div>\n<div>\n<p>Mariel Fern\u00e1ndez es una ex piquetera del desarticulado Movimiento Evita. Viene de muy abajo.<strong> A su pap\u00e1 lo mataron en el barrio donde viv\u00edan, Cuartel V.<\/strong> Esta casada con el Gringo Castro, el piquetero preferido de Alberto Fern\u00e1ndez durante su gesti\u00f3n. Se tuvieron que mudar por el acecho de los narcos. Con ella como intendenta desde hace cinco a\u00f1os, en ese mismo barrio la gente dice que si hubo progreso, les cuesta verlo.<\/p>\n<\/div>\n<div>\n<p>S\u00ed, se extendieron los parques industriales y, en algo, mejor\u00f3 la cobrabilidad de las tasas comunales. Cuando asumi\u00f3 Fern\u00e1ndez s\u00f3lo el 25% de la gente pagaba el ABL. <strong>Hoy en la Comuna resaltan que lo hace casi el 65%, pero con una peque\u00f1a gran trampa: ese porcentaje s\u00f3lo lo pagan en la A del ABL, que es el Alumbrado. Y lo hacen para que no le corten la luz, ya que viene con la boleta de Edenor. El cumplimiento de Barrido y Limpieza est\u00e1 casi en los mismo porcentajes hist\u00f3ricos.<\/strong><\/p>\n<\/div>\n<div>\n<p>La usurpaci\u00f3n de tierras en Moreno es un problema constante. Es la explicaci\u00f3n del vertiginoso crecimiento demogr\u00e1fico. <strong>Seg\u00fan el \u201cmapa de la pobreza cr\u00f3nica\u201d, elaborado por CIPPEC, el 32% de las viviendas en el territorio son ranchos o casillas con piso de tierra<\/strong>, y m\u00e1s del 80% no tiene acceso a la red cloacal.<\/p>\n<\/div>\n<div>\n<p>Muchos se\u00f1alan que <strong>desde mediados de la d\u00e9cada del 90, bajo la intendencia de uno de los barones m\u00e1s representativos del Conurbano, el tres veces jefe comunal Mariano West, se inici\u00f3 un largo y continuo proceso de expansi\u00f3n demogr\u00e1fica. <\/strong>Otra vez: votos, aparato y presi\u00f3n por el peligro de descontrol y saqueos que pueden voltear gobiernos, como el propio Eduardo Duhalde reconoci\u00f3 que le hicieron a Fernando De La R\u00faa.<\/p>\n<\/div>\n<p><br \/>\n<br \/><a href=\"https:\/\/www.clarin.com\/ciudades\/penosos-numeros-moreno-bolson-pobreza-crecio-conurbano-vida-vale_0_MZDVdwE1vW.html\">Fuente Clarin.com <\/a><\/p>\n","protected":false},"excerpt":{"rendered":"<p>Moreno es el partido m\u00e1s pobre y postergado del Gran Buenos Aires, que es lo mismo que decir que es donde abuelos, adultos y chicos peor viven. El \u00faltimo Censo Nacional arroj\u00f3 que este partido gobernado casi siempre por el peronismo fue el municipio bonaerense con mayor crecimiento demogr\u00e1fico desde 2010. La cantidad de vecinos [&hellip;]<\/p>\n","protected":false},"author":1,"featured_media":1088,"comment_status":"open","ping_status":"open","sticky":false,"template":"","format":"standard","meta":{"footnotes":""},"categories":[2],"tags":[2098,2517,235,743,155,2520,2516,2519,2518,113],"class_list":["post-1087","post","type-post","status-publish","format-standard","has-post-thumbnail","hentry","category-ultimas-noticias","tag-bolson","tag-conurbano","tag-crecio","tag-donde","tag-mas","tag-nada","tag-pobreza","tag-poco","tag-vale","tag-vida"],"_links":{"self":[{"href":"https:\/\/13.com.ar\/index.php\/wp-json\/wp\/v2\/posts\/1087","targetHints":{"allow":["GET"]}}],"collection":[{"href":"https:\/\/13.com.ar\/index.php\/wp-json\/wp\/v2\/posts"}],"about":[{"href":"https:\/\/13.com.ar\/index.php\/wp-json\/wp\/v2\/types\/post"}],"author":[{"embeddable":true,"href":"https:\/\/13.com.ar\/index.php\/wp-json\/wp\/v2\/users\/1"}],"replies":[{"embeddable":true,"href":"https:\/\/13.com.ar\/index.php\/wp-json\/wp\/v2\/comments?post=1087"}],"version-history":[{"count":0,"href":"https:\/\/13.com.ar\/index.php\/wp-json\/wp\/v2\/posts\/1087\/revisions"}],"wp:featuredmedia":[{"embeddable":true,"href":"https:\/\/13.com.ar\/index.php\/wp-json\/wp\/v2\/media\/1088"}],"wp:attachment":[{"href":"https:\/\/13.com.ar\/index.php\/wp-json\/wp\/v2\/media?parent=1087"}],"wp:term":[{"taxonomy":"category","embeddable":true,"href":"https:\/\/13.com.ar\/index.php\/wp-json\/wp\/v2\/categories?post=1087"},{"taxonomy":"post_tag","embeddable":true,"href":"https:\/\/13.com.ar\/index.php\/wp-json\/wp\/v2\/tags?post=1087"}],"curies":[{"name":"wp","href":"https:\/\/api.w.org\/{rel}","templated":true}]}}