{"id":10758,"date":"2025-03-06T20:05:34","date_gmt":"2025-03-06T23:05:34","guid":{"rendered":"https:\/\/13.com.ar\/index.php\/cruceros-de-lujo-varados-por-el-ciclon-alfred-dejan-mas-de-7-000-pasajeros-atrapados\/"},"modified":"2025-03-06T20:05:34","modified_gmt":"2025-03-06T23:05:34","slug":"cruceros-de-lujo-varados-por-el-ciclon-alfred-dejan-mas-de-7-000-pasajeros-atrapados","status":"publish","type":"post","link":"https:\/\/13.com.ar\/index.php\/cruceros-de-lujo-varados-por-el-ciclon-alfred-dejan-mas-de-7-000-pasajeros-atrapados\/","title":{"rendered":"cruceros de lujo varados por el cicl\u00f3n Alfred dejan m\u00e1s de 7.000 pasajeros atrapados"},"content":{"rendered":"<p> <br \/>\n<\/p>\n<div id=\"cuerpo\">\n<div class=\"sc-80531b6b-0 chRIGJ container-text text-embed\">\n<p>Momentos de <strong>tensi\u00f3n y p\u00e1nico<\/strong> vivieron los pasajeros y tripulantes a bordo de un lujoso crucero que navegaba las costas de <strong>S\u00eddney<\/strong>, tras registrarse <strong>un<\/strong> <strong>accidente que dej\u00f3 a<\/strong> <strong>16 personas heridas<\/strong>. Con la llegada del <strong>cicl\u00f3n tropical Alfred<\/strong> a la costa de <strong>Australia<\/strong>, las principales <strong>compa\u00f1\u00edas navieras de lujo<\/strong> se vieron obligadas a <strong>interrumpir sus itinerarios<\/strong>.<\/p>\n<\/div>\n<div class=\"sc-80531b6b-0 chRIGJ container-text text-embed\">\n<p>Una serie de &#8220;<strong>vientos destructivos e inundaciones<\/strong>&#8220;, tal como los defini\u00f3 el primer ministro <strong>Anthony Albanese,<\/strong> sacudi\u00f3 la costa de <strong>Brisbane<\/strong> el jueves por la noche hora local. De acuerdo con las autoridades australianas, <strong>m\u00e1s de 13 millones de personas<\/strong> que habitan<strong> Queensland y Nueva Gales del Sur<\/strong> est\u00e1n <strong>en riesgo<\/strong> a causa de las condiciones clim\u00e1ticas.<\/p>\n<\/div>\n<div class=\"sc-80531b6b-0 chRIGJ container-text text-embed\">\n<p><strong>Se trata del primer cicl\u00f3n que impacta directamente a Brisbane desde Nancy en 1990<\/strong>. Las autoridades ordenaron <strong>el cierre de m\u00e1s de 500 escuelas<\/strong> debido a <strong>las lluvias que<\/strong> <strong>se extender\u00e1n hasta el s\u00e1bado<\/strong>, seg\u00fan explic\u00f3 la Oficina de Meteorolog\u00eda. Los vientos <strong>ser\u00e1n de 95 y hasta 130 kil\u00f3metros<\/strong> por hora, por tratarse de un <strong>cicl\u00f3n de categor\u00eda 2<\/strong>.<\/p>\n<\/div>\n<p><h2>Terror y p\u00e1nico a bordo de un crucero<\/h2>\n<\/p>\n<div class=\"sc-80531b6b-0 chRIGJ container-text text-embed\">\n<p>Los viajeros del <strong>Crown Princess<\/strong>, de la naviera <strong>Princess Cruises<\/strong>, vivieron un momento de horror cuando el barco se top\u00f3 con aguas turbulentas. <strong>La nave se inclin\u00f3 14 grados<\/strong>, lo que desequilibr\u00f3 a los tripulantes y pasajeros. Adem\u00e1s, platos y otros elementos de cocina se vieron destrozados.<\/p>\n<\/div>\n<div class=\"sc-80531b6b-0 chRIGJ container-text text-embed\">\n<p>El cambio de direcci\u00f3n lo gener\u00f3 una r\u00e1faga de viento de unos <strong>130 kil\u00f3metros por hora<\/strong>. Una de las piscinas del crucero se desbord\u00f3 sobre la cubierta, mientras algunos de los pasajeros corr\u00edan a resguardarse. A causa del accidente, <strong>13 pasajeros y tres tripulantes sufrieron heridas. <\/strong><\/p>\n<\/div>\n<div class=\"sc-198be8ec-0 cynXbu image-embed  image-embed \"><picture class=\"sc-198be8ec-1 kOjRiQ\"><source media=\"(min-width: 975px)\" width=\"720\" height=\"480\" \/><img alt=\"Terror a bordo de un crucero: 13 pasajeros y tres tripulantes sufrieron heridas producto de los fuertes vientos.\" loading=\"lazy\" width=\"720\" height=\"480\" decoding=\"async\" data-nimg=\"1\" style=\"color:transparent\" src=\"https:\/\/13.com.ar\/wp-content\/uploads\/2025\/03\/cruceros-de-lujo-varados-por-el-ciclon-Alfred-dejan-mas.jpg\"\/><span class=\"epigraphe\">Terror a bordo de un crucero: 13 pasajeros y tres tripulantes sufrieron heridas producto de los fuertes vientos.<\/span><span class=\"bkg\"\/><span class=\"picture-open\"><button class=\"open-image\" aria-label=\"Open Image\"\/><\/span><\/picture><\/div>\n<div class=\"sc-80531b6b-0 chRIGJ container-text text-embed\">\n<p>\u201cSent\u00ed que el barco se volcaba, luego se inclin\u00f3 m\u00e1s y empez\u00f3 a moverse a gran velocidad. Desde las ventanas del restaurante pod\u00edamos ver el mar elev\u00e1ndose muy alto\u201d, dijo el capit\u00e1n del nav\u00edo, <strong>Martin Wise<\/strong>, seg\u00fan consign\u00f3 el medio mexicano <em>Excelsior<\/em>.<\/p>\n<\/div>\n<p><h2>Embarcaciones varadas en alta mar<\/h2>\n<\/p>\n<div class=\"sc-80531b6b-0 chRIGJ container-text text-embed\">\n<p><strong>El puerto de Brisbane cerr\u00f3<\/strong> a causa del cicl\u00f3n tropical Alfred, que se aproxima por la costa Sunshine Coast. Embarcaciones como Pacific Encounter de P&amp;O Cruises, el Norwegian Sun de Norwegian Cruise Line y Queen Anne de Cunard cancelaron sus recorridos y otras embarcaciones deben esperar en alta mar. Al menos <strong>7.000 pasajeros se vieron afectados<\/strong> por las condiciones clim\u00e1ticas.<\/p>\n<\/div>\n<div class=\"sc-80531b6b-0 chRIGJ container-text text-embed\">\n<p><strong>Carnival Luminosa<\/strong>, que ten\u00eda programado un viaje de tres d\u00edas desde Brisbane el 6 de marzo, cancel\u00f3 sus planes y asegur\u00f3 que devolver\u00e1 el valor de los pasajes a los afectados.<\/p>\n<\/div>\n<div class=\"sc-80531b6b-0 chRIGJ container-text text-embed\">\n<p> \u201cNuestro equipo de operaciones est\u00e1 monitoreando de cerca el cicl\u00f3n Alfred. Dado su recorrido, se espera que impacte directamente en <strong>Brisbane<\/strong>, lo que ha obligado al cierre del puerto. Tras la tormenta, se requerir\u00e1 una <strong>evaluaci\u00f3n de da\u00f1os<\/strong> antes de que podamos recibir autorizaci\u00f3n para regresar. Estimamos que esto podr\u00eda tardar hasta el s\u00e1bado 8 de marzo. Lamentablemente, no tenemos otra opci\u00f3n que cancelar el viaje\u201d, detallaron en un comunicado. <\/p>\n<\/div>\n<div class=\"sc-c2c2a3c6-0 ecgiEX border-video video-embed horizontal border-video video-embed horizontal\">\n<div class=\"sc-c2c2a3c6-1 kQhBlc videoText videoText\">\n<h2>Video<\/h2>\n<p>Las impactantes im\u00e1genes del Cicl\u00f3n Alfred que azota la costa de Australia.<\/p>\n<\/div>\n<\/div>\n<div class=\"sc-80531b6b-0 chRIGJ container-text text-embed\">\n<p>Los cruceros de lujo no son los \u00fanicos afectados. Las <strong>l\u00edneas \u00e1reas tambi\u00e9n cancelaron sus vuelos<\/strong> programados en los aeropuertos de Brisbane y S\u00eddney, lo que afecta a Qantas, Singapore Airlines, Emirates, American, Air Canada, entre otros.<\/p>\n<\/div>\n<div class=\"sc-80531b6b-0 chRIGJ container-text text-embed\">\n<p>El <strong>Aeropuerto de Brisbane<\/strong> inform\u00f3 de 194 vuelos cancelados y 158 retrasados, mientras que en el <strong>Aeropuerto de S\u00eddney<\/strong> 98 viajes fueron cancelados y otros 134 demorados.<\/p>\n<\/div>\n<\/div>\n<p><br \/>\n<br \/><a href=\"https:\/\/www.clarin.com\/internacional\/caos-bordo-cruceros-lujo-varados-ciclon-alfred-dejan-7000-pasajeros-atrapados_0_TRldmiWMat.html\">Fuente Clarin.com <\/a><\/p>\n","protected":false},"excerpt":{"rendered":"<p>Momentos de tensi\u00f3n y p\u00e1nico vivieron los pasajeros y tripulantes a bordo de un lujoso crucero que navegaba las costas de S\u00eddney, tras registrarse un accidente que dej\u00f3 a 16 personas heridas. Con la llegada del cicl\u00f3n tropical Alfred a la costa de Australia, las principales compa\u00f1\u00edas navieras de lujo se vieron obligadas a interrumpir [&hellip;]<\/p>\n","protected":false},"author":1,"featured_media":10759,"comment_status":"open","ping_status":"open","sticky":false,"template":"","format":"standard","meta":{"footnotes":""},"categories":[2],"tags":[11151,10691,8297,11150,7816,259,155,4941,142,8605],"class_list":["post-10758","post","type-post","status-publish","format-standard","has-post-thumbnail","hentry","category-ultimas-noticias","tag-alfred","tag-atrapados","tag-ciclon","tag-cruceros","tag-dejan","tag-lujo","tag-mas","tag-pasajeros","tag-por","tag-varados"],"_links":{"self":[{"href":"https:\/\/13.com.ar\/index.php\/wp-json\/wp\/v2\/posts\/10758","targetHints":{"allow":["GET"]}}],"collection":[{"href":"https:\/\/13.com.ar\/index.php\/wp-json\/wp\/v2\/posts"}],"about":[{"href":"https:\/\/13.com.ar\/index.php\/wp-json\/wp\/v2\/types\/post"}],"author":[{"embeddable":true,"href":"https:\/\/13.com.ar\/index.php\/wp-json\/wp\/v2\/users\/1"}],"replies":[{"embeddable":true,"href":"https:\/\/13.com.ar\/index.php\/wp-json\/wp\/v2\/comments?post=10758"}],"version-history":[{"count":0,"href":"https:\/\/13.com.ar\/index.php\/wp-json\/wp\/v2\/posts\/10758\/revisions"}],"wp:featuredmedia":[{"embeddable":true,"href":"https:\/\/13.com.ar\/index.php\/wp-json\/wp\/v2\/media\/10759"}],"wp:attachment":[{"href":"https:\/\/13.com.ar\/index.php\/wp-json\/wp\/v2\/media?parent=10758"}],"wp:term":[{"taxonomy":"category","embeddable":true,"href":"https:\/\/13.com.ar\/index.php\/wp-json\/wp\/v2\/categories?post=10758"},{"taxonomy":"post_tag","embeddable":true,"href":"https:\/\/13.com.ar\/index.php\/wp-json\/wp\/v2\/tags?post=10758"}],"curies":[{"name":"wp","href":"https:\/\/api.w.org\/{rel}","templated":true}]}}