{"id":1075,"date":"2025-01-31T19:43:10","date_gmt":"2025-01-31T22:43:10","guid":{"rendered":"https:\/\/13.com.ar\/index.php\/cuales-fueron-los-10-modelos-mas-elegidos\/"},"modified":"2025-01-31T19:43:10","modified_gmt":"2025-01-31T22:43:10","slug":"cuales-fueron-los-10-modelos-mas-elegidos","status":"publish","type":"post","link":"https:\/\/13.com.ar\/index.php\/cuales-fueron-los-10-modelos-mas-elegidos\/","title":{"rendered":"cu\u00e1les fueron los 10 modelos m\u00e1s elegidos"},"content":{"rendered":"<p> <br \/>\n<\/p>\n<div id=\"cuerpo\">\n<div class=\"sc-80531b6b-0 chRIGJ container-text text-embed\">\n<p>El a\u00f1o arranc\u00f3 con buenas noticias para el sector automotor. Al anuncio de cambios en los impuestos internos, las primeras de Ford y de Toyota y la quita del arancel de importaci\u00f3n para h\u00edbridos y el\u00e9ctricos, enero cierra con <strong>m\u00e1s del doble de patentamientos<\/strong> que hace exactamente un a\u00f1o.<\/p>\n<\/div>\n<div class=\"sc-80531b6b-0 chRIGJ container-text text-embed\">\n<p>Durante el primer mes del a\u00f1o se registraron en total de 68.988 unidades, esto representa un crecimiento del 103 % respecto de enero de 2024, cuando se hab\u00edan patentado 33.727 veh\u00edculos.<\/p>\n<\/div>\n<div class=\"sc-80531b6b-0 chRIGJ container-text text-embed\">\n<p>Si la comparaci\u00f3n es con diciembre, el crecimiento es del 217 %, ya que en el \u00faltimo mes del a\u00f1o los patentamientos llegaron a 21.602 veh\u00edculos, seg\u00fan inform\u00f3 la Asociaci\u00f3n de Concesionarios de la Rep\u00fablica Argentina (ACARA). Es, adem\u00e1s, <strong>el mejor enero desde 2018<\/strong>, cuando se hab\u00edan registrado 118.924 veh\u00edculos.<\/p>\n<\/div>\n<div class=\"sc-80531b6b-0 chRIGJ container-text text-embed\">\n<p>De esta manera, el arranque del a\u00f1o entusiasma a un sector que recibi\u00f3 de buena manera los anuncios recientes sobre impuestos y que enfila el mercado hacia los pron\u00f3sticos de superar el medio mill\u00f3n de veh\u00edculos vendidos para este a\u00f1o.<\/p>\n<\/div>\n<div class=\"sc-80531b6b-0 chRIGJ container-text text-embed\">\n<p>Esa proyecci\u00f3n cobra m\u00e1s fuerza luego de los anuncios de esta semana en la que los precios de los modelos de gama media-alta bajar\u00e1n y<strong> podr\u00edan ejercer presi\u00f3n hacia abajo<\/strong> en el resto de las gamas m\u00e1s accesibles.<\/p>\n<\/div>\n<p><h2>Los que m\u00e1s vendieron<\/h2>\n<\/p>\n<div class=\"sc-198be8ec-0 cynXbu image-embed  image-embed \"><picture class=\"sc-198be8ec-1 kOjRiQ\"><source media=\"(min-width: 975px)\" width=\"720\" height=\"480\" \/><img alt=\"Volkswagen Amarok, en la cima entre las pickups.\" loading=\"lazy\" width=\"720\" height=\"480\" decoding=\"async\" data-nimg=\"1\" style=\"color:transparent\" src=\"https:\/\/13.com.ar\/wp-content\/uploads\/2025\/01\/cuales-fueron-los-10-modelos-mas-elegidos.jpg\"\/><span class=\"epigraphe\">Volkswagen Amarok, en la cima entre las pickups.<\/span><span class=\"bkg\"\/><span class=\"picture-open\"><button class=\"open-image\" aria-label=\"Open Image\"\/><\/span><\/picture><\/div>\n<div class=\"sc-80531b6b-0 chRIGJ container-text text-embed\">\n<p>Si se analiza los patentamientos de enero por marcas, la sorpresa aparece porque <strong>Toyota (10.429 unidades) no fue empresa que m\u00e1s veh\u00edculos patent\u00f3<\/strong>, como ocurri\u00f3 el a\u00f1o pasado. En este caso qued\u00f3 relegada al segundo puesto.<\/p>\n<\/div>\n<div class=\"sc-80531b6b-0 chRIGJ container-text text-embed\">\n<p>La compa\u00f1\u00eda que m\u00e1s ejemplares registr\u00f3 fue <strong>Volkswagen (11.537)<\/strong>, que mostr\u00f3 una buena performance en general pero que sin dudas su modelo destacado fue la Volkswagen Amarok, que result\u00f3 ser la pickup m\u00e1s elegida en los resultados del primer mes del a\u00f1o. El tercer escal\u00f3n del podio fue para <strong>Fiat (9.319)<\/strong>.<\/p>\n<\/div>\n<div class=\"sc-80531b6b-0 chRIGJ container-text text-embed\">\n<p>El top ten lo completan <strong>Peugeot (8.143), Renault (6.206), Ford (5.419), Chevrolet (3.749), Citro\u00ebn (3.046), Jeep (2.494) y Nissan (1.421)<\/strong>. Menci\u00f3n especial para <strong>Hyundai (380)<\/strong>, que vuelve a ubicarse despu\u00e9s de mucho tiempo entre las 15 marcas m\u00e1s vendidas del pa\u00eds, marcando un crecimiento del 660% respecto de enero del a\u00f1o pasado.<\/p>\n<\/div>\n<div class=\"sc-80531b6b-0 chRIGJ container-text text-embed\">\n<p>A diferencia de lo que ven\u00eda ocurriendo los \u00faltimos meses de 2024, en donde los importados ven\u00edan recuperando terreno, enero cerr\u00f3 con cinco modelos de producci\u00f3n nacional como los m\u00e1s vendidos. De todos modos, en el top ten hay cuatro veh\u00edculos que provienen de Brasil.<\/p>\n<\/div>\n<div class=\"sc-80531b6b-0 chRIGJ container-text text-embed\">\n<p>Para Sebasti\u00e1n Beato, presidente de ACARA, &#8220;los n\u00fameros nos indican que no solo tuvimos el mejor enero de los \u00faltimos 7 a\u00f1os, es el mejor mes en mucho m\u00e1s tiempo porque lo coronamos con el importante anuncio de una baja en la carga impositiva, algo que desde la cadena de valor ven\u00edamos pidiendo desde hace mucho tiempo sin ninguna respuesta&#8221;. <\/p>\n<\/div>\n<div class=\"sc-80531b6b-0 chRIGJ container-text text-embed\">\n<p>Beato record\u00f3 que &#8220;en los \u00faltimos meses destac\u00e1bamos el retorno de la financiaci\u00f3n, que sigue teniendo un rol decisivo para explicar los casi 70.000 veh\u00edculos de enero, la baja de la inflaci\u00f3n y el orden macroecon\u00f3mico alcanzado&#8221;. <\/p>\n<\/div>\n<div class=\"sc-80531b6b-0 chRIGJ container-text text-embed\">\n<p>El titular de la entidad cerr\u00f3 entusiasmado: &#8220;El 2025 comienza as\u00ed con dos grandes noticias para nuestra actividad, el buen impulso de enero y precios en retracci\u00f3n, que van a potenciar un mercado que empieza a mostrar una demanda activa que nos va a acompa\u00f1ar en los pr\u00f3ximos meses&#8221;.<\/p>\n<\/div>\n<p><h2>Los 10 m\u00e1s vendidos de enero 2025<\/h2>\n<\/p>\n<div class=\"sc-198be8ec-0 cynXbu image-embed  image-embed \"><picture class=\"sc-198be8ec-1 kOjRiQ\"><source media=\"(min-width: 975px)\" width=\"720\" height=\"480\" \/><img alt=\"Peugeot 208 GT.\" loading=\"lazy\" width=\"720\" height=\"480\" decoding=\"async\" data-nimg=\"1\" style=\"color:transparent\" src=\"https:\/\/13.com.ar\/wp-content\/uploads\/2025\/01\/1738363390_172_cuales-fueron-los-10-modelos-mas-elegidos.jpg\"\/><span class=\"epigraphe\">Peugeot 208 GT.<\/span><span class=\"bkg\"\/><span class=\"picture-open\"><button class=\"open-image\" aria-label=\"Open Image\"\/><\/span><\/picture><\/div>\n<div class=\"sc-198be8ec-0 cynXbu image-embed  image-embed \"><picture class=\"sc-198be8ec-1 kOjRiQ\"><source media=\"(min-width: 975px)\" width=\"720\" height=\"480\" \/><img alt=\"Fiat Cronos.\" loading=\"lazy\" width=\"720\" height=\"480\" decoding=\"async\" data-nimg=\"1\" style=\"color:transparent\" src=\"https:\/\/13.com.ar\/wp-content\/uploads\/2025\/01\/1738363390_21_cuales-fueron-los-10-modelos-mas-elegidos.jpg\"\/><span class=\"epigraphe\">Fiat Cronos.<\/span><span class=\"bkg\"\/><span class=\"picture-open\"><button class=\"open-image\" aria-label=\"Open Image\"\/><\/span><\/picture><\/div>\n<div class=\"sc-80531b6b-0 chRIGJ container-text text-embed\">\n<p><strong>3- Volkswagen Amarok: <\/strong>3.664<\/p>\n<\/div>\n<div class=\"sc-198be8ec-0 cynXbu image-embed  image-embed \"><picture class=\"sc-198be8ec-1 kOjRiQ\"><source media=\"(min-width: 975px)\" width=\"720\" height=\"480\" \/><img alt=\"Volkswagen Amarok.\" loading=\"lazy\" width=\"720\" height=\"480\" decoding=\"async\" data-nimg=\"1\" style=\"color:transparent\" src=\"https:\/\/13.com.ar\/wp-content\/uploads\/2025\/01\/1738363390_514_cuales-fueron-los-10-modelos-mas-elegidos.jpg\"\/><span class=\"epigraphe\">Volkswagen Amarok.<\/span><span class=\"bkg\"\/><span class=\"picture-open\"><button class=\"open-image\" aria-label=\"Open Image\"\/><\/span><\/picture><\/div>\n<div class=\"sc-198be8ec-0 cynXbu image-embed  image-embed \"><picture class=\"sc-198be8ec-1 kOjRiQ\"><source media=\"(min-width: 975px)\" width=\"720\" height=\"480\" \/><img alt=\"Ford Ranger.\" loading=\"lazy\" width=\"720\" height=\"480\" decoding=\"async\" data-nimg=\"1\" style=\"color:transparent\" src=\"https:\/\/13.com.ar\/wp-content\/uploads\/2025\/01\/1738363390_629_cuales-fueron-los-10-modelos-mas-elegidos.jpg\"\/><span class=\"epigraphe\">Ford Ranger.<\/span><span class=\"bkg\"\/><span class=\"picture-open\"><button class=\"open-image\" aria-label=\"Open Image\"\/><\/span><\/picture><\/div>\n<div class=\"sc-198be8ec-0 cynXbu image-embed  image-embed \"><picture class=\"sc-198be8ec-1 kOjRiQ\"><source media=\"(min-width: 975px)\" width=\"720\" height=\"480\" \/><img alt=\"Toyota HIlux.\" loading=\"lazy\" width=\"720\" height=\"480\" decoding=\"async\" data-nimg=\"1\" style=\"color:transparent\" src=\"https:\/\/13.com.ar\/wp-content\/uploads\/2025\/01\/1738363390_814_cuales-fueron-los-10-modelos-mas-elegidos.jpg\"\/><span class=\"epigraphe\">Toyota HIlux.<\/span><span class=\"bkg\"\/><span class=\"picture-open\"><button class=\"open-image\" aria-label=\"Open Image\"\/><\/span><\/picture><\/div>\n<div class=\"sc-80531b6b-0 chRIGJ container-text text-embed\">\n<p><strong>6- Toyota Corolla Cross: <\/strong>2.644<\/p>\n<\/div>\n<div class=\"sc-198be8ec-0 cynXbu image-embed  image-embed \"><picture class=\"sc-198be8ec-1 kOjRiQ\"><source media=\"(min-width: 975px)\" width=\"720\" height=\"480\" \/><img alt=\"Toyota Corolla Cross.\" loading=\"lazy\" width=\"720\" height=\"480\" decoding=\"async\" data-nimg=\"1\" style=\"color:transparent\" src=\"https:\/\/13.com.ar\/wp-content\/uploads\/2025\/01\/1738363390_538_cuales-fueron-los-10-modelos-mas-elegidos.jpg\"\/><span class=\"epigraphe\">Toyota Corolla Cross.<\/span><span class=\"bkg\"\/><span class=\"picture-open\"><button class=\"open-image\" aria-label=\"Open Image\"\/><\/span><\/picture><\/div>\n<div class=\"sc-80531b6b-0 chRIGJ container-text text-embed\">\n<p><strong>7- Volkswagen Polo: <\/strong>2.434<\/p>\n<\/div>\n<div class=\"sc-198be8ec-0 cynXbu image-embed  image-embed \"><picture class=\"sc-198be8ec-1 kOjRiQ\"><source media=\"(min-width: 975px)\" width=\"720\" height=\"480\" \/><img alt=\"Volkswagen Polo.\" loading=\"lazy\" width=\"720\" height=\"480\" decoding=\"async\" data-nimg=\"1\" style=\"color:transparent\" src=\"https:\/\/13.com.ar\/wp-content\/uploads\/2025\/01\/1738363390_293_cuales-fueron-los-10-modelos-mas-elegidos.jpg\"\/><span class=\"epigraphe\">Volkswagen Polo.<\/span><span class=\"bkg\"\/><span class=\"picture-open\"><button class=\"open-image\" aria-label=\"Open Image\"\/><\/span><\/picture><\/div>\n<div class=\"sc-198be8ec-0 cynXbu image-embed  image-embed \"><picture class=\"sc-198be8ec-1 kOjRiQ\"><source media=\"(min-width: 975px)\" width=\"720\" height=\"480\" \/><img alt=\"Peugeot 2008.\" loading=\"lazy\" width=\"720\" height=\"480\" decoding=\"async\" data-nimg=\"1\" style=\"color:transparent\" src=\"https:\/\/13.com.ar\/wp-content\/uploads\/2025\/01\/1738363390_48_cuales-fueron-los-10-modelos-mas-elegidos.jpg\"\/><span class=\"epigraphe\">Peugeot 2008.<\/span><span class=\"bkg\"\/><span class=\"picture-open\"><button class=\"open-image\" aria-label=\"Open Image\"\/><\/span><\/picture><\/div>\n<div class=\"sc-198be8ec-0 cynXbu image-embed  image-embed \"><picture class=\"sc-198be8ec-1 kOjRiQ\"><source media=\"(min-width: 975px)\" width=\"720\" height=\"480\" \/><img alt=\"Toyota Yaris.\" loading=\"lazy\" width=\"720\" height=\"480\" decoding=\"async\" data-nimg=\"1\" style=\"color:transparent\" src=\"https:\/\/13.com.ar\/wp-content\/uploads\/2025\/01\/1738363390_509_cuales-fueron-los-10-modelos-mas-elegidos.jpg\"\/><span class=\"epigraphe\">Toyota Yaris.<\/span><span class=\"bkg\"\/><span class=\"picture-open\"><button class=\"open-image\" aria-label=\"Open Image\"\/><\/span><\/picture><\/div>\n<div class=\"sc-80531b6b-0 chRIGJ container-text text-embed\">\n<p><strong>10- Chevrolet Tracker: <\/strong>2.018<\/p>\n<\/div>\n<div class=\"sc-198be8ec-0 cynXbu image-embed  image-embed \"><picture class=\"sc-198be8ec-1 kOjRiQ\"><source media=\"(min-width: 975px)\" width=\"720\" height=\"480\" \/><img alt=\"Chevrolet Tracker\" loading=\"lazy\" width=\"720\" height=\"480\" decoding=\"async\" data-nimg=\"1\" style=\"color:transparent\" src=\"https:\/\/13.com.ar\/wp-content\/uploads\/2025\/01\/1738363390_199_cuales-fueron-los-10-modelos-mas-elegidos.jpg\"\/><span class=\"epigraphe\">Chevrolet Tracker<\/span><span class=\"bkg\"\/><span class=\"picture-open\"><button class=\"open-image\" aria-label=\"Open Image\"\/><\/span><\/picture><\/div>\n<div class=\"sc-4306f4f9-0 bAPCpp\">\n<div class=\"inner-card-m\">\n<div class=\"related-content\">\n<p><span class=\"body-title\">Mir\u00e1 tambi\u00e9n<\/span><\/p>\n<h3>An\u00e1lisis de la Ford F-150 Tremor: c\u00f3mo anda la camioneta con mec\u00e1nica imparable y estilo propio<\/h3>\n<source media=\"(min-width: 975px)\" width=\"340\" height=\"340\" \/><img alt=\"An\u00e1lisis de la Ford F-150 Tremor: c\u00f3mo anda la camioneta con mec\u00e1nica imparable y estilo propio\" loading=\"lazy\" width=\"340\" height=\"340\" decoding=\"async\" data-nimg=\"1\" style=\"color:transparent\" src=\"https:\/\/13.com.ar\/wp-content\/uploads\/2025\/01\/1738339048_314_\u00bfSe-viene-una-invasion-china-Nuevos-requisitos-para-importar-autos.jpg\"\/><\/div>\n<\/div>\n<\/div>\n<div class=\"sc-4306f4f9-0 bAPCpp\">\n<div class=\"inner-card-m\">\n<div class=\"related-content\">\n<p><span class=\"body-title\">Mir\u00e1 tambi\u00e9n<\/span><\/p>\n<h3>\u00bfVuelve un auto popular argentino? Citro\u00ebn lo planea revivir por el \u00e9xito de la competencia<\/h3>\n<source media=\"(min-width: 975px)\" width=\"340\" height=\"340\" \/><img alt=\"\u00bfVuelve un auto popular argentino? Citro\u00ebn lo planea revivir por el \u00e9xito de la competencia\" loading=\"lazy\" width=\"340\" height=\"340\" decoding=\"async\" data-nimg=\"1\" style=\"color:transparent\" src=\"https:\/\/13.com.ar\/wp-content\/uploads\/2025\/01\/1738090746_112_excelente-noticia-y-mensaje-a-las-provincias-y-municipios.jpg\"\/><\/div>\n<\/div>\n<\/div>\n<\/div>\n<p><br \/>\n<br \/><a href=\"https:\/\/www.clarin.com\/autos\/venta-autos-0-km-duplico-enero-10-modelos-elegidos_0_v4dOJZLakd.html\">Fuente Clarin.com <\/a><\/p>\n","protected":false},"excerpt":{"rendered":"<p>El a\u00f1o arranc\u00f3 con buenas noticias para el sector automotor. Al anuncio de cambios en los impuestos internos, las primeras de Ford y de Toyota y la quita del arancel de importaci\u00f3n para h\u00edbridos y el\u00e9ctricos, enero cierra con m\u00e1s del doble de patentamientos que hace exactamente un a\u00f1o. Durante el primer mes del a\u00f1o [&hellip;]<\/p>\n","protected":false},"author":1,"featured_media":1076,"comment_status":"open","ping_status":"open","sticky":false,"template":"","format":"standard","meta":{"footnotes":""},"categories":[2],"tags":[224,724,55,28,155,2495],"class_list":["post-1075","post","type-post","status-publish","format-standard","has-post-thumbnail","hentry","category-ultimas-noticias","tag-cuales","tag-elegidos","tag-fueron","tag-los","tag-mas","tag-modelos"],"_links":{"self":[{"href":"https:\/\/13.com.ar\/index.php\/wp-json\/wp\/v2\/posts\/1075","targetHints":{"allow":["GET"]}}],"collection":[{"href":"https:\/\/13.com.ar\/index.php\/wp-json\/wp\/v2\/posts"}],"about":[{"href":"https:\/\/13.com.ar\/index.php\/wp-json\/wp\/v2\/types\/post"}],"author":[{"embeddable":true,"href":"https:\/\/13.com.ar\/index.php\/wp-json\/wp\/v2\/users\/1"}],"replies":[{"embeddable":true,"href":"https:\/\/13.com.ar\/index.php\/wp-json\/wp\/v2\/comments?post=1075"}],"version-history":[{"count":0,"href":"https:\/\/13.com.ar\/index.php\/wp-json\/wp\/v2\/posts\/1075\/revisions"}],"wp:featuredmedia":[{"embeddable":true,"href":"https:\/\/13.com.ar\/index.php\/wp-json\/wp\/v2\/media\/1076"}],"wp:attachment":[{"href":"https:\/\/13.com.ar\/index.php\/wp-json\/wp\/v2\/media?parent=1075"}],"wp:term":[{"taxonomy":"category","embeddable":true,"href":"https:\/\/13.com.ar\/index.php\/wp-json\/wp\/v2\/categories?post=1075"},{"taxonomy":"post_tag","embeddable":true,"href":"https:\/\/13.com.ar\/index.php\/wp-json\/wp\/v2\/tags?post=1075"}],"curies":[{"name":"wp","href":"https:\/\/api.w.org\/{rel}","templated":true}]}}