{"id":10749,"date":"2025-03-06T19:50:31","date_gmt":"2025-03-06T22:50:31","guid":{"rendered":"https:\/\/13.com.ar\/index.php\/derechos-igualdad-y-autonomia-de-las-mujeres-para-el-avance-de-la-sociedad\/"},"modified":"2025-03-06T19:50:31","modified_gmt":"2025-03-06T22:50:31","slug":"derechos-igualdad-y-autonomia-de-las-mujeres-para-el-avance-de-la-sociedad","status":"publish","type":"post","link":"https:\/\/13.com.ar\/index.php\/derechos-igualdad-y-autonomia-de-las-mujeres-para-el-avance-de-la-sociedad\/","title":{"rendered":"Derechos, igualdad y autonom\u00eda de las mujeres para el avance de la sociedad"},"content":{"rendered":"<p> <br \/>\n<br \/><img decoding=\"async\" src=\"https:\/\/13.com.ar\/wp-content\/uploads\/2025\/03\/Derechos-igualdad-y-autonomia-de-las-mujeres-para-el-avance.jpg\" \/><\/p>\n<div>\n<p>El <strong>D\u00eda Internacional de las Mujeres <\/strong>no es solo una fecha en el calendario, es un recordatorio de lo lejos que hemos llegado como humanidad y de todo lo que a\u00fan queda por hacer. Es una ocasi\u00f3n propicia para recordar los fundamentos centrales de la Organizaci\u00f3n de las Naciones Unidas ya que, en su carta fundacional, los Estados miembros reafirmaron \u201cla fe en los derechos humanos fundamentales, en la dignidad y el valor de la persona humana y en la igualdad de derechos de hombres y mujeres\u201d.<\/p>\n<\/div>\n<div>\n<p>Ocho d\u00e9cadas despu\u00e9s, celebramos los avances logrados por las mujeres y ni\u00f1as en todo el mundo, pero conscientes al mismo tiempo de los m\u00faltiples obst\u00e1culos que a\u00fan persisten para erradicar la discriminaci\u00f3n y las distintas formas de violencia.<\/p>\n<\/div>\n<div>\n<p>La Convenci\u00f3n sobre la Eliminaci\u00f3n de Todas las Formas de Discriminaci\u00f3n contra la Mujer (CEDAW, por su sigla en ingl\u00e9s) -adoptada por la Asamblea General de las Naciones Unidas en 1979- constituy\u00f3 un importante hito para la sociedad global. La CEDAW es el tratado internacional de derechos humanos m\u00e1s importante de la historia para enfrentar todas las formas de discriminaci\u00f3n contra las mujeres. Esta herramienta no es solo una obligaci\u00f3n legal, sino adem\u00e1s una fuente de inspiraci\u00f3n para las pol\u00edticas p\u00fablicas de los pa\u00edses y una referencia para generar cambios en la vida cotidiana de las mujeres.<\/p>\n<\/div>\n<div>\n<p>El 8 de mayo de 1985 el Congreso de la Naci\u00f3n de Argentina adopt\u00f3 la Ley N\u00b023.179 que aprueba la CEDAW y d\u00edas despu\u00e9s se deposit\u00f3 el instrumento de ratificaci\u00f3n ante el Secretario General de Naciones Unidas. Este tratado internacional, que hoy tiene jerarqu\u00eda constitucional en el pa\u00eds, tiene efecto vinculante, es decir, su cumplimiento es obligatorio. En aquellos Estados que la han ratificado -incluyendo Argentina-, la CEDAW ha demostrado ser un instrumento jur\u00eddico y concreto para reducir los efectos de la discriminaci\u00f3n, la violencia, la pobreza y la falta de protecci\u00f3n legal.<\/p>\n<\/div>\n<div>\n<p>Este 2025<strong> se cumplen 40 a\u00f1os de la ratificaci\u00f3n de Argentina de este tratado internacional que ha inspirado numerosas leyes y pol\u00edticas nacionales y locales para la protecci\u00f3n y promoci\u00f3n de derechos de las mujeres.<\/strong> Todo ello, nos invita a reflexionar sobre los avances, pero m\u00e1s a\u00fan sobre los enormes esfuerzos que a\u00fan necesitamos para alcanzar la igualdad, eliminar las violencias y la discriminaci\u00f3n que sufren las mujeres y ni\u00f1as.<\/p>\n<\/div>\n<div>\n<p>En el marco del D\u00eda Internacional de las Mujeres, reiteramos la disposici\u00f3n del Sistema de las Naciones Unidas en Argentina colaborar con las autoridades del Estado, de forma mancomunada con las diferentes representaciones de la sociedad civil, la academia y el sector privado, para continuar avanzando con la implementaci\u00f3n de la CEDAW. Nuestro compromiso es trabajar con nuestros Estados Miembros hacia la adopci\u00f3n de medidas concretas que permitan cambios reales en la vida de las mujeres, cuyos derechos, igualdad y autonom\u00eda son elementos indispensables para el desarrollo. Porque cuando una mujer avanza, avanza toda la sociedad.<\/p>\n<\/div>\n<p><br \/>\n<br \/><a href=\"https:\/\/www.clarin.com\/opinion\/derechos-igualdad-autonomia-mujeres-avance-sociedad_0_i1ZAymPl57.html\">Fuente Clarin.com <\/a><\/p>\n","protected":false},"excerpt":{"rendered":"<p>El D\u00eda Internacional de las Mujeres no es solo una fecha en el calendario, es un recordatorio de lo lejos que hemos llegado como humanidad y de todo lo que a\u00fan queda por hacer. Es una ocasi\u00f3n propicia para recordar los fundamentos centrales de la Organizaci\u00f3n de las Naciones Unidas ya que, en su carta [&hellip;]<\/p>\n","protected":false},"author":1,"featured_media":10750,"comment_status":"open","ping_status":"open","sticky":false,"template":"","format":"standard","meta":{"footnotes":""},"categories":[2],"tags":[4687,3742,3097,3804,48,4354,16,2032],"class_list":["post-10749","post","type-post","status-publish","format-standard","has-post-thumbnail","hentry","category-ultimas-noticias","tag-autonomia","tag-avance","tag-derechos","tag-igualdad","tag-las","tag-mujeres","tag-para","tag-sociedad"],"_links":{"self":[{"href":"https:\/\/13.com.ar\/index.php\/wp-json\/wp\/v2\/posts\/10749","targetHints":{"allow":["GET"]}}],"collection":[{"href":"https:\/\/13.com.ar\/index.php\/wp-json\/wp\/v2\/posts"}],"about":[{"href":"https:\/\/13.com.ar\/index.php\/wp-json\/wp\/v2\/types\/post"}],"author":[{"embeddable":true,"href":"https:\/\/13.com.ar\/index.php\/wp-json\/wp\/v2\/users\/1"}],"replies":[{"embeddable":true,"href":"https:\/\/13.com.ar\/index.php\/wp-json\/wp\/v2\/comments?post=10749"}],"version-history":[{"count":0,"href":"https:\/\/13.com.ar\/index.php\/wp-json\/wp\/v2\/posts\/10749\/revisions"}],"wp:featuredmedia":[{"embeddable":true,"href":"https:\/\/13.com.ar\/index.php\/wp-json\/wp\/v2\/media\/10750"}],"wp:attachment":[{"href":"https:\/\/13.com.ar\/index.php\/wp-json\/wp\/v2\/media?parent=10749"}],"wp:term":[{"taxonomy":"category","embeddable":true,"href":"https:\/\/13.com.ar\/index.php\/wp-json\/wp\/v2\/categories?post=10749"},{"taxonomy":"post_tag","embeddable":true,"href":"https:\/\/13.com.ar\/index.php\/wp-json\/wp\/v2\/tags?post=10749"}],"curies":[{"name":"wp","href":"https:\/\/api.w.org\/{rel}","templated":true}]}}