{"id":10743,"date":"2025-03-06T19:41:31","date_gmt":"2025-03-06T22:41:31","guid":{"rendered":"https:\/\/13.com.ar\/index.php\/el-gobierno-cierra-el-instituto-nacional-del-cancer-y-sus-funciones-las-absorbe-el-ministerio-de-salud\/"},"modified":"2025-03-06T19:41:31","modified_gmt":"2025-03-06T22:41:31","slug":"el-gobierno-cierra-el-instituto-nacional-del-cancer-y-sus-funciones-las-absorbe-el-ministerio-de-salud","status":"publish","type":"post","link":"https:\/\/13.com.ar\/index.php\/el-gobierno-cierra-el-instituto-nacional-del-cancer-y-sus-funciones-las-absorbe-el-ministerio-de-salud\/","title":{"rendered":"El Gobierno cierra el Instituto Nacional del C\u00e1ncer y sus funciones las absorbe el Ministerio de Salud"},"content":{"rendered":"<p> <br \/>\n<br \/><img decoding=\"async\" src=\"https:\/\/13.com.ar\/wp-content\/uploads\/2025\/03\/El-Gobierno-cierra-el-Instituto-Nacional-del-Cancer-y-sus.jpg\" \/><\/p>\n<div>\n<p>El Gobierno anunci\u00f3 este jueves que <strong>cierra el Instituto Nacional del C\u00e1ncer<\/strong> y que sus funciones las absorbe el Ministerio de Salud. Desde el \u00e1rea a cargo de Mario Lugones adujeron que la medida forma parte de una reestructuraci\u00f3n por duplicidad de tareas en el Estado. <strong>&#8220;No afectar\u00e1 la continuidad de ning\u00fan programa&#8221;<\/strong>, sostuvieron.<\/p>\n<\/div>\n<div>\n<p>En el comunicado difundido este jueves, el Ministerio de Salud indic\u00f3 que la medida apunta a &#8220;tener un mayor control de las acciones y cumplir con sus funciones de una manera m\u00e1s eficiente&#8221;. <\/p>\n<\/div>\n<div>\n<p>La cartera que lidera Lugones inform\u00f3 que exist\u00edan &#8220;programas y estructuras duplicadas&#8221;. Y que, luego de hacer un relevamiento en el Instituto, detectaron problemas log\u00edsticos, medicamentos que se entregaban muy cerca de su fecha de vencimiento y compras &#8220;ineficientes&#8221;.  <\/p>\n<\/div>\n<div>\n<p>Las funciones que cumpl\u00eda el Instituto Nacional del C\u00e1ncer ser\u00e1n absorbidas por otras estructuras del Ministerio de Salud.<\/p>\n<\/div>\n<p><br \/>\n<br \/><a href=\"https:\/\/www.clarin.com\/politica\/gobierno-cierra-instituto-nacional-cancer-funciones-absorbe-ministerio-salud_0_iqC51eloFL.html\">Fuente Clarin.com <\/a><\/p>\n","protected":false},"excerpt":{"rendered":"<p>El Gobierno anunci\u00f3 este jueves que cierra el Instituto Nacional del C\u00e1ncer y que sus funciones las absorbe el Ministerio de Salud. Desde el \u00e1rea a cargo de Mario Lugones adujeron que la medida forma parte de una reestructuraci\u00f3n por duplicidad de tareas en el Estado. &#8220;No afectar\u00e1 la continuidad de ning\u00fan programa&#8221;, sostuvieron. En [&hellip;]<\/p>\n","protected":false},"author":1,"featured_media":10744,"comment_status":"open","ping_status":"open","sticky":false,"template":"","format":"standard","meta":{"footnotes":""},"categories":[2],"tags":[11144,1825,6887,100,3504,71,9282,48,6165,2349,243,40],"class_list":["post-10743","post","type-post","status-publish","format-standard","has-post-thumbnail","hentry","category-ultimas-noticias","tag-absorbe","tag-cancer","tag-cierra","tag-del","tag-funciones","tag-gobierno","tag-instituto","tag-las","tag-ministerio","tag-nacional","tag-salud","tag-sus"],"_links":{"self":[{"href":"https:\/\/13.com.ar\/index.php\/wp-json\/wp\/v2\/posts\/10743","targetHints":{"allow":["GET"]}}],"collection":[{"href":"https:\/\/13.com.ar\/index.php\/wp-json\/wp\/v2\/posts"}],"about":[{"href":"https:\/\/13.com.ar\/index.php\/wp-json\/wp\/v2\/types\/post"}],"author":[{"embeddable":true,"href":"https:\/\/13.com.ar\/index.php\/wp-json\/wp\/v2\/users\/1"}],"replies":[{"embeddable":true,"href":"https:\/\/13.com.ar\/index.php\/wp-json\/wp\/v2\/comments?post=10743"}],"version-history":[{"count":0,"href":"https:\/\/13.com.ar\/index.php\/wp-json\/wp\/v2\/posts\/10743\/revisions"}],"wp:featuredmedia":[{"embeddable":true,"href":"https:\/\/13.com.ar\/index.php\/wp-json\/wp\/v2\/media\/10744"}],"wp:attachment":[{"href":"https:\/\/13.com.ar\/index.php\/wp-json\/wp\/v2\/media?parent=10743"}],"wp:term":[{"taxonomy":"category","embeddable":true,"href":"https:\/\/13.com.ar\/index.php\/wp-json\/wp\/v2\/categories?post=10743"},{"taxonomy":"post_tag","embeddable":true,"href":"https:\/\/13.com.ar\/index.php\/wp-json\/wp\/v2\/tags?post=10743"}],"curies":[{"name":"wp","href":"https:\/\/api.w.org\/{rel}","templated":true}]}}