{"id":10741,"date":"2025-03-06T19:38:32","date_gmt":"2025-03-06T22:38:32","guid":{"rendered":"https:\/\/13.com.ar\/index.php\/el-cambio-climatico-una-cruda-realidad\/"},"modified":"2025-03-06T19:38:32","modified_gmt":"2025-03-06T22:38:32","slug":"el-cambio-climatico-una-cruda-realidad","status":"publish","type":"post","link":"https:\/\/13.com.ar\/index.php\/el-cambio-climatico-una-cruda-realidad\/","title":{"rendered":"El cambio clim\u00e1tico, una cruda realidad"},"content":{"rendered":"<p> <br \/>\n<br \/><img decoding=\"async\" src=\"https:\/\/13.com.ar\/wp-content\/uploads\/2025\/03\/El-cambio-climatico-una-cruda-realidad.jpg\" \/><\/p>\n<div id=\"cuerpo\">\n<div class=\"sc-80531b6b-0 chRIGJ container-text text-embed\">\n<p>El Observatorio de los Estados Unidos en  Mauna Loa (Haw\u00e1i), viene midiendo diariamente las emisiones contaminantes acumuladas de CO2 que rodean nuestra Tierra y que permanecer\u00e1n en la atm\u00f3sfera por muchas centurias. Desde que comenzaron  las mediciones en 1956 se han <strong>registrado crecientes aumentos en estas emisiones acumuladas, <\/strong>resultado del  hecho que desde la Revoluci\u00f3n Industrial a\u00f1o a a\u00f1o viene creciendo el flujo anual de estas emisiones contaminantes impulsadas por el crecimiento econ\u00f3mico. y la creciente producci\u00f3n de combustibles f\u00f3siles.<\/p>\n<\/div>\n<div class=\"sc-80531b6b-0 chRIGJ container-text text-embed\">\n<p>Los paneles cient\u00edficos de Naciones Unidas nos vienen alertando, desde hace a\u00f1os, que <strong>para evitar incontrolables desastres clim\u00e1ticos no pod\u00edamos cruzar la barrera de 450 ppm. de CO2 ya acumulada en la atm\u00f3sfera, <\/strong>pero la realidad clim\u00e1tica indica que al actual ritmo de las emisiones contaminantes ya cruzar\u00edamos esta barrera en pocos a\u00f1os en la pr\u00f3xima d\u00e9cada.,<\/p>\n<\/div>\n<div class=\"sc-80531b6b-0 chRIGJ container-text text-embed\">\n<p>La temperatura media global del a\u00f1o pasado\u00a0super\u00f3 el r\u00e9cord de 2023 y <strong>sobrepas\u00f3 el l\u00edmite de mayor calentamiento a largo plazo de 1,5\u00b0C\u00a0que fue establecido en el Acuerdo de Par\u00eds de 2015<\/strong>. Es una grave alerta constatar que el a\u00f1o pasado fue el m\u00e1s caluroso desde fines del siglo 19.<\/p>\n<\/div>\n<div class=\"sc-80531b6b-0 chRIGJ container-text text-embed\">\n<p>La principal raz\u00f3n de estas mayores temperaturas es la creciente acumulaci\u00f3n de gases de efecto invernadero por la quema de carb\u00f3n, petr\u00f3leo y gas, A medida que estos gases contin\u00faan acumul\u00e1ndose en la atm\u00f3sfera, las temperaturas siguen aumentando en los continentes y en los oc\u00e9anos provocando el aumento de los niveles del mar, ya que los glaciares y las capas de hielo contin\u00faan derriti\u00e9ndose a\u00f1o a a\u00f1o.<\/p>\n<\/div>\n<div class=\"sc-80531b6b-0 chRIGJ container-text text-embed\">\n<p>Los \u00faltimos 10 a\u00f1os son los m\u00e1s calurosos que se han registrado seg\u00fan la informaci\u00f3n existente desde el siglo XIX,\u00a0el 10 de julio fue el d\u00eda m\u00e1s caluroso registrado. La aceleraci\u00f3n del aumento de la temperatura global en los \u00faltimos a\u00f1os  genera m\u00e1s da\u00f1os a la propiedad y la salud humana, es una preocupante nueva  realidad para ser enfrentada con un clima nuevo para los que nuestra sociedad no est\u00e1 preparada,<\/p>\n<\/div>\n<div class=\"sc-80531b6b-0 chRIGJ container-text text-embed\">\n<p>Seg\u00fan la Organizaci\u00f3n Mundial de la Salud el cambio clim\u00e1tico es una amenaza para la salud mundial del siglo XXI. La salud es afectada por los cambios de clima a trav\u00e9s de impactos directos (olas de calor, sequ\u00edas, tormentas fuertes) e impactos indirectos (enfermedades de las v\u00edas respiratorias y inseguridad alimentaria y del agua, desnutrici\u00f3n y desplazamientos forzados).<\/p>\n<\/div>\n<div class=\"sc-80531b6b-0 chRIGJ container-text text-embed\">\n<p>La Organizaci\u00f3n Meteorol\u00f3gica Mundial (OMM) ha confirmado que 2024 es el a\u00f1o m\u00e1s c\u00e1lido registrado, bas\u00e1ndose datos internacionales. Los \u00faltimos diez a\u00f1os han estado todos en una racha extraordinaria de temperaturas r\u00e9cord.<\/p>\n<\/div>\n<div class=\"sc-80531b6b-0 chRIGJ container-text text-embed\">\n<p>* Los \u00faltimos diez a\u00f1os, 2015-2024, son los diez a\u00f1os m\u00e1s c\u00e1lidos registrados<\/p>\n<\/div>\n<div class=\"sc-80531b6b-0 chRIGJ container-text text-embed\">\n<p>*.Es probable que hayamos visto el primer a\u00f1o calendario con una temperatura media mundial de m\u00e1s de 1,5 \u00b0C por encima del promedio de 1850-1900.<\/p>\n<\/div>\n<div class=\"sc-80531b6b-0 chRIGJ container-text text-embed\">\n<p>*En 2024 se registraron temperaturas excepcionales de la superficie terrestre y mar\u00edtima y calor oce\u00e1nico.<\/p>\n<\/div>\n<div class=\"sc-80531b6b-0 chRIGJ container-text text-embed\">\n<p>* El objetivo de temperatura a largo plazo del Acuerdo de Par\u00eds a\u00fan no est\u00e1 muerto, pero est\u00e1 en grave peligro.<\/p>\n<\/div>\n<div class=\"sc-80531b6b-0 chRIGJ container-text text-embed\">\n<p>Las consecuencias negativas del cambio clim\u00e1tico han estado fuera de la ponderaci\u00f3n econ\u00f3mica del desarrollo y la inversi\u00f3n, por la simple raz\u00f3n que no se ha incluido el costo de los efectos perjudiciales que este cambio tiene en la salud, la producci\u00f3n, el h\u00e1bitat e incluso en la viabilidad de ciertas naciones que son vulnerables.<\/p>\n<\/div>\n<div class=\"sc-80531b6b-0 chRIGJ container-text text-embed\">\n<p>Ya es cient\u00edficamente evidente que esta externalidad negativa mundial pone en riesgo el clima, que es un bien p\u00fablico global, por esta raz\u00f3n el  reconocimiento o la negaci\u00f3n de esta importante externalidad es crucial a la hora de tratarla.<\/p>\n<\/div>\n<div class=\"sc-80531b6b-0 chRIGJ container-text text-embed\">\n<p>El negacionismo clim\u00e1tico de grupos empresariales que defienden sus intereses econ\u00f3micos<strong> es funcional al agravamiento de la externalidad, afectando a grupos vulnerables del propio pa\u00eds y de otros pa\u00edses y a las futuras generaciones . <\/strong>Fue preocupante que Trump haya iniciado su mandato abandonando el Acuerdo de Paris, dise\u00f1ado para abatir las emisiones contaminantes, esta decisi\u00f3n debilita el esfuerzo global para cuidar el ambiente global,<\/p>\n<\/div>\n<div class=\"sc-80531b6b-0 chRIGJ container-text text-embed\">\n<p>Tambien<strong> fue preocupante que Milei haya retirado la delegaci\u00f3n argentina de la Conferencia de Naciones Unidas sobre el cambio clim\u00e1tico que ten\u00eda lugar en Bak\u00fa, con m\u00e1s de 190 naciones<\/strong>, rechazando adem\u00e1s reiteradamente las evidencias cient\u00edficas sobre la negativa acci\u00f3n humana Es preocupante esta infundada posici\u00f3n frente a esta amenaza a las futuras generaciones<\/p>\n<\/div>\n<div class=\"sc-80531b6b-0 chRIGJ container-text text-embed\">\n<p>El cambio clim\u00e1tico pone en evidencia que una parte de la rentabilidad del uso de los combustibles f\u00f3siles, se logra a expensas del clima del mundo. Estamos frente a una creciente amenaza global hacia la Tierra que exige ser encarada mediante acciones implementadas por todos los pa\u00edses, en el marco de negociaciones internacionales. Esta amenaza ambiental global, requiere una soluci\u00f3n global con compromisos de todas las naciones<\/p>\n<\/div>\n<div class=\"sc-80531b6b-0 chRIGJ container-text text-embed\">\n<p>El cambio clim\u00e1tico es un da\u00f1o intergeneracional, y es un gravoso pasivo que nuestra generaci\u00f3n le est\u00e1 dejando a la pr\u00f3xima. que hoy no tiene voz defensiva.<\/p>\n<\/div>\n<\/div>\n<p><br \/>\n<br \/><a href=\"https:\/\/www.clarin.com\/opinion\/cambio-climatico-cruda-realidad_0_uQrmaasYME.html\">Fuente Clarin.com <\/a><\/p>\n","protected":false},"excerpt":{"rendered":"<p>El Observatorio de los Estados Unidos en Mauna Loa (Haw\u00e1i), viene midiendo diariamente las emisiones contaminantes acumuladas de CO2 que rodean nuestra Tierra y que permanecer\u00e1n en la atm\u00f3sfera por muchas centurias. Desde que comenzaron las mediciones en 1956 se han registrado crecientes aumentos en estas emisiones acumuladas, resultado del hecho que desde la Revoluci\u00f3n [&hellip;]<\/p>\n","protected":false},"author":1,"featured_media":10742,"comment_status":"open","ping_status":"open","sticky":false,"template":"","format":"standard","meta":{"footnotes":""},"categories":[2],"tags":[809,2610,11143,4389,73],"class_list":["post-10741","post","type-post","status-publish","format-standard","has-post-thumbnail","hentry","category-ultimas-noticias","tag-cambio","tag-climatico","tag-cruda","tag-realidad","tag-una"],"_links":{"self":[{"href":"https:\/\/13.com.ar\/index.php\/wp-json\/wp\/v2\/posts\/10741","targetHints":{"allow":["GET"]}}],"collection":[{"href":"https:\/\/13.com.ar\/index.php\/wp-json\/wp\/v2\/posts"}],"about":[{"href":"https:\/\/13.com.ar\/index.php\/wp-json\/wp\/v2\/types\/post"}],"author":[{"embeddable":true,"href":"https:\/\/13.com.ar\/index.php\/wp-json\/wp\/v2\/users\/1"}],"replies":[{"embeddable":true,"href":"https:\/\/13.com.ar\/index.php\/wp-json\/wp\/v2\/comments?post=10741"}],"version-history":[{"count":0,"href":"https:\/\/13.com.ar\/index.php\/wp-json\/wp\/v2\/posts\/10741\/revisions"}],"wp:featuredmedia":[{"embeddable":true,"href":"https:\/\/13.com.ar\/index.php\/wp-json\/wp\/v2\/media\/10742"}],"wp:attachment":[{"href":"https:\/\/13.com.ar\/index.php\/wp-json\/wp\/v2\/media?parent=10741"}],"wp:term":[{"taxonomy":"category","embeddable":true,"href":"https:\/\/13.com.ar\/index.php\/wp-json\/wp\/v2\/categories?post=10741"},{"taxonomy":"post_tag","embeddable":true,"href":"https:\/\/13.com.ar\/index.php\/wp-json\/wp\/v2\/tags?post=10741"}],"curies":[{"name":"wp","href":"https:\/\/api.w.org\/{rel}","templated":true}]}}