{"id":10739,"date":"2025-03-06T19:35:29","date_gmt":"2025-03-06T22:35:29","guid":{"rendered":"https:\/\/13.com.ar\/index.php\/la-derrota-de-river-dejo-en-el-centro-de-la-tormenta-a-los-jugadores-pero-por-primera-vez-tambien-las-criticas-le-llegaron-a-marcelo-gallardo\/"},"modified":"2025-03-06T19:35:29","modified_gmt":"2025-03-06T22:35:29","slug":"la-derrota-de-river-dejo-en-el-centro-de-la-tormenta-a-los-jugadores-pero-por-primera-vez-tambien-las-criticas-le-llegaron-a-marcelo-gallardo","status":"publish","type":"post","link":"https:\/\/13.com.ar\/index.php\/la-derrota-de-river-dejo-en-el-centro-de-la-tormenta-a-los-jugadores-pero-por-primera-vez-tambien-las-criticas-le-llegaron-a-marcelo-gallardo\/","title":{"rendered":"La derrota de River dej\u00f3 en el centro de la tormenta a los jugadores, pero por primera vez tambi\u00e9n las cr\u00edticas le llegaron a Marcelo Gallardo"},"content":{"rendered":"<p> <br \/>\n<\/p>\n<div id=\"cuerpo\">\n<div class=\"sc-80531b6b-0 chRIGJ container-text text-embed\">\n<p>Hasta el momento, <strong>Marcelo Gallardo<\/strong> le da la raz\u00f3n a aquel refr\u00e1n que dice que <em>\u201csegundas partes no fueron buenas\u201d<\/em>. No siempre sucede as\u00ed pero, a siete meses de su regreso, el segundo ciclo del <em>Mu\u00f1eco<\/em> como t\u00e9cnico de <strong>River<\/strong> asoma sin rumbo. La derrota por penales ante Talleres por la Supercopa Internacional en Asunci\u00f3n expuso todas las falencias del plantel e hizo que el volc\u00e1n entrara en erupci\u00f3n, algo que era previsible por c\u00f3mo ven\u00eda jugando el equipo.<\/p>\n<\/div>\n<div class=\"sc-80531b6b-0 chRIGJ container-text text-embed\">\n<p>Si Facundo Colidio hubiese metido el quinto penal y River se hubiera quedado con la Copa en juego, el humor ser\u00eda diferente, claro, y se habr\u00eda evitado que la lava fuera expulsada, pero no hubiese cambiado el concepto. <strong>River jug\u00f3 en Paraguay uno de los peores partidos en a\u00f1os.<\/strong> No pate\u00f3 al arco. Apenas le acert\u00f3 a los tres palos con un cabezazo de Miguel Borja que qued\u00f3 en las manos de Guido Herrera. Fue un equipo que, como dijo el <em>Mu\u00f1eco<\/em> en conferencia de prensa, no representa al hincha.<\/p>\n<\/div>\n<div class=\"sc-80531b6b-0 chRIGJ container-text text-embed\">\n<p>A la luz de los hechos, es, evidentemente, <strong>el momento m\u00e1s cr\u00edtico de Gallardo en River<\/strong>. Porque \u00e9l es el autor ideol\u00f3gico de este equipo sin <em>\u201crepresentatividad\u201d<\/em>, que en el campo de juego de La Nueva Olla no estuvo a la altura de lo que marca su historia. Y con una inversi\u00f3n de casi 40 millones de d\u00f3lares en los \u00faltimos dos mercados de pases. <strong>\u201cSoy la persona m\u00e1s inc\u00f3moda cuando las cosas no salen\u201d<\/strong>, afirm\u00f3 el oriundo de Merlo.<\/p>\n<\/div>\n<div class=\"sc-198be8ec-0 cynXbu image-embed  image-embed \"><picture class=\"sc-198be8ec-1 kOjRiQ\"><source media=\"(min-width: 975px)\" width=\"720\" height=\"480\" \/><img alt=\"Gallardo en La Nueva Olla de Asunci\u00f3n, durante la final de la Supercopa Internacional. (AP)\" loading=\"lazy\" width=\"720\" height=\"480\" decoding=\"async\" data-nimg=\"1\" style=\"color:transparent\" src=\"https:\/\/13.com.ar\/wp-content\/uploads\/2025\/03\/La-derrota-de-River-dejo-en-el-centro-de-la.jpg\"\/><span class=\"epigraphe\">Gallardo en La Nueva Olla de Asunci\u00f3n, durante la final de la Supercopa Internacional. (AP)<\/span><span class=\"bkg\"\/><span class=\"picture-open\"><button class=\"open-image\" aria-label=\"Open Image\"\/><\/span><\/picture><\/div>\n<div class=\"sc-80531b6b-0 chRIGJ container-text text-embed\">\n<p>Esta situaci\u00f3n, de un River ap\u00e1tico, ins\u00edpido, sin creatividad, sin sorpresa y que no da la talla en partidos clave, es una continuidad de los \u00faltimos tiempos, que ya viene desde el ciclo de <strong>Mart\u00edn Demichelis<\/strong>. Porque si Gallardo est\u00e1 hoy en el banco de suplentes de River nuevamente, es porque <em>Micho<\/em> se manc\u00f3. Despu\u00e9s de un primer semestre en el que fue campe\u00f3n, el equipo del ahora DT de Rayados de Monterrey involucion\u00f3 y tuvo derrotas muy feas.<\/p>\n<\/div>\n<div class=\"sc-80531b6b-0 chRIGJ container-text text-embed\">\n<p>Se supon\u00eda que con Gallardo las cosas iban a mejorar. \u00bfQui\u00e9n pod\u00eda pensar lo contrario? Sin embargo, el f\u00fatbol no es lineal. A veces no tiene l\u00f3gica. Y tampoco es un deporte de repetici\u00f3n. Te puede ir muy bien en un momento y en otro no y viceversa.<\/p>\n<\/div>\n<div class=\"sc-80531b6b-0 chRIGJ container-text text-embed\">\n<p>Lo cierto es que el Mu\u00f1eco no pudo todav\u00eda modificar la historia. Y si bien<strong> los apuntados por los hinchas son los jugadores,<\/strong> el t\u00e9cnico est\u00e1 recibiendo algunos cuestionamientos. Ya sea por la banca excesiva a algunos futbolistas que no responden, por la falta de juego del equipo, por los cambios en los que no da en la tecla o por el error de diagn\u00f3stico en el mercado de pases, donde al menos le falt\u00f3 un volante con m\u00e1s juego y un \u201c9\u201d.<\/p>\n<\/div>\n<div class=\"sc-198be8ec-0 cynXbu image-embed  image-embed \"><picture class=\"sc-198be8ec-1 kOjRiQ\"><source media=\"(min-width: 975px)\" width=\"720\" height=\"480\" \/><img alt=\"Gallardo, preocupado en Paraguay. EFE\/ Juan Pablo Pino\" loading=\"lazy\" width=\"720\" height=\"480\" decoding=\"async\" data-nimg=\"1\" style=\"color:transparent\" src=\"https:\/\/13.com.ar\/wp-content\/uploads\/2025\/03\/1741300529_16_La-derrota-de-River-dejo-en-el-centro-de-la.jpg\"\/><span class=\"epigraphe\">Gallardo, preocupado en Paraguay. EFE\/ Juan Pablo Pino<\/span><span class=\"bkg\"\/><span class=\"picture-open\"><button class=\"open-image\" aria-label=\"Open Image\"\/><\/span><\/picture><\/div>\n<div class=\"sc-80531b6b-0 chRIGJ container-text text-embed\">\n<p>Los n\u00fameros, adem\u00e1s, tambi\u00e9n son elocuentes. <strong>Gallardo lleva 33 partidos en su segundo ciclo y tiene un porcentaje de puntos bastante menor a la misma cantidad de encuentros de su primer ciclo.<\/strong> En este segundo cap\u00edtulo gan\u00f3 y empat\u00f3 14 y perdi\u00f3 5. Es decir, cosech\u00f3 el 57 por ciento de los puntos y no obtuvo ning\u00fan t\u00edtulo. En su primer ciclo, hab\u00eda ganado 20, empatado 11 y perdido 2, lo que le daba un saldo del 72% y conquist\u00f3 dos trofeos: la Copa Sudamericana y la Recopa.<\/p>\n<\/div>\n<div class=\"sc-80531b6b-0 chRIGJ container-text text-embed\">\n<p>Incluso, la primera parte del ciclo de Demichelis tuvo n\u00fameros importantes. Fue durante el primer semestre de 2023, en el que logr\u00f3 la Liga Profesional. En ese lapso tuvo el 74% de las unidades en juego.<\/p>\n<\/div>\n<div class=\"sc-80531b6b-0 chRIGJ container-text text-embed\">\n<p>Gallardo prepara un golpe de tim\u00f3n para tratar de revertir la situaci\u00f3n actual. <em>\u201cCuando uno como entrenador observa que no salen las ideas que nos ha identificado, hay que seguir insistiendo. He pasado por momentos negativos en mis a\u00f1os de gesti\u00f3n. Nada que desconozca. Cuando las cosas no salen hay que seguir insistiendo. Y si hay que cambiar, hay que cambiar. Despu\u00e9s veremos cu\u00e1les son los nombres para tratar de exigir lo que estamos acostumbrados. Y ver las improntas del futbolista, que tiene que advertir que el mensaje que tenemos que transmitir es otro\u201d<\/em>, asegur\u00f3 el Mu\u00f1eco, que fue autocr\u00edtico y baj\u00f3 una l\u00ednea contundente a sus jugadores. <\/p>\n<\/div>\n<div class=\"sc-80531b6b-0 chRIGJ container-text text-embed\">\n<p>Es que dentro de un mes comienza la Copa Libertadores y urge encontrar el equipo. \u00bfPodr\u00e1 dar vuelta la historia? Hasta el momento, el Gallardo de la segunda parte es una sombra del de la primera.<\/p>\n<\/div>\n<\/div>\n<p><br \/>\n<br \/><a href=\"https:\/\/www.clarin.com\/deportes\/derrota-river-dejo-centro-tormenta-jugadores-primera-vez-criticas-llegaron-marcelo-gallardo_0_TNVmPRkj2z.html\">Fuente Clarin.com <\/a><\/p>\n","protected":false},"excerpt":{"rendered":"<p>Hasta el momento, Marcelo Gallardo le da la raz\u00f3n a aquel refr\u00e1n que dice que \u201csegundas partes no fueron buenas\u201d. No siempre sucede as\u00ed pero, a siete meses de su regreso, el segundo ciclo del Mu\u00f1eco como t\u00e9cnico de River asoma sin rumbo. La derrota por penales ante Talleres por la Supercopa Internacional en Asunci\u00f3n [&hellip;]<\/p>\n","protected":false},"author":1,"featured_media":10740,"comment_status":"open","ping_status":"open","sticky":false,"template":"","format":"standard","meta":{"footnotes":""},"categories":[2],"tags":[1601,2761,647,3374,3089,7466,48,3168,28,919,265,142,89,595,440,207,111],"class_list":["post-10739","post","type-post","status-publish","format-standard","has-post-thumbnail","hentry","category-ultimas-noticias","tag-centro","tag-criticas","tag-dejo","tag-derrota","tag-gallardo","tag-jugadores","tag-las","tag-llegaron","tag-los","tag-marcelo","tag-pero","tag-por","tag-primera","tag-river","tag-tambien","tag-tormenta","tag-vez"],"_links":{"self":[{"href":"https:\/\/13.com.ar\/index.php\/wp-json\/wp\/v2\/posts\/10739","targetHints":{"allow":["GET"]}}],"collection":[{"href":"https:\/\/13.com.ar\/index.php\/wp-json\/wp\/v2\/posts"}],"about":[{"href":"https:\/\/13.com.ar\/index.php\/wp-json\/wp\/v2\/types\/post"}],"author":[{"embeddable":true,"href":"https:\/\/13.com.ar\/index.php\/wp-json\/wp\/v2\/users\/1"}],"replies":[{"embeddable":true,"href":"https:\/\/13.com.ar\/index.php\/wp-json\/wp\/v2\/comments?post=10739"}],"version-history":[{"count":0,"href":"https:\/\/13.com.ar\/index.php\/wp-json\/wp\/v2\/posts\/10739\/revisions"}],"wp:featuredmedia":[{"embeddable":true,"href":"https:\/\/13.com.ar\/index.php\/wp-json\/wp\/v2\/media\/10740"}],"wp:attachment":[{"href":"https:\/\/13.com.ar\/index.php\/wp-json\/wp\/v2\/media?parent=10739"}],"wp:term":[{"taxonomy":"category","embeddable":true,"href":"https:\/\/13.com.ar\/index.php\/wp-json\/wp\/v2\/categories?post=10739"},{"taxonomy":"post_tag","embeddable":true,"href":"https:\/\/13.com.ar\/index.php\/wp-json\/wp\/v2\/tags?post=10739"}],"curies":[{"name":"wp","href":"https:\/\/api.w.org\/{rel}","templated":true}]}}