{"id":10735,"date":"2025-03-06T19:14:37","date_gmt":"2025-03-06T22:14:37","guid":{"rendered":"https:\/\/13.com.ar\/index.php\/murio-el-messi-de-los-perros-rescatistas-y-piden-hacerle-una-estatua\/"},"modified":"2025-03-06T19:14:37","modified_gmt":"2025-03-06T22:14:37","slug":"murio-el-messi-de-los-perros-rescatistas-y-piden-hacerle-una-estatua","status":"publish","type":"post","link":"https:\/\/13.com.ar\/index.php\/murio-el-messi-de-los-perros-rescatistas-y-piden-hacerle-una-estatua\/","title":{"rendered":"Muri\u00f3 el &#8220;Messi&#8221; de los perros rescatistas y piden hacerle una estatua"},"content":{"rendered":"<p> <br \/>\n<\/p>\n<div id=\"cuerpo\">\n<div class=\"sc-80531b6b-0 chRIGJ container-text text-embed\">\n<p>Ten\u00eda 12 a\u00f1os cuando falleci\u00f3 y un honorable recorrido como investigador criminal que con el tiempo lo llev\u00f3 a convertirse en uno de los canes rescatistas m\u00e1s famosos de Am\u00e9rica. Durante su vida, el \u00edcono de la Brigada Canina de la Municipalidad de Escobar particip\u00f3 en m\u00e1s de 280 casos. Tambi\u00e9n fue una estrella en Bolivia, Paraguay y Brasil donde gracias a su desarrollado olfato pudo encontrar a personas, tanto v\u00edctimas como responsables de crueles cr\u00edmenes.<\/p>\n<\/div>\n<div class=\"sc-80531b6b-0 chRIGJ container-text text-embed\">\n<p>\u201cFue un h\u00e9roe que dej\u00f3 huella en cada rinc\u00f3n donde pis\u00f3. A lo largo de sus 12 a\u00f1os, se gan\u00f3 el cari\u00f1o y respeto de todos, convirti\u00e9ndose en el Messi de los perros y en un \u00edcono de la Brigada Canina de la Municipalidad\u201d, as\u00ed arranca el mensaje de despidida que el Municipio le dedic\u00f3 a su compa\u00f1ero por las redes.<\/p>\n<\/div>\n<div class=\"sc-198be8ec-0 cynXbu image-embed  image-embed \"><picture class=\"sc-198be8ec-1 kOjRiQ\"><source media=\"(min-width: 975px)\" width=\"720\" height=\"480\" \/><img alt=\"\u201cFue un h\u00e9roe que dej\u00f3 huella en cada rinc\u00f3n donde pis\u00f3&quot;, lo recuerdan\" loading=\"lazy\" width=\"720\" height=\"480\" decoding=\"async\" data-nimg=\"1\" style=\"color:transparent\" src=\"https:\/\/13.com.ar\/wp-content\/uploads\/2025\/03\/Murio-el-Messi-de-los-perros-rescatistas-y-piden-hacerle.jpg\"\/><span class=\"epigraphe\">\u201cFue un h\u00e9roe que dej\u00f3 huella en cada rinc\u00f3n donde pis\u00f3&#8221;, lo recuerdan<\/span><span class=\"bkg\"\/><span class=\"picture-open\"><button class=\"open-image\" aria-label=\"Open Image\"\/><\/span><\/picture><\/div>\n<div class=\"sc-80531b6b-0 chRIGJ container-text text-embed\">\n<p>&#8220;No solo fue un compa\u00f1ero de trabajo, sino que lo adoptamos como parte de nuestra familia y lo consideramos un orgullo escobarense. Por eso, acercamos nuestro m\u00e1s sentido p\u00e9same a Diego Tula y Raquel Peralta, sus entrenadores y cuidadores. Descansa en paz, Bruno, siempre ser\u00e1s nuestro h\u00e9roe&#8221;, expresaban para cerrar la despedida.<\/p>\n<\/div>\n<div class=\"sc-80531b6b-0 chRIGJ container-text text-embed\">\n<p>Se llamaba Bruno, era un Weimaraner nacido en Argentina, entrenado por Diego Tula y familia. Desde que era chico vio que ten\u00eda potencial: \u201cBruno es especialista en buscar el olor de una persona en particular. Todos tenemos un olor particular, es como una huella digital. No hay dos olores iguales en el mundo. Adem\u00e1s, es muy r\u00e1pido para resolver. Hace una excelente discriminaci\u00f3n de olores y puede seguir el rastro de una persona incluso en un veh\u00edculo\u201d.<\/p>\n<\/div>\n<p><h3>El Messi de los perros rastreadores<\/h3>\n<\/p>\n<div class=\"sc-80531b6b-0 chRIGJ container-text text-embed\">\n<p>En muy poco tiempo, se convirti\u00f3 en el mayor especialista del pa\u00eds en rastrear el olor de una persona en particular. El aroma de cada individuo es \u00fanico, como una huella digital. Bruno era el mejor detect\u00e1ndolo y siguiendo su rastro.<\/p>\n<\/div>\n<div class=\"sc-198be8ec-0 cynXbu image-embed  image-embed \"><picture class=\"sc-198be8ec-1 kOjRiQ\"><source media=\"(min-width: 975px)\" width=\"720\" height=\"480\" \/><img alt=\"Gracias a su incre\u00edble olfato logro\u0301 resolver casos de femicidios como rescate de personas\u00a0con\u00a0vida\" loading=\"lazy\" width=\"720\" height=\"480\" decoding=\"async\" data-nimg=\"1\" style=\"color:transparent\" src=\"https:\/\/13.com.ar\/wp-content\/uploads\/2025\/03\/1741299277_541_Murio-el-Messi-de-los-perros-rescatistas-y-piden-hacerle.jpg\"\/><span class=\"epigraphe\">Gracias a su incre\u00edble olfato logro\u0301 resolver casos de femicidios como rescate de personas\u00a0con\u00a0vida<\/span><span class=\"bkg\"\/><span class=\"picture-open\"><button class=\"open-image\" aria-label=\"Open Image\"\/><\/span><\/picture><\/div>\n<div class=\"sc-80531b6b-0 chRIGJ container-text text-embed\">\n<p>La resoluci\u00f3n de un femicidio en 2017 lo transform\u00f3 en leyenda. Este fue el caso de la desaparici\u00f3n de la joven <strong>Anah\u00ed Ben\u00edtez en Lomas de Zamora<\/strong>. En aquel momento la buscaron por el Conurbano y particularmente en la reserva Santa Catalina, al sur de GBA en ese municipio, donde Bruno encontr\u00f3 tanto el olor de Anah\u00ed como el del criminal <strong>Marcos Esteban Baz\u00e1n<\/strong>, hoy preso tras un largo proceso por ese crimen.<\/p>\n<\/div>\n<div class=\"sc-80531b6b-0 chRIGJ container-text text-embed\">\n<p>Otros logros en la lista son el caso <strong>Mat\u00edas V\u00e9lez, el abuelo de Lobos y los femicidios de San Pedro y Lan\u00fas<\/strong>. Tambi\u00e9n durante 2018 particip\u00f3 junto al personal de la divisi\u00f3n canina de la Polic\u00eda Local de Escobar para intimidar a los captores de <strong>Kimey Ferreyra de Moraiz en Quilmes<\/strong> y as\u00ed lograr recuperarlo con vida. Este \u00faltimo es uno de los tantos en los que trabaj\u00f3 para <strong>recuperar v\u00edctimas con vida o en accidentes.<\/strong><\/p>\n<\/div>\n<div class=\"sc-198be8ec-0 cynXbu image-embed  image-embed \"><picture class=\"sc-198be8ec-1 kOjRiQ\"><source media=\"(min-width: 975px)\" width=\"720\" height=\"480\" \/><img alt=\"En Argentina y en otros pa\u00edses de Latinoam\u00e9rica obtuvo reconocimientos\" loading=\"lazy\" width=\"720\" height=\"480\" decoding=\"async\" data-nimg=\"1\" style=\"color:transparent\" src=\"https:\/\/13.com.ar\/wp-content\/uploads\/2025\/03\/1741299277_612_Murio-el-Messi-de-los-perros-rescatistas-y-piden-hacerle.jpg\"\/><span class=\"epigraphe\">En Argentina y en otros pa\u00edses de Latinoam\u00e9rica obtuvo reconocimientos<\/span><span class=\"bkg\"\/><span class=\"picture-open\"><button class=\"open-image\" aria-label=\"Open Image\"\/><\/span><\/picture><\/div>\n<div class=\"sc-80531b6b-0 chRIGJ container-text text-embed\">\n<p>Por todo esto, recibi\u00f3 en Argentina una declaraci\u00f3n de<strong> Benepl\u00e1cito del Congreso Nacional<\/strong> y en otros pa\u00edses de Latinoam\u00e9rica obtuvo el reconocimiento del <strong>Comandante General de la polic\u00eda de \u00e9lite BOPE<\/strong>.<\/p>\n<\/div>\n<div class=\"sc-80531b6b-0 chRIGJ container-text text-embed\">\n<p>Adem\u00e1s, en 2019 recibi\u00f3 una distinci\u00f3n por parte de la <strong>Federaci\u00f3n Cinol\u00f3gica Argentina<\/strong> en reconocimiento a su labor en la <strong>Brigada K9<\/strong>. Este homenaje, realizado en Ingeniero Maschwitz, celebr\u00f3 su compromiso y valent\u00eda en innumerables operativos.<\/p>\n<\/div>\n<p><h3>La plaza Bruno y un posible monumento<\/h3>\n<\/p>\n<div class=\"sc-80531b6b-0 chRIGJ container-text text-embed\">\n<p>Tras su muerte los vecinos de Escobar pidieron a la Comuna un espacio donde brindarle homenaje a su fiel compa\u00f1ero o la <strong>realizaci\u00f3n de un monumento<\/strong>. Hoy en d\u00eda se puede visitar la <strong>\u201cPlaza Bruno\u201d<\/strong> transformada dos a\u00f1os despu\u00e9s de que se jubilara a sus nueve a\u00f1os. En este caso fue el <strong>Municipio de San Fernando<\/strong> quien tom\u00f3 la iniciativa de honrar al rescatista con un espacio verde, <strong>en las calles Santa Rosa y Leopoldo Lugones, en Victoria.<\/strong><\/p>\n<\/div>\n<div class=\"sc-198be8ec-0 cynXbu image-embed  image-embed \"><picture class=\"sc-198be8ec-1 kOjRiQ\"><source media=\"(min-width: 975px)\" width=\"720\" height=\"480\" \/><img alt=\"\u201cPlaza Bruno\u201d, posee una zona para perros con forma de hueso\" loading=\"lazy\" width=\"720\" height=\"480\" decoding=\"async\" data-nimg=\"1\" style=\"color:transparent\" src=\"https:\/\/13.com.ar\/wp-content\/uploads\/2025\/03\/1741299277_838_Murio-el-Messi-de-los-perros-rescatistas-y-piden-hacerle.jpg\"\/><span class=\"epigraphe\">\u201cPlaza Bruno\u201d, posee una zona para perros con forma de hueso<\/span><span class=\"bkg\"\/><span class=\"picture-open\"><button class=\"open-image\" aria-label=\"Open Image\"\/><\/span><\/picture><\/div>\n<div class=\"sc-80531b6b-0 chRIGJ container-text text-embed\">\n<p>&#8220;Trabaj\u00f3 muchos a\u00f1os en operaciones, ayudando a muchas familias. Es un vecino que ha dado mucho, entonces hoy, a punto de terminar su tarea, no hab\u00eda mejor manera de reconocerlo con su nombre en esta plaza al lado del Centro de Atenci\u00f3n Animal, que cuenta con un canil. Agradecemos a Bruno y a su familia por todo lo que han hecho; es un lindo gesto de nuestra ciudad&#8221;, expresaba el intendente Juan Andreotti en la inauguraci\u00f3n.<\/p>\n<\/div>\n<\/div>\n<p><br \/>\n<br \/><a href=\"https:\/\/www.clarin.com\/zonales\/murio-messi-perros-rescatistas-piden-hacerle-estatua_0_kZaKJRQFFo.html\">Fuente Clarin.com <\/a><\/p>\n","protected":false},"excerpt":{"rendered":"<p>Ten\u00eda 12 a\u00f1os cuando falleci\u00f3 y un honorable recorrido como investigador criminal que con el tiempo lo llev\u00f3 a convertirse en uno de los canes rescatistas m\u00e1s famosos de Am\u00e9rica. Durante su vida, el \u00edcono de la Brigada Canina de la Municipalidad de Escobar particip\u00f3 en m\u00e1s de 280 casos. Tambi\u00e9n fue una estrella en [&hellip;]<\/p>\n","protected":false},"author":1,"featured_media":10736,"comment_status":"open","ping_status":"open","sticky":false,"template":"","format":"standard","meta":{"footnotes":""},"categories":[2],"tags":[6339,3328,28,708,611,119,4321,11142,73],"class_list":["post-10735","post","type-post","status-publish","format-standard","has-post-thumbnail","hentry","category-ultimas-noticias","tag-estatua","tag-hacerle","tag-los","tag-messi","tag-murio","tag-perros","tag-piden","tag-rescatistas","tag-una"],"_links":{"self":[{"href":"https:\/\/13.com.ar\/index.php\/wp-json\/wp\/v2\/posts\/10735","targetHints":{"allow":["GET"]}}],"collection":[{"href":"https:\/\/13.com.ar\/index.php\/wp-json\/wp\/v2\/posts"}],"about":[{"href":"https:\/\/13.com.ar\/index.php\/wp-json\/wp\/v2\/types\/post"}],"author":[{"embeddable":true,"href":"https:\/\/13.com.ar\/index.php\/wp-json\/wp\/v2\/users\/1"}],"replies":[{"embeddable":true,"href":"https:\/\/13.com.ar\/index.php\/wp-json\/wp\/v2\/comments?post=10735"}],"version-history":[{"count":0,"href":"https:\/\/13.com.ar\/index.php\/wp-json\/wp\/v2\/posts\/10735\/revisions"}],"wp:featuredmedia":[{"embeddable":true,"href":"https:\/\/13.com.ar\/index.php\/wp-json\/wp\/v2\/media\/10736"}],"wp:attachment":[{"href":"https:\/\/13.com.ar\/index.php\/wp-json\/wp\/v2\/media?parent=10735"}],"wp:term":[{"taxonomy":"category","embeddable":true,"href":"https:\/\/13.com.ar\/index.php\/wp-json\/wp\/v2\/categories?post=10735"},{"taxonomy":"post_tag","embeddable":true,"href":"https:\/\/13.com.ar\/index.php\/wp-json\/wp\/v2\/tags?post=10735"}],"curies":[{"name":"wp","href":"https:\/\/api.w.org\/{rel}","templated":true}]}}